{"id":2952,"date":"2014-10-02T14:18:00","date_gmt":"2014-10-02T12:18:00","guid":{"rendered":"https:\/\/ccoo.app\/barcelona-serveis-municipals\/propuesta-ccoo-en-calendarios-aparcamientos-y-queja-cuadrantes-personal-eventual\/"},"modified":"2014-10-02T14:18:00","modified_gmt":"2014-10-02T12:18:00","slug":"propuesta-ccoo-en-calendarios-aparcamientos-y-queja-cuadrantes-personal-eventual","status":"publish","type":"post","link":"https:\/\/ccoo.app\/barcelona-serveis-municipals\/propuesta-ccoo-en-calendarios-aparcamientos-y-queja-cuadrantes-personal-eventual\/","title":{"rendered":"Propuesta CCOO en calendarios Aparcamientos y Queja cuadrantes personal eventual"},"content":{"rendered":"<div style=\"text-align: justify\">\n<i><b>Reproducimos \u00edntegramente escrito manifestado por CCOO_BSM y entregado a la Direcci\u00f3n de la unidad de aparcamientos, en la reuni\u00f3n de esta ma\u00f1ana de calendarios de aparcamientos.&nbsp;<\/b><\/i><\/div>\n<div style=\"text-align: justify\">\n<i><b><br \/><\/b><\/i><\/div>\n<div style=\"text-align: justify\">\n<\/div>\n<div style=\"text-align: justify\">\n<div style=\"clear: both;text-align: center\">\n<\/div>\n<div style=\"text-align: justify\">\nComo es sabido<br \/>\npor todos, el pr\u00f3ximo mes o a m\u00e1s tardar en enero 2015, la unidad de aparcamientos<br \/>\nde B:SM pierde 15 aparcamientos, m\u00e1s de la mitad son aparcamientos cubiertos<br \/>\npor personal de lunes a s\u00e1bado y otros de lunes a domingo las 24h.<\/div>\n<\/div>\n<div style=\"text-align: justify\">\n<div style=\"text-align: justify\">\n<\/div>\n<\/div>\n<div style=\"text-align: justify\">\n<div style=\"text-align: justify\">\nPor la<br \/>\npresente solicitamos, que a partir de este a\u00f1o 2015 los trabajadores\/as de la<br \/>\nunidad de aparcamientos disfruten de m\u00e1s s\u00e1bados, domingos y festivos libres<br \/>\npor cuadrante, distribuyendo dichas horas por jornada entre semana, al perder<br \/>\nservicios a cubrir tanto en s\u00e1bado como en domingo en los diferentes<br \/>\naparcamientos que ya no gestionaremos desde B:SM.<\/div>\n<\/div>\n<div style=\"text-align: justify\">\n<div style=\"text-align: justify\">\n<\/div>\n<\/div>\n<div style=\"text-align: justify\">\n<div style=\"text-align: justify\">\nEn la<br \/>\nactualidad se trabaja 15 o 16 fines de semana y 4 o 5 festivos y la propuesta<br \/>\nque realizamos desde CCOO, que est\u00e1 abierta al di\u00e1logo y negociaci\u00f3n siempre<br \/>\nque haya voluntad de rebajar fines de semana y festivos a los trabajadores\/as<br \/>\nde aparcamientos es:<\/div>\n<\/div>\n<div style=\"text-align: justify\">\n<div style=\"text-align: justify\">\n<\/div>\n<\/div>\n<div style=\"margin-left: 36.0pt;text-align: justify;text-indent: -18.0pt\">\n<div style=\"text-align: justify\">\n<!--[if !supportLists]--><span style=\"font-family: Symbol\">\u00b7<span style=\"font-family: 'Times New Roman';font-size: 7pt\">&nbsp;&nbsp;&nbsp;&nbsp;&nbsp;&nbsp;&nbsp;<br \/>\n<\/span><\/span><!--[endif]-->11 fines de semana al a\u00f1o y 2 festivos a<br \/>\nrealizar por todo el personal de aparcamientos<\/div>\n<\/div>\n<div style=\"text-align: justify\">\n<div style=\"text-align: justify\">\n<\/div>\n<\/div>\n<div style=\"text-align: justify\">\n<div style=\"text-align: justify\">\n<b>Queja Cuadrantes Personal Eventual<br \/>\nAparcamientos<\/b><\/div>\n<\/div>\n<div style=\"text-align: justify\">\n<div style=\"text-align: justify\">\n<\/div>\n<\/div>\n<div style=\"text-align: justify\">\n<div style=\"clear: both;text-align: center\">\n<\/div>\n<div style=\"text-align: justify\">\nEste a\u00f1o hemos<br \/>\ndetectado como a la mayor\u00eda de trabajadores\/as eventuales (por no decir a<br \/>\ntodos\/as), se les ha establecido un cuadrante totalmente diferente que al resto<br \/>\nde trabajadores\/as estables de la plantilla de aparcamientos, sobre todo en lo<br \/>\nque se refiere al disfrute de fines de semana, oblig\u00e1ndoles a trabajar 1 fin de<br \/>\nsemana si y 1 fin de semana no, mientras el resto de plantilla descansa 2 o 3<br \/>\nfines de semana seg\u00fan cuadrante.<\/div>\n<div style=\"text-align: justify\">\n<\/div>\n<\/div>\n<div style=\"text-align: justify\">\n<div style=\"text-align: justify\">\nA parte de<br \/>\nesto, se les ha procedido a llamar continuamente para que cambien el turno de<br \/>\ntrabajo, con avisos de menos de 12 horas, ni siquiera de 1 d\u00eda para otro.<\/div>\n<div style=\"text-align: justify\">\n<\/div>\n<\/div>\n<div style=\"margin-left: 36.0pt;text-align: justify;text-indent: -18.0pt\">\n<div style=\"text-align: justify\">\n<!--[if !supportLists]--><span style=\"font-family: Symbol\">\u00b7<span style=\"font-family: 'Times New Roman';font-size: 7pt\">&nbsp; <\/span><\/span>Manifestamos nuestra queja y disconformidad, a<br \/>\nque el personal contratado eventualmente se le trate como a un <i>esclavo<\/i>, sabiendo que debe tener las<br \/>\nmismas <b>obligaciones y derechos<\/b> que<br \/>\nel resto de personal de aparcamientos.<\/div>\n<\/div>\n<div style=\"margin-left: 36.0pt;text-align: justify;text-indent: -18.0pt\">\n<div style=\"text-align: justify\">\n<!--[if !supportLists]--><span style=\"font-family: Symbol\">\u00b7<span style=\"font-family: 'Times New Roman';font-size: 7pt\">&nbsp; &nbsp; &nbsp;<\/span><\/span>Tenemos conocimiento que este a\u00f1o, o m\u00e1s en<br \/>\nconcreto este verano ha sido uno de los que m\u00e1s personal eventual se ha<br \/>\nmarchado voluntariamente de aparcamientos, debido a la presi\u00f3n, cambios de<br \/>\nturno y dem\u00e1s condiciones que se les impon\u00edan a diferencia del personal estable<br \/>\nde plantilla.<\/div>\n<\/div>\n<div style=\"text-align: justify\">\n<div style=\"text-align: justify\">\n<\/div>\n<\/div>\n<div style=\"text-align: justify\">\n<div style=\"text-align: justify\">\nTodo esto<br \/>\ndenota una falta de previsi\u00f3n y organizaci\u00f3n notable en la unidad de<br \/>\naparcamientos, que esperamos y confiamos sea puntual, debido al caos generado<br \/>\ncon la privatizaci\u00f3n de la gesti\u00f3n de 15 aparcamientos de B:SM, en caso de volverse<br \/>\na repetir estas situaciones en los tiempos futuros, anunciamos que ejerceremos<br \/>\nlas acciones que consideremos para que no ocurran estos abusos a los<br \/>\ncompa\u00f1eros\/as eventuales, que les recordamos, que bien trabajen 1 d\u00eda, 1 mes, 1<br \/>\na\u00f1o o sean personal indefinido, <b>gozan de<br \/>\nlos mismos derechos y deberes<\/b>, y no pueden ser tratados por ustedes como<br \/>\nmera mercanc\u00eda de trabajo.<\/div>\n<div style=\"text-align: justify\">\n<\/div>\n<div style=\"text-align: justify\">\nEn cuanto a la reuni\u00f3n de hoy, solo podemos manifestar, que la unidad de aparcamientos decide unilateralmente prorrogar los mismos calendarios de este a\u00f1o 2014 para el 2015, sin entrar a valorar ninguna propuesta, pero eso si, siendo conscientes que con la p\u00e9rdida de 15 aparcamientos acabar\u00e1n realizando ajustes de horarios y cuadrantes.<\/div>\n<div style=\"text-align: justify\">\n<\/div>\n<div style=\"text-align: justify\">\nOs seguiremos informando<\/div>\n<\/div>\n","protected":false},"excerpt":{"rendered":"<p>Reproducimos \u00edntegramente escrito manifestado por CCOO_BSM y entregado a la Direcci\u00f3n de la unidad de aparcamientos, en la reuni\u00f3n de esta ma\u00f1ana de calendarios de aparcamientos.&nbsp; Como es sabido por &#8230; <a title=\"Propuesta CCOO en calendarios Aparcamientos y Queja cuadrantes personal eventual\" class=\"read-more\" href=\"https:\/\/ccoo.app\/barcelona-serveis-municipals\/propuesta-ccoo-en-calendarios-aparcamientos-y-queja-cuadrantes-personal-eventual\/\" aria-label=\"M\u00e9s informaci\u00f3 sobre Propuesta CCOO en calendarios Aparcamientos y Queja cuadrantes personal eventual\">Read more<\/a><\/p>\n","protected":false},"author":4519,"featured_media":0,"comment_status":"closed","ping_status":"closed","sticky":false,"template":"","format":"standard","meta":{"footnotes":""},"categories":[1],"tags":[],"class_list":["post-2952","post","type-post","status-publish","format-standard","hentry","category-sin-categoria","generate-columns","tablet-grid-50","mobile-grid-100","grid-parent","grid-33"],"_links":{"self":[{"href":"https:\/\/ccoo.app\/barcelona-serveis-municipals\/wp-json\/wp\/v2\/posts\/2952","targetHints":{"allow":["GET"]}}],"collection":[{"href":"https:\/\/ccoo.app\/barcelona-serveis-municipals\/wp-json\/wp\/v2\/posts"}],"about":[{"href":"https:\/\/ccoo.app\/barcelona-serveis-municipals\/wp-json\/wp\/v2\/types\/post"}],"author":[{"embeddable":true,"href":"https:\/\/ccoo.app\/barcelona-serveis-municipals\/wp-json\/wp\/v2\/users\/4519"}],"replies":[{"embeddable":true,"href":"https:\/\/ccoo.app\/barcelona-serveis-municipals\/wp-json\/wp\/v2\/comments?post=2952"}],"version-history":[{"count":0,"href":"https:\/\/ccoo.app\/barcelona-serveis-municipals\/wp-json\/wp\/v2\/posts\/2952\/revisions"}],"wp:attachment":[{"href":"https:\/\/ccoo.app\/barcelona-serveis-municipals\/wp-json\/wp\/v2\/media?parent=2952"}],"wp:term":[{"taxonomy":"category","embeddable":true,"href":"https:\/\/ccoo.app\/barcelona-serveis-municipals\/wp-json\/wp\/v2\/categories?post=2952"},{"taxonomy":"post_tag","embeddable":true,"href":"https:\/\/ccoo.app\/barcelona-serveis-municipals\/wp-json\/wp\/v2\/tags?post=2952"}],"curies":[{"name":"wp","href":"https:\/\/api.w.org\/{rel}","templated":true}]}}