{"id":2951,"date":"2014-10-09T11:13:00","date_gmt":"2014-10-09T09:13:00","guid":{"rendered":"https:\/\/ccoo.app\/barcelona-serveis-municipals\/reunion-seguridad-area-07-10-2014\/"},"modified":"2014-10-09T11:13:00","modified_gmt":"2014-10-09T09:13:00","slug":"reunion-seguridad-area-07-10-2014","status":"publish","type":"post","link":"https:\/\/ccoo.app\/barcelona-serveis-municipals\/reunion-seguridad-area-07-10-2014\/","title":{"rendered":"Reuni\u00f3n Seguridad AREA 07\/10\/2014"},"content":{"rendered":"<div style=\"clear: both;text-align: center\">\n<\/div>\n<div style=\"text-align: justify\">\n<div style=\"clear: both;text-align: center\">\n<a href=\"http:\/\/3.bp.blogspot.com\/-Cp2-LhxcV1Y\/VKkrpaRAykI\/AAAAAAAAGI0\/IIWDQ_1NN1s\/s1600\/exigimos%2Bseguridad.jpg\" style=\"clear: right;float: right;margin-bottom: 1em;margin-left: 1em\"><img decoding=\"async\" border=\"0\" src=\"http:\/\/3.bp.blogspot.com\/-Cp2-LhxcV1Y\/VKkrpaRAykI\/AAAAAAAAGI0\/IIWDQ_1NN1s\/s1600\/exigimos%2Bseguridad.jpg\" \/><\/a><\/div>\n<p><span lang=\"ES-TRAD\">En la reuni\u00f3n de seguridad mantenida esta<br \/>\nma\u00f1ana, hemos podido observar un cambio de actitud de la empresa respecto a<br \/>\nanteriores reuniones, hecho que nos anima a pensar que podemos encontrarnos en<br \/>\nun clima m\u00e1s favorable al entendimiento y que esperemos de alg\u00fan fruto, prueba<br \/>\nde ello es la cantidad de temas propuestos por la propia empresa y que son:<\/span><\/div>\n<div style=\"text-align: justify\">\n<\/div>\n<ol start=\"1\" style=\"margin-top: 0cm\" type=\"1\">\n<li style=\"text-align: justify\"><span lang=\"ES-TRAD\">&nbsp;Se nos ha hecho entrega el informe CIFE,<br \/>\n     sobre el que se nos ha pedido&nbsp; la<br \/>\n     confidencialidad y el sigilo al que, seg\u00fan ellos, nos obliga el Estatuto<br \/>\n     de los Trabajadores. En ese sentido, aunque no estemos de acuerdo con la<br \/>\n     necesidad de dicho sigilo, debemos ser prudentes, por lo que no<br \/>\n     difundiremos el informe.<\/span>&nbsp;<\/li>\n<\/ol>\n<ol start=\"2\" style=\"margin-top: 0cm\" type=\"1\">\n<li style=\"text-align: justify\"><span lang=\"ES-TRAD\">Se nos ha propuesto mejorar<br \/>\n     el actual protocolo de seguridad de \u00c1rea, solicitando la colaboraci\u00f3n de<br \/>\n     los delegados. Por lo que en breve, nos pondremos a trabajar sobre el<br \/>\n     mismo.<\/span><\/li>\n<\/ol>\n<ol start=\"3\" style=\"margin-top: 0cm\" type=\"1\">\n<li style=\"text-align: justify\"><span lang=\"ES-TRAD\">Nos informan que han<br \/>\n     solicitado un informe t\u00e9cnico de c\u00f3mo conseguir la protecci\u00f3n legal de un<br \/>\n     agente de la autoridad.<\/span><\/li>\n<\/ol>\n<ol start=\"4\" style=\"margin-top: 0cm\" type=\"1\">\n<li style=\"text-align: justify\"><span lang=\"ES-TRAD\">Se propone una campa\u00f1a dentro<br \/>\n     del departamento, para concienciar a los vigilantes de la importancia de<br \/>\n     ciertos aspectos de la seguridad.<\/span><\/li>\n<\/ol>\n<ol start=\"5\" style=\"margin-top: 0cm\" type=\"1\">\n<li style=\"text-align: justify\"><span lang=\"ES-TRAD\">Se nos comunica, que el<br \/>\n     pr\u00f3ximo 29 de octubre, se dar\u00e1 formaci\u00f3n a 14 de los vigilantes que no<br \/>\n     pudieron asistir al curso de CIFE.<\/span><\/li>\n<\/ol>\n<ol start=\"6\" style=\"margin-top: 0cm\" type=\"1\">\n<li style=\"text-align: justify\"><span lang=\"ES-TRAD\">Se nos ha informado que<br \/>\n     est\u00e1 previsto continuar con la formaci\u00f3n que se imparti\u00f3, para poder<br \/>\n     profundizar en determinados aspectos.<\/span><\/li>\n<\/ol>\n<ol start=\"7\" style=\"margin-top: 0cm\" type=\"1\">\n<li style=\"text-align: justify\"><span lang=\"ES-TRAD\">Se valora incorporar a esa<br \/>\n     formaci\u00f3n, un curso espec\u00edfico de primeros auxilios.<\/span><\/li>\n<\/ol>\n<ol start=\"8\" style=\"margin-top: 0cm\" type=\"1\">\n<li style=\"text-align: justify\"><span lang=\"ES-TRAD\">Se ha solicitado<br \/>\n     informaci\u00f3n al departamento jur\u00eddico para trabajar en la protecci\u00f3n de<br \/>\n     datos en las denuncias, juicios y mutua. En este sentido, la Secci\u00f3n<br \/>\n     Sindical de CCOO ha solicitado que se estudie especialmente poder<br \/>\n     denunciar y asistir a juicio con el n\u00famero de placa.<\/span><\/li>\n<\/ol>\n<ol start=\"9\" style=\"margin-top: 0cm\" type=\"1\">\n<li style=\"text-align: justify\"><span lang=\"ES-TRAD\">Se est\u00e1 recabando<br \/>\n     informaci\u00f3n de c\u00f3mo poder localizar al vigilante por GPS en caso de<br \/>\n     agresi\u00f3n. Para ello, se priorizan dos posibles v\u00edas, la utilizaci\u00f3n de las<br \/>\n     nuevas PDA, o la incorporaci\u00f3n de un \u201cbot\u00f3n de p\u00e1nico\u201d en los walkies, el<br \/>\n     problema de esta segunda opci\u00f3n, es que los walkies que tenemos<br \/>\n     actualmente no permiten la incorporaci\u00f3n de dicho bot\u00f3n, por lo que se<br \/>\n     estudia incluso la posibilidad de substituirlos en un futuro.<\/span><\/li>\n<\/ol>\n<ol start=\"10\" style=\"margin-top: 0cm\" type=\"1\">\n<li style=\"text-align: justify\"><span lang=\"ES-TRAD\">Se estudia tambi\u00e9n, la<br \/>\n     necesidad de introducir cambios en el protocolo de asistencia a mutua en<br \/>\n     caso de agresi\u00f3n.<\/span><\/li>\n<\/ol>\n<ol start=\"11\" style=\"margin-top: 0cm\" type=\"1\">\n<li style=\"text-align: justify\"><span lang=\"ES-TRAD\">Nos informan, que desde el<br \/>\n     departamento jur\u00eddico, tambi\u00e9n se est\u00e1 trabajando para mejorar los partes<br \/>\n     de lesiones en mutua, de lo que nos informar\u00e1n en la pr\u00f3xima reuni\u00f3n.<\/span>&nbsp;<\/li>\n<\/ol>\n<div style=\"margin-left: 36.0pt;text-align: justify\">\n<\/div>\n<div style=\"clear: both;text-align: center\">\n<\/div>\n<div style=\"margin-left: 36.0pt;text-align: justify\">\n<span lang=\"ES-TRAD\">Por parte de CCOO_BSM, hemos<br \/>\nsolicitado los siguientes puntos:<\/span><\/div>\n<div style=\"margin-left: 36.0pt;text-align: justify\">\n<\/div>\n<div style=\"margin-left: 36.0pt;text-align: justify;text-indent: -18.0pt\">\n<!--[if !supportLists]--><span lang=\"ES-TRAD\">1.<span style=\"font-size: 7pt\">&nbsp;&nbsp;&nbsp;<br \/>\n<\/span><\/span><!--[endif]--><span lang=\"ES-TRAD\">En base al estudio que realizamos sobre las agresiones, las zonas 607,<br \/>\n610 y 629 se realicen en pareja, ya que han sido las que mayor n\u00famero de<br \/>\nagresiones han sufrido.<\/span><\/div>\n<div style=\"margin-left: 36.0pt;text-align: justify\">\n<\/div>\n<div style=\"margin-left: 36.0pt;text-align: justify;text-indent: -18.0pt\">\n<!--[if !supportLists]--><span lang=\"ES-TRAD\">2.<span style=\"font-size: 7pt\">&nbsp;&nbsp;&nbsp;<\/span><\/span><span lang=\"ES-TRAD\">En base a este mismo estudio, hemos solicitado que las zonas de 1,2 y<br \/>\n3 calles desaparezcan, ya que la posibilidad de sufrir una agresi\u00f3n es el doble<br \/>\nque en zonas m\u00e1s amplias. As\u00ed mismo, hemos solicitado que esas zonas sean<br \/>\nabsorbidas por las zonas que regulan zona verde que tengan alrededor, ya que el<br \/>\nestudio, tambi\u00e9n revela que en las zonas mixtas se sufren menos agresiones, que<br \/>\nen las que s\u00f3lo se regula zona azul o verde.<\/span><\/div>\n<div>\n<\/div>\n<div style=\"margin-left: 36.0pt;text-align: justify;text-indent: -18.0pt\">\n<!--[if !supportLists]--><span lang=\"ES-TRAD\">3.<span style=\"font-size: 7pt\">&nbsp;&nbsp;&nbsp;<\/span><\/span><span lang=\"ES-TRAD\">Hemos pedido que el Servicio de Prevenci\u00f3n, realice una valoraci\u00f3n por<br \/>\nescrito del estudio de las agresiones realizado por CCOO, para que en el<br \/>\nan\u00e1lisis de los datos, proporcione las medidas correctoras que se deban<br \/>\nimplantar.<\/span><\/div>\n<div>\n<\/div>\n<div style=\"margin-left: 36.0pt;text-align: justify;text-indent: -18.0pt\">\n<!--[if !supportLists]--><span lang=\"ES-TRAD\">4.<span style=\"font-size: 7pt\">&nbsp;&nbsp;&nbsp;<\/span><\/span><span lang=\"ES-TRAD\">Hemos insistido en la necesidad de una colaboraci\u00f3n en esta materia<br \/>\nentre los departamentos de Gr\u00faas y \u00c1rea, de manera que los trabajadores de<br \/>\nambos departamentos est\u00e9n informados a tiempo real de las emergencias que se<br \/>\nproducen en el otro departamento, para poder asistir a auxiliar al compa\u00f1ero.<\/span><\/div>\n<div>\n<\/div>\n<div style=\"margin-left: 36.0pt;text-align: justify;text-indent: -18.0pt\">\n<!--[if !supportLists]--><span lang=\"ES-TRAD\">5.<span style=\"font-size: 7pt\">&nbsp;&nbsp;&nbsp;<br \/>\n<\/span><\/span><!--[endif]--><span lang=\"ES-TRAD\">Recordamos tambi\u00e9n la iniciativa de comprar tarjetas de identificaci\u00f3n<br \/>\nque incorporasen una c\u00e1mara para grabar las agresiones. En este sentido, la<br \/>\nempresa nos indic\u00f3 que hay aspectos legales que estudiar por su posible<br \/>\nrepercusi\u00f3n en un juicio, valoraci\u00f3n en la que estamos totalmente de acuerdo,<br \/>\npor lo que solicitemos que se pronuncie el departamento jur\u00eddico.<\/span><\/div>\n<div>\n<\/div>\n<div style=\"margin-left: 36.0pt;text-align: justify;text-indent: -18.0pt\">\n<!--[if !supportLists]--><span lang=\"ES-TRAD\">6.<span style=\"font-size: 7pt\">&nbsp; &nbsp;<\/span><\/span><!--[endif]--><span lang=\"ES-TRAD\">Recuperamos la iniciativa de enviar un escrito firmado por la empresa<br \/>\ny el Comit\u00e9, solicitando al Ayuntamiento que se mueva para conseguir la figura<br \/>\nde agentes de la autoridad, ya que un escrito firmado por ambas partes tendr\u00eda<br \/>\nmucha m\u00e1s fuerza que firmado por una sola Secci\u00f3n Sindical. La empresa nos<br \/>\nindic\u00f3 que primero deber\u00edamos esperar al informe jur\u00eddico para estudiar a fondo<br \/>\nesta iniciativa. Algo que, en principio, parece totalmente l\u00f3gico, por lo que<br \/>\nacordamos esperar a dicho informe para volver a plantear la cuesti\u00f3n.<\/span><\/div>\n<div style=\"margin-left: 36.0pt;text-align: justify\">\n<span lang=\"ES-TRAD\">&nbsp;<\/span>&nbsp;<\/div>\n<div style=\"text-align: justify\">\n<span lang=\"ES-TRAD\">Por parte de otra Secci\u00f3n Sindical, se volvi\u00f3<br \/>\na pedir que la gr\u00faa no actuase por iniciativa propia en las zonas reguladas.<\/span><\/div>\n<div style=\"text-align: justify\">\n<\/div>\n<div style=\"text-align: justify\">\n<span lang=\"ES-TRAD\">Sin ning\u00fan tema m\u00e1s que tratar, se convoc\u00f3 la<br \/>\npr\u00f3xima reuni\u00f3n para el 18 de noviembre.<\/span><\/div>\n<div style=\"text-align: justify\">\n<\/div>\n<div style=\"text-align: justify\">\n<span lang=\"ES-TRAD\">Por supuesto, quedamos a vuestra disposici\u00f3n<br \/>\npara llevar a estas reuniones cualquier tema que nos quer\u00e1is proponer y para<br \/>\nsolventar las dudas que pod\u00e1is tener.<\/span>&nbsp;<\/div>\n<p><\/p>\n<div style=\"text-align: justify\">\nOs seguiremos informando<\/div>\n","protected":false},"excerpt":{"rendered":"<p>En la reuni\u00f3n de seguridad mantenida esta ma\u00f1ana, hemos podido observar un cambio de actitud de la empresa respecto a anteriores reuniones, hecho que nos anima a pensar que podemos &#8230; <a title=\"Reuni\u00f3n Seguridad AREA 07\/10\/2014\" class=\"read-more\" href=\"https:\/\/ccoo.app\/barcelona-serveis-municipals\/reunion-seguridad-area-07-10-2014\/\" aria-label=\"M\u00e9s informaci\u00f3 sobre Reuni\u00f3n Seguridad AREA 07\/10\/2014\">Read more<\/a><\/p>\n","protected":false},"author":4519,"featured_media":0,"comment_status":"closed","ping_status":"closed","sticky":false,"template":"","format":"standard","meta":{"footnotes":""},"categories":[1],"tags":[],"class_list":["post-2951","post","type-post","status-publish","format-standard","hentry","category-sin-categoria","generate-columns","tablet-grid-50","mobile-grid-100","grid-parent","grid-33"],"_links":{"self":[{"href":"https:\/\/ccoo.app\/barcelona-serveis-municipals\/wp-json\/wp\/v2\/posts\/2951","targetHints":{"allow":["GET"]}}],"collection":[{"href":"https:\/\/ccoo.app\/barcelona-serveis-municipals\/wp-json\/wp\/v2\/posts"}],"about":[{"href":"https:\/\/ccoo.app\/barcelona-serveis-municipals\/wp-json\/wp\/v2\/types\/post"}],"author":[{"embeddable":true,"href":"https:\/\/ccoo.app\/barcelona-serveis-municipals\/wp-json\/wp\/v2\/users\/4519"}],"replies":[{"embeddable":true,"href":"https:\/\/ccoo.app\/barcelona-serveis-municipals\/wp-json\/wp\/v2\/comments?post=2951"}],"version-history":[{"count":0,"href":"https:\/\/ccoo.app\/barcelona-serveis-municipals\/wp-json\/wp\/v2\/posts\/2951\/revisions"}],"wp:attachment":[{"href":"https:\/\/ccoo.app\/barcelona-serveis-municipals\/wp-json\/wp\/v2\/media?parent=2951"}],"wp:term":[{"taxonomy":"category","embeddable":true,"href":"https:\/\/ccoo.app\/barcelona-serveis-municipals\/wp-json\/wp\/v2\/categories?post=2951"},{"taxonomy":"post_tag","embeddable":true,"href":"https:\/\/ccoo.app\/barcelona-serveis-municipals\/wp-json\/wp\/v2\/tags?post=2951"}],"curies":[{"name":"wp","href":"https:\/\/api.w.org\/{rel}","templated":true}]}}