{"id":2950,"date":"2014-10-15T18:34:00","date_gmt":"2014-10-15T16:34:00","guid":{"rendered":"https:\/\/ccoo.app\/barcelona-serveis-municipals\/reunion-novedades-area\/"},"modified":"2014-10-15T18:34:00","modified_gmt":"2014-10-15T16:34:00","slug":"reunion-novedades-area","status":"publish","type":"post","link":"https:\/\/ccoo.app\/barcelona-serveis-municipals\/reunion-novedades-area\/","title":{"rendered":"Reuni\u00f3n novedades AREA"},"content":{"rendered":"<div style=\"margin: 0cm 0cm 0.0001pt;text-align: justify\">\n<span style=\"font-family: Arial, Helvetica, sans-serif\">Hoy mi\u00e9rcoles 15 de<br \/>\noctubre, hemos asistido a una reuni\u00f3n convocada hace semanas y con un orden del<br \/>\nd\u00eda referente a novedades que el departamento de AREA va a implantar<br \/>\npr\u00f3ximamente, por desgracia, la representaci\u00f3n de la Direcci\u00f3n de la empresa,<br \/>\ns\u00f3lo puede estar 2 horas en la reuni\u00f3n, y debemos dejar muchos temas sin tratar<br \/>\nen esta reuni\u00f3n, pero solicitamos una nueva reuni\u00f3n para abordar muchos<br \/>\nconflictos pendientes. Los temas tratados son:<\/span><\/div>\n<ol start=\"1\" type=\"1\">\n<li style=\"text-align: justify\"><span style=\"font-family: Arial, Helvetica, sans-serif\"><b>Coche foto multa o prueba piloto<br \/>\n     veh\u00edculo<\/b> (como la denomina el departamento). Como ya informamos en su<br \/>\n     d\u00eda&nbsp;<a href=\"http:\/\/ccoobsm.blogspot.com.es\/2014\/08\/coche-para-el-area.html\">http:\/\/ccoobsm.blogspot.com.es\/2014\/08\/coche-para-el-area.html<\/a>&nbsp;la unidad licit\u00f3 un contrato por 95.000 euros para una prueba de coche foto<br \/>\n     multa por 3 meses, que finalmente han adjudicado a Abstract Computing<br \/>\n     International BV por 87.721 euros (m\u00e1s IVA).&nbsp;<\/span><\/li>\n<\/ol>\n<div style=\"clear: both;text-align: center\">\n<\/div>\n<div style=\"margin: 0cm 0cm 0.0001pt;text-align: justify\">\n<div style=\"clear: both;text-align: center\">\n<a href=\"http:\/\/3.bp.blogspot.com\/-tPSt-voifr8\/VKkqOYnnISI\/AAAAAAAAGIY\/lj0l6C38y9g\/s1600\/COCHE%2BDENUNCIA%2BBSM.jpg\" style=\"clear: left;float: left;margin-bottom: 1em;margin-right: 1em\"><img loading=\"lazy\" decoding=\"async\" border=\"0\" src=\"http:\/\/3.bp.blogspot.com\/-tPSt-voifr8\/VKkqOYnnISI\/AAAAAAAAGIY\/lj0l6C38y9g\/s1600\/COCHE%2BDENUNCIA%2BBSM.jpg\" height=\"87\" width=\"320\" \/><\/a><\/div>\n<p><span style=\"font-family: Arial, Helvetica, sans-serif\">El departamento nos informa sobre esta prueba piloto que tiene<br \/>\nprevisto iniciarse<span>&nbsp;<\/span><b>a mediados<br \/>\nde diciembre en 2 zonas de actuaci\u00f3n, Barceloneta y Eixample.<span>&nbsp;<\/span><\/b>El objetivo seg\u00fan la empresa es<br \/>\nser m\u00e1s <b>eficientes<\/b>, pero seg\u00fan ellos<span>&nbsp;<\/span><b>sin<br \/>\nprescindir de recursos, sin prescindir de ninguna persona.&nbsp;<\/b><\/span><\/div>\n<div style=\"margin: 0cm 0cm 0.0001pt;text-align: justify\">\n<span style=\"font-family: Arial, Helvetica, sans-serif\">Nos surgen muchas dudas<br \/>\nlas cuales manifestamos y algunas son respondidas y otras quedan en el aire.<br \/>\nNos manifiestan que hoy por hoy l<b>a denuncia se deber\u00e1 dejar en el parabrisas<\/b><span>&nbsp;<\/span>y por ello, bien un motorista o bien<br \/>\nuna persona a pie deber\u00e1 dejar la denuncia&nbsp;f\u00edsicamente&nbsp;en el<br \/>\nparabrisas.<\/span><\/div>\n<div style=\"margin: 0cm 0cm 0.0001pt;text-align: justify\">\n<span style=\"font-family: Arial, Helvetica, sans-serif\">No<br \/>\nse&nbsp;prev\u00e9&nbsp;tener una moto detr\u00e1s del coche, y si la prueba piloto<br \/>\nfunciona bien, tienen previsto<span>&nbsp;<\/span><b>reorganizar<br \/>\nrecursos humanos dentro del departamento, as\u00ed como obtener 3 o 4 coches m\u00e1ximo<\/b><span>&nbsp;<\/span>en el futuro. El coche ir\u00e1 con<span>&nbsp;<\/span><b>1 s\u00f3lo trabajador\/a<\/b><span>&nbsp;<\/span>como ya informamos seg\u00fan licitaci\u00f3n.<\/span><\/div>\n<div style=\"margin: 0cm 0cm 0.0001pt;text-align: justify\">\n<span style=\"font-family: Arial, Helvetica, sans-serif\">A preguntas de esta<br \/>\nsecci\u00f3n sindical, sobre la necesidad de este coche en materia de movilidad, nos<br \/>\nargumentan que lo hacen por <b>innovaci\u00f3n<\/b>, por <b>eficiencia<\/b> y por <b>reducci\u00f3n de la<br \/>\nindisciplina viaria.<\/b><\/span><\/div>\n<div style=\"clear: both;text-align: center\">\n<a href=\"http:\/\/3.bp.blogspot.com\/-z-LNuLC9ftA\/VD6I9X16YeI\/AAAAAAAAE3M\/WoxhnMze4QU\/s1600\/area%2Bcarrega%2Bi%2Bdescarrega.jpg\" style=\"clear: right;float: right;margin-bottom: 1em;margin-left: 1em;text-align: justify\"><span style=\"font-family: Arial, Helvetica, sans-serif\"><\/span><\/a><\/div>\n<div style=\"clear: both;text-align: center\">\n<a href=\"http:\/\/2.bp.blogspot.com\/-T958PTP-r90\/VKkrUu-lxJI\/AAAAAAAAGIs\/-kq6aD7z-No\/s1600\/Se%C3%B1al%2BAREA%2BDUM.jpg\" style=\"clear: right;float: right;margin-bottom: 1em;margin-left: 1em\"><img loading=\"lazy\" decoding=\"async\" border=\"0\" src=\"http:\/\/2.bp.blogspot.com\/-T958PTP-r90\/VKkrUu-lxJI\/AAAAAAAAGIs\/-kq6aD7z-No\/s1600\/Se%C3%B1al%2BAREA%2BDUM.jpg\" height=\"320\" width=\"188\" \/><\/a><\/div>\n<ol start=\"2\" type=\"1\">\n<li style=\"text-align: justify\"><!--[if gte vml 1]&gt;-->\n<p>     <!--[if !vml]--><!--[endif]--><span style=\"font-family: Arial, Helvetica, sans-serif\"><b>Prueba piloto APP Area DUM (Distribuci\u00f3n Urbana de Mercanc\u00edas)<\/b>. A mediados de noviembre est\u00e1 previsto<br \/>\n     la prueba piloto en Passeig de Gracia, del nuevo Area DUM, y en<br \/>\n     febrero\/marzo se prev\u00e9 su implantaci\u00f3n definitiva en todo el area regulada<br \/>\n     de Barcelona. Los comerciales vendr\u00e1n obligados mediante APP o mediante<br \/>\n     sms a informar de cuando estacionan en un area de carga y descarga e iniciar<br \/>\n     los 30 minutos reglamentarios seg\u00fan se\u00f1al. Desde CCOO_BSM os avanzamos que<br \/>\n     <b>la se\u00f1al<\/b> que nos han ense\u00f1ado,<br \/>\n     es un completo <b>jerogl\u00edfico<\/b><br \/>\n     (sobrecargada de informaci\u00f3n) que nos va a generar muchos m\u00e1s problemas de<br \/>\n     los que ya tenemos. Desde la puesta en funcionamiento de estas nuevas<br \/>\n     se\u00f1ales los comerciales vendr\u00e1n obligados a tener Smartphone o tel\u00e9fono<br \/>\n     (v\u00eda sms), para informar de su estacionamiento.<\/span><\/li>\n<li style=\"text-align: justify\"><span style=\"font-family: Arial, Helvetica, sans-serif\"><b>Nuevas PDAS<\/b>.<br \/>\n     Nos informan que la nueva PDA o el nuevo equipo de trabajo como prefieren<br \/>\n     llamarlo, est\u00e1 previsto para <b>diciembre<br \/>\n     de 2015<\/b>. Quieren trabajar con un software abierto, tipo android, en la<br \/>\n     cual disponer de mucha mayor informaci\u00f3n en los terminales. Quieren lector<br \/>\n     de matr\u00edculas en los propios terminales. En 3 meses cerrar\u00e1n las licitaciones<br \/>\n     para poder sacarlas a concurso p\u00fablico.<\/span><\/li>\n<li style=\"text-align: justify\"><span style=\"font-family: Arial, Helvetica, sans-serif\"><b>Auditorias Express<\/b>. En noviembre tienen previsto realizarnos unos ex\u00e1menes, que ser\u00e1n<br \/>\n     1 vez al a\u00f1o, para evaluarnos como estamos y ver las carencias en materia<br \/>\n     formativa, homogeneidad de criterios, y observar en qu\u00e9 puntos mejorar.<\/span><\/li>\n<li style=\"text-align: justify\"><span style=\"font-family: Arial, Helvetica, sans-serif\"><b>Ampliaciones de AREA<\/b>. Nos informan de las ampliaciones ya efectuadas as\u00ed como las<br \/>\n     previstas en el barrio de la Sagrera y de Horta-Guinard\u00f3.<\/span><\/li>\n<li style=\"text-align: justify\"><span style=\"font-family: Arial, Helvetica, sans-serif\"><b>Gremios<\/b>. Nos<br \/>\n     informan, que cuando est\u00e9 operativa la APP Area DUM, se incluir\u00e1n en esta<br \/>\n     APP los gremios que disponen de permisos de m\u00e1s de 30 minutos para<br \/>\n     estacionar en carga y descarga. Ser\u00e1n permisos virtuales que podremos<br \/>\n     observar desde la PDA.<\/span><\/li>\n<li style=\"text-align: justify\"><span style=\"font-family: Arial, Helvetica, sans-serif\"><b>Zonas Vigilancia 2015.<\/b> Nos explican que reordenar\u00e1n zonas en funci\u00f3n de las ampliaciones<br \/>\n     que se est\u00e1n llevando a cabo.<\/span><\/li>\n<li style=\"text-align: justify\"><span style=\"font-family: Arial, Helvetica, sans-serif\"><b>Matr\u00edcula voluntaria al Parqu\u00edmetro<\/b>. Nos informan que en noviembre el<br \/>\n     usuario que voluntariamente quiera, podr\u00e1 teclear la matr\u00edcula (solo los<br \/>\n     n\u00fameros) en el parqu\u00edmetro, y as\u00ed se ahorrar\u00e1 poner el ticket en el coche.<br \/>\n     Consideran que ser\u00e1 una innovaci\u00f3n que tendr\u00e1 muy poca acogida y desde<br \/>\n     CCOO consideramos que al poner solo los n\u00fameros sin letras, es una<br \/>\n     aut\u00e9ntica <b>chapuza<\/b> esta medida.<\/span><\/li>\n<\/ol>\n<div style=\"margin-left: 18pt;text-align: justify\">\n<span style=\"font-family: Arial, Helvetica, sans-serif\">Por<br \/>\ndesgracia, no hemos podido tratar numerosas problem\u00e1ticas y cuestiones que nos<br \/>\nafectan el d\u00eda a d\u00eda en nuestro puesto de trabajo, pero desde CCOO_BSM si hemos<br \/>\nhecho hincapi\u00e9 en el hecho de que no entendemos como estamos potenciando una<br \/>\nSmart City, con novedades <b>mientras los parqu\u00edmetros<br \/>\ny las PDAS est\u00e1n totalmente obsoletas<\/b>.<\/span><\/div>\n<div style=\"clear: both;text-align: center\">\n<a href=\"http:\/\/3.bp.blogspot.com\/-gX6OJC4Pyic\/VD6eZGYbjvI\/AAAAAAAAE3c\/i-UWsgraHco\/s1600\/BCN%2BSmart%2Bcity.jpg\" style=\"clear: left;float: left;margin-bottom: 1em;margin-right: 1em;text-align: justify\"><span style=\"font-family: Arial, Helvetica, sans-serif\"><\/span><\/a><\/div>\n<div style=\"margin-left: 18pt;text-align: justify\">\n<span style=\"font-family: Arial, Helvetica, sans-serif\"><br \/><\/span><\/div>\n<div style=\"margin-left: 18pt;text-align: justify\">\n<span style=\"font-family: Arial, Helvetica, sans-serif\">Nos informan que los parqu\u00edmetros los <b>cambiar\u00e1n en 2017.<\/b><\/span><\/div>\n<div style=\"margin-left: 18pt;text-align: justify\">\n<span style=\"font-family: Arial, Helvetica, sans-serif\"><b><br \/><\/b><\/span><\/div>\n<div style=\"margin-left: 18pt;text-align: justify\">\n<span style=\"font-family: Arial, Helvetica, sans-serif\">Para<br \/>\nCCOO_BSM, hoy hemos asistido a una reuni\u00f3n de I+D+I, donde se nos informan de<br \/>\nnovedades referentes a nuestra actividad, que por un lado <b>nos conllevar\u00e1n m\u00e1s problem\u00e1tica y conflictividad en la calle<\/b>, y<br \/>\npor otro son del todo injustificables dado las actuales herramientas (PDAS y<br \/>\nservidores) y parqu\u00edmetros obsoletos de los que disponemos. Este es un nuevo<br \/>\nejemplo que con esta Direcci\u00f3n de B:SM, <b>prima<br \/>\nla innovaci\u00f3n a la calidad<\/b>, y que antes que arreglar lo que ya disponemos<br \/>\nprefieren invertir en nuevas tecnolog\u00edas.<\/span><\/div>\n<div style=\"margin-left: 18pt;text-align: justify\">\n<span style=\"font-family: Arial, Helvetica, sans-serif\"><br \/><\/span><\/div>\n<div style=\"margin-left: 18pt;text-align: justify\">\n<span style=\"font-family: Arial, Helvetica, sans-serif\">Ver<br \/>\npara creer, <b>obligar a ciudadano\/usuario<br \/>\na utilizar nuevas tecnolog\u00edas<\/b> para estacionar su veh\u00edculo, y como siempre<br \/>\nlos que pondremos la CARA en la calle para que todo esto salga adelante seremos<br \/>\nlos de siempre, los trabajadores\/as.<\/span><\/div>\n<div style=\"margin-left: 18pt;text-align: justify\">\n<span style=\"font-family: Arial, Helvetica, sans-serif\">Esperemos<br \/>\nresolver m\u00e1s dudas en una pr\u00f3xima reuni\u00f3n a finales de noviembre, pero de<br \/>\nmomento nos quedamos con la sensaci\u00f3n de que <b>en esta ciudad de Barcelona la innovaci\u00f3n (Smart City) nos obligan a<br \/>\nutilizarla,<\/b> y a qui\u00e9n no la utilice, estaremos nosotros\/as para<br \/>\ndenunciarles. Ver para creer.<\/span><\/div>\n<div style=\"margin-left: 18pt;text-align: justify\">\n<span style=\"font-family: Arial, Helvetica, sans-serif\"><br \/><\/span><\/div>\n<div style=\"margin-left: 18pt;text-align: justify\">\n<span style=\"font-family: Arial, Helvetica, sans-serif\">Os<br \/>\nseguiremos informando<\/span><\/div>\n<table border=\"0\" cellpadding=\"0\" cellspacing=\"0\" style=\"margin-left: 4.8pt;margin-right: 4.8pt;text-align: justify\">\n<tbody>\n<tr>\n<td style=\"padding: 0cm 0cm 0cm 0cm\"><\/td>\n<\/tr>\n<tr>\n<td style=\"padding: 0cm 0cm 0cm 0cm\"><\/td>\n<\/tr>\n<\/tbody>\n<\/table>\n<p><\/p>\n<div style=\"clear: both;text-align: center\">\n<\/div>\n","protected":false},"excerpt":{"rendered":"<p>Hoy mi\u00e9rcoles 15 de octubre, hemos asistido a una reuni\u00f3n convocada hace semanas y con un orden del d\u00eda referente a novedades que el departamento de AREA va a implantar &#8230; <a title=\"Reuni\u00f3n novedades AREA\" class=\"read-more\" href=\"https:\/\/ccoo.app\/barcelona-serveis-municipals\/reunion-novedades-area\/\" aria-label=\"M\u00e9s informaci\u00f3 sobre Reuni\u00f3n novedades AREA\">Read more<\/a><\/p>\n","protected":false},"author":4519,"featured_media":0,"comment_status":"closed","ping_status":"closed","sticky":false,"template":"","format":"standard","meta":{"footnotes":""},"categories":[1],"tags":[],"class_list":["post-2950","post","type-post","status-publish","format-standard","hentry","category-sin-categoria","generate-columns","tablet-grid-50","mobile-grid-100","grid-parent","grid-33"],"_links":{"self":[{"href":"https:\/\/ccoo.app\/barcelona-serveis-municipals\/wp-json\/wp\/v2\/posts\/2950","targetHints":{"allow":["GET"]}}],"collection":[{"href":"https:\/\/ccoo.app\/barcelona-serveis-municipals\/wp-json\/wp\/v2\/posts"}],"about":[{"href":"https:\/\/ccoo.app\/barcelona-serveis-municipals\/wp-json\/wp\/v2\/types\/post"}],"author":[{"embeddable":true,"href":"https:\/\/ccoo.app\/barcelona-serveis-municipals\/wp-json\/wp\/v2\/users\/4519"}],"replies":[{"embeddable":true,"href":"https:\/\/ccoo.app\/barcelona-serveis-municipals\/wp-json\/wp\/v2\/comments?post=2950"}],"version-history":[{"count":0,"href":"https:\/\/ccoo.app\/barcelona-serveis-municipals\/wp-json\/wp\/v2\/posts\/2950\/revisions"}],"wp:attachment":[{"href":"https:\/\/ccoo.app\/barcelona-serveis-municipals\/wp-json\/wp\/v2\/media?parent=2950"}],"wp:term":[{"taxonomy":"category","embeddable":true,"href":"https:\/\/ccoo.app\/barcelona-serveis-municipals\/wp-json\/wp\/v2\/categories?post=2950"},{"taxonomy":"post_tag","embeddable":true,"href":"https:\/\/ccoo.app\/barcelona-serveis-municipals\/wp-json\/wp\/v2\/tags?post=2950"}],"curies":[{"name":"wp","href":"https:\/\/api.w.org\/{rel}","templated":true}]}}