{"id":2949,"date":"2014-10-16T11:20:00","date_gmt":"2014-10-16T09:20:00","guid":{"rendered":"https:\/\/ccoo.app\/barcelona-serveis-municipals\/contratos-obra-y-servicio-en-bsm\/"},"modified":"2014-10-16T11:20:00","modified_gmt":"2014-10-16T09:20:00","slug":"contratos-obra-y-servicio-en-bsm","status":"publish","type":"post","link":"https:\/\/ccoo.app\/barcelona-serveis-municipals\/contratos-obra-y-servicio-en-bsm\/","title":{"rendered":"Contratos Obra y Servicio en BSM"},"content":{"rendered":"<div style=\"clear: both;text-align: center\">\n<\/div>\n<div style=\"text-align: justify\">\n<span lang=\"ES-TRAD\">Como ya sabr\u00e9is, el pasado 4 de junio de<br \/>\n2014, la Secci\u00f3n Sindical de CCOO puso una denuncia ante la Inspecci\u00f3n de<br \/>\nTrabajo por los contratos de obra y servicio, que la empresa hab\u00eda suscrito con<br \/>\ncompa\u00f1eros\/as de Aparcamientos y de Parc G\u00fcell.<\/span><\/div>\n<div style=\"text-align: justify\">\n<\/div>\n<div style=\"text-align: justify\">\n<span lang=\"ES-TRAD\">Posteriormente, y por consejo de la<br \/>\nInspecci\u00f3n de Trabajo en la reuni\u00f3n que mantuvo con esta Secci\u00f3n Sindical, el<br \/>\n3\/7\/2014 CCOO envi\u00f3 una carta a la empresa, solicitando iniciar negociaciones<br \/>\npara llegar a un acuerdo al respecto.<\/span><\/div>\n<div style=\"text-align: justify\">\n<\/div>\n<div style=\"text-align: justify\">\n<span lang=\"ES-TRAD\">El fruto de estas actuaciones no ha sido el<br \/>\nque m\u00e1s nos hubiese gustado, es decir, que se hubiesen hecho fijos a todos los<br \/>\ntrabajadores afectados, pero s\u00ed hemos de estar satisfechos con el resultado,<br \/>\nque ha sido el siguiente:<\/span><\/div>\n<div style=\"text-align: justify\">\n<\/div>\n<div style=\"text-align: justify\">\n<span lang=\"ES-TRAD\">El 22 de julio de 2014, se firma un acuerdo<br \/>\ncon la empresa para que 37 trabajadores de Parc G\u00fcell se les haga contrato<br \/>\nindefinido cuando desaparezcan las restricciones legales que establece la ley<br \/>\n22\/13 de Presupuestos Generales del Estado. En este sentido, decir que hemos<br \/>\npodido leer el anteproyecto de ley de los Presupuestos Generales del Estado<br \/>\npara 2015, y a nuestro entender esas restricciones desaparecen, por lo que se<br \/>\ndeber\u00edan hacer fijos a principios de enero.<\/span><\/div>\n<div style=\"text-align: justify\">\n<\/div>\n<div style=\"text-align: justify\">\n<span lang=\"ES-TRAD\">El 30\/9\/2014, se acuerda con la empresa que a<br \/>\nlos 5 trabajadores subrogados a BAMSA, les ser\u00e1 de aplicaci\u00f3n el acuerdo<br \/>\nsuscrito para los trabajadores de Parc G\u00fcell, y que se les har\u00e1 fijos en el<br \/>\nmomento que sean subrogados. Respecto a los 2 trabajadores que no ser\u00e1n<br \/>\nsubrogados, se acord\u00f3 que tambi\u00e9n se incluir\u00edan en dicho acuerdo, y que se<br \/>\nhar\u00edan fijos cuando desaparezca la restricci\u00f3n legal.<\/span><\/div>\n<div style=\"text-align: justify\">\n<\/div>\n<div style=\"clear: both;text-align: center\">\n<\/div>\n<div style=\"text-align: justify\">\n<span lang=\"ES-TRAD\">Hoy, est\u00e1bamos citados con la Inspecci\u00f3n de<br \/>\ntrabajo, por la denuncia que CCOO puso sobre los trabajadores de aparcamientos.<br \/>\nAunque parec\u00eda que el tema ya hab\u00eda sido zanjado por los acuerdos, el hecho de<br \/>\nacudir a la inspecci\u00f3n, nos ha permitido mejorar la situaci\u00f3n.<\/span><\/div>\n<div style=\"text-align: justify\">\n<\/div>\n<div style=\"text-align: justify\">\n<span lang=\"ES-TRAD\">Por un lado, la Inspecci\u00f3n nos ha asegurado<br \/>\nque el 1 de noviembre verificar\u00e1 que el personal subrogado ya dispone de un<br \/>\ncontrato indefinido.<\/span><\/div>\n<div style=\"text-align: justify\">\n<\/div>\n<div style=\"text-align: justify\">\n<span lang=\"ES-TRAD\">Por otro lado, la inspecci\u00f3n ha requerido a<br \/>\nla empresa, a llegar a un acuerdo que ponga una fecha l\u00edmite para cambiar a<br \/>\nindefinido los contratos de los 2 trabajadores de aparcamientos, ya que<br \/>\nentiende, que la situaci\u00f3n debe tener un final determinado. De no alcanzar<br \/>\ndicho acuerdo, la inspecci\u00f3n seguir\u00e1 con las actuaciones. La representante de<br \/>\nla empresa ha indicado que consultar\u00e1 con sus superiores, y que nos dar\u00e1<br \/>\ncontestaci\u00f3n en un plazo m\u00e1ximo de dos semanas.<\/span><\/div>\n<div style=\"text-align: justify\">\n<\/div>\n<div style=\"text-align: justify\">\n<span lang=\"ES-TRAD\">Desde CCOO, entendemos que esa fecha l\u00edmite,<br \/>\ntambi\u00e9n debe ser aplicada al personal de Parc G\u00fcell, a pesar de que no se haya<br \/>\ntratado en inspecci\u00f3n, ya que est\u00e1bamos citados por los contratos de<br \/>\naparcamientos, y as\u00ed lo haremos constar en la reuni\u00f3n que tenga lugar si<br \/>\nfinalmente se llega a un acuerdo.<\/span><\/div>\n<div style=\"text-align: justify\">\n<\/div>\n<div style=\"text-align: justify\">\n<span lang=\"ES-TRAD\">Os seguiremos informando<\/span><br \/>\n<span lang=\"ES-TRAD\"><br \/><\/span><\/p>\n<div style=\"clear: both;text-align: center\">\n<a href=\"http:\/\/4.bp.blogspot.com\/-yFaO5wN6sKQ\/VKkka-pO5nI\/AAAAAAAAGHc\/Ca8cEAEbN9g\/s1600\/seccio%2Bsindical%2BBSM%2Brecortado.bmp\" style=\"clear: left;float: left;margin-bottom: 1em;margin-right: 1em\"><img loading=\"lazy\" decoding=\"async\" border=\"0\" src=\"http:\/\/4.bp.blogspot.com\/-yFaO5wN6sKQ\/VKkka-pO5nI\/AAAAAAAAGHc\/Ca8cEAEbN9g\/s1600\/seccio%2Bsindical%2BBSM%2Brecortado.bmp\" height=\"61\" width=\"200\" \/><\/a><\/div>\n<p><span lang=\"ES-TRAD\"><br \/><\/span><\/div>\n","protected":false},"excerpt":{"rendered":"<p>Como ya sabr\u00e9is, el pasado 4 de junio de 2014, la Secci\u00f3n Sindical de CCOO puso una denuncia ante la Inspecci\u00f3n de Trabajo por los contratos de obra y servicio, &#8230; <a title=\"Contratos Obra y Servicio en BSM\" class=\"read-more\" href=\"https:\/\/ccoo.app\/barcelona-serveis-municipals\/contratos-obra-y-servicio-en-bsm\/\" aria-label=\"M\u00e9s informaci\u00f3 sobre Contratos Obra y Servicio en BSM\">Read more<\/a><\/p>\n","protected":false},"author":4519,"featured_media":0,"comment_status":"closed","ping_status":"closed","sticky":false,"template":"","format":"standard","meta":{"footnotes":""},"categories":[1],"tags":[],"class_list":["post-2949","post","type-post","status-publish","format-standard","hentry","category-sin-categoria","generate-columns","tablet-grid-50","mobile-grid-100","grid-parent","grid-33"],"_links":{"self":[{"href":"https:\/\/ccoo.app\/barcelona-serveis-municipals\/wp-json\/wp\/v2\/posts\/2949","targetHints":{"allow":["GET"]}}],"collection":[{"href":"https:\/\/ccoo.app\/barcelona-serveis-municipals\/wp-json\/wp\/v2\/posts"}],"about":[{"href":"https:\/\/ccoo.app\/barcelona-serveis-municipals\/wp-json\/wp\/v2\/types\/post"}],"author":[{"embeddable":true,"href":"https:\/\/ccoo.app\/barcelona-serveis-municipals\/wp-json\/wp\/v2\/users\/4519"}],"replies":[{"embeddable":true,"href":"https:\/\/ccoo.app\/barcelona-serveis-municipals\/wp-json\/wp\/v2\/comments?post=2949"}],"version-history":[{"count":0,"href":"https:\/\/ccoo.app\/barcelona-serveis-municipals\/wp-json\/wp\/v2\/posts\/2949\/revisions"}],"wp:attachment":[{"href":"https:\/\/ccoo.app\/barcelona-serveis-municipals\/wp-json\/wp\/v2\/media?parent=2949"}],"wp:term":[{"taxonomy":"category","embeddable":true,"href":"https:\/\/ccoo.app\/barcelona-serveis-municipals\/wp-json\/wp\/v2\/categories?post=2949"},{"taxonomy":"post_tag","embeddable":true,"href":"https:\/\/ccoo.app\/barcelona-serveis-municipals\/wp-json\/wp\/v2\/tags?post=2949"}],"curies":[{"name":"wp","href":"https:\/\/api.w.org\/{rel}","templated":true}]}}