{"id":2947,"date":"2014-10-31T17:15:00","date_gmt":"2014-10-31T16:15:00","guid":{"rendered":"https:\/\/ccoo.app\/barcelona-serveis-municipals\/nueva-geston-de-la-incapacidad-temporal-en-bsm\/"},"modified":"2014-10-31T17:15:00","modified_gmt":"2014-10-31T16:15:00","slug":"nueva-geston-de-la-incapacidad-temporal-en-bsm","status":"publish","type":"post","link":"https:\/\/ccoo.app\/barcelona-serveis-municipals\/nueva-geston-de-la-incapacidad-temporal-en-bsm\/","title":{"rendered":"Nueva Gest\u00f3n de la Incapacidad Temporal en BSM"},"content":{"rendered":"<div style=\"text-align: justify\">\nAyer, jueves 30 de octubre, la Direcci\u00f3n de RRHH, colgaba en el portal del empleado un <b>nuevo protocolo sobre la gesti\u00f3n de la incapacidad temporal<\/b>, en cuanto a la tramitaci\u00f3n de los correspondientes partes de baja, confirmaci\u00f3n y alta.<\/div>\n<div style=\"text-align: justify\">\n<\/div>\n<div style=\"text-align: justify\">\nComo ocurre siempre en esta empresa, la representaci\u00f3n social hemos tenido conocimiento al igual que el resto de trabajadores\/as al entrar al portal del empleado, <b>sin recibir informaci\u00f3n alguna<\/b> por parte de la Direcci\u00f3n de RRHH, ni de este cambio ni de su implantaci\u00f3n.<\/div>\n<div style=\"text-align: justify\">\n<\/div>\n<div style=\"text-align: justify\">\nEl <b>cambio<\/b> ser\u00e1 <b>efectivo<\/b> a partir de ma\u00f1ana d\u00eda 1<b> de noviembre<\/b>, dejando 1 escaso d\u00eda de margen para observar los numerosos cambios que han introducido.<\/div>\n<div style=\"text-align: justify\">\nOs adjuntamos copia de la primera hoja del protocolo de nueva gesti\u00f3n, el cual os pod\u00e9is descargar en el portal, o solicit\u00e1rnoslo directamente a nosotros, al correo bsm@ccoo.cat<\/div>\n<div style=\"clear: both;text-align: center\">\n<a href=\"http:\/\/1.bp.blogspot.com\/-CPlbCEonhUU\/VKkoky2TNbI\/AAAAAAAAGIM\/hmDqv2G9Zw4\/s1600\/Nova%2BGesti%C3%B3%2BIT%2BPortal.jpg\" style=\"margin-left: 1em;margin-right: 1em\"><img decoding=\"async\" border=\"0\" src=\"http:\/\/1.bp.blogspot.com\/-CPlbCEonhUU\/VKkoky2TNbI\/AAAAAAAAGIM\/hmDqv2G9Zw4\/s1600\/Nova%2BGesti%C3%B3%2BIT%2BPortal.jpg\" \/><\/a><\/div>\n<p><\/p>\n<div style=\"clear: both;text-align: center\">\n<\/div>\n<div style=\"clear: both;text-align: center\">\n<\/div>\n<div style=\"clear: both;text-align: left\">\nPor parte de la secci\u00f3n sindical de CCOO_BSM, en el d\u00eda de hoy hemos hecho entrega de una carta, por un lado con la queja por la forma de proceder de esta empresa, y por otro solicitando que nos aclaren determinados extremos. Os copiamos el literal de la carta entregada.<\/div>\n<div style=\"clear: both;text-align: left\">\n<\/div>\n<div style=\"text-align: justify\">\n<span style=\"font-size: 13.0pt\"><i>A\/A<br \/>\nDirecci\u00f3n Corporativa de Personas, organizaci\u00f3n y RSC<\/i><\/span><\/div>\n<div style=\"text-align: justify\">\n<span style=\"font-size: 13.0pt\"><i><br \/><\/i><\/span><\/div>\n<div style=\"text-align: justify\">\n<span style=\"font-size: 13.0pt\"><i>De<br \/>\nSecci\u00f3n Sindical CCOO_BSM<\/i><\/span><\/div>\n<div style=\"text-align: justify\">\n<span style=\"font-size: 13.0pt\"><i><br \/><\/i><\/span><\/div>\n<div style=\"text-align: justify\">\n<span style=\"font-size: 13.0pt\"><i>Ayer,<br \/>\njueves 30 de octubre fue colgado en el portal del empleado, un documento sobre<br \/>\nla nueva gesti\u00f3n de la Incapacidad Temporal que entra en vigor este pr\u00f3ximo 1<br \/>\nde noviembre. Nos gustar\u00eda que nos aclararan ciertos extremos de dicha<br \/>\ninformaci\u00f3n, as\u00ed como realizar queja formal ante esta Direcci\u00f3n Corporativa,<br \/>\npor ni siquiera haber informado formalmente a esta secci\u00f3n sindical de<br \/>\nCCOO_BSM.<\/i><\/span><\/div>\n<div style=\"text-align: justify\">\n<span style=\"font-size: 13.0pt\"><i><br \/><\/i><\/span><\/div>\n<div style=\"margin-left: 36.0pt;text-align: justify;text-indent: -18.0pt\">\n<!--[if !supportLists]--><i><span style=\"font-size: 13.0pt\">1.<span style=\"font-family: 'Times New Roman';font-size: 7pt\">&nbsp;&nbsp;<\/span><\/span><span style=\"font-size: 13.0pt\">Entendemos que un<br \/>\ncambio en las formas de proceder en un asunto tan delicado, como es la<br \/>\nincapacidad temporal, requiere de un di\u00e1logo, debate y consenso si es posible,<br \/>\npara por un lado poder explicar fehacientemente a nuestros compa\u00f1eros\/as, la<br \/>\nforma de proceder a partir de ahora y por otra favorecer la gesti\u00f3n de la<br \/>\nempresa, que entendemos que es el objetivo de esta medida.<\/span><\/i><\/div>\n<div style=\"margin-left: 36.0pt;text-align: justify;text-indent: -18.0pt\">\n<!--[if !supportLists]--><i><span style=\"font-size: 13.0pt\">2.<span style=\"font-family: 'Times New Roman';font-size: 7pt\">&nbsp;&nbsp;<\/span><\/span><span style=\"font-size: 13.0pt\">Dado la premura de la<br \/>\ninformaci\u00f3n colgada en el portal, siendo el 30 de octubre e iniciando dicho<br \/>\ncambio el 1 de noviembre, tan s\u00f3lo con 1 d\u00eda de poder informar del cambio,<br \/>\nconsideramos que deber\u00eda posponerse dicho cambio, o en su defecto dejarlo como<br \/>\nalgo exclusivamente voluntario.<\/span><\/i><\/div>\n<div style=\"margin-left: 36.0pt;text-align: justify;text-indent: -18.0pt\">\n<!--[if !supportLists]--><i><span style=\"font-size: 13.0pt\">3.<span style=\"font-family: 'Times New Roman';font-size: 7pt\">&nbsp;<\/span><\/span><span style=\"font-size: 13.0pt\">Nos gustar\u00eda saber si<br \/>\nesta Direcci\u00f3n, pretende obligar a comunicar exclusivamente mediante portal del<br \/>\nempleado, de los procesos de incapacidad temporal, o si por el contrario es una<br \/>\nopci\u00f3n m\u00e1s para el trabajador\/a.<\/span><\/i><\/div>\n<div style=\"margin-left: 36.0pt;text-align: justify;text-indent: -18.0pt\">\n<!--[if !supportLists]--><i><span style=\"font-size: 13.0pt\">4.<span style=\"font-family: 'Times New Roman';font-size: 7pt\">&nbsp;&nbsp;&nbsp; <\/span><\/span><!--[endif]--><span style=\"font-size: 13.0pt\">Nos gustar\u00eda que nos<br \/>\naclararan, el motivo por el cual si existe la posibilidad de adjuntar el<br \/>\ndocumento de baja, confirmaci\u00f3n o alta, tengamos que rellenar numerosos campos<br \/>\nque ya constan en dicho documento.<\/span><\/i><\/div>\n<div style=\"margin-left: 36.0pt;text-align: justify;text-indent: -18.0pt\">\n<!--[if !supportLists]--><i><span style=\"font-size: 13.0pt\">5.<\/span><span style=\"font-size: 9px\">&nbsp;<\/span><span style=\"font-size: 13.0pt\">Nos sorprende que<br \/>\nentre los numerosos campos a rellenar por el trabajador\/a, est\u00e9 el n\u00famero de<br \/>\ntel\u00e9fono, como un campo obligado a rellenar, y solicitamos se nos aclare el<br \/>\nmotivo&nbsp;<\/span><\/i><span style=\"font-family: Arial, sans-serif;font-size: 13pt\"><i>por el cual debemos de introducir nuestro n\u00famero de<br \/>\ntel\u00e9fono.<\/i><\/span><\/div>\n<div style=\"margin-left: 36.0pt;text-align: justify;text-indent: -18.0pt\">\n<i><span style=\"font-size: 13.0pt\"><br \/><\/span><\/i><\/div>\n<div style=\"text-align: justify\">\n<span style=\"font-size: 13.0pt\"><i>Les<br \/>\nrecordamos que no todos los trabajadores\/as disponen de los medios tecnol\u00f3gicos<br \/>\ntanto para acceder al portal del empleado, como para digitalizar o escanear<br \/>\ndocumentos.<\/i><\/span><\/div>\n<div>\n<\/div>\n<table align=\"left\" border=\"0\" cellpadding=\"0\" cellspacing=\"0\" style=\"margin-left: 4.8pt;margin-right: 4.8pt\">\n<tbody>\n<tr>\n<td style=\"padding: 0cm 0cm 0cm 0cm\"><\/td>\n<\/tr>\n<tr>\n<td style=\"padding: 0cm 0cm 0cm 0cm\"><\/td>\n<\/tr>\n<\/tbody>\n<\/table>\n<div style=\"text-align: justify\">\n<span style=\"font-size: 13.0pt\"><i>A la espera de sus<br \/>\ncontestaciones y aclaraciones<\/i><\/span><\/div>\n<div style=\"text-align: justify\">\n<\/div>\n<div style=\"text-align: justify\">\n<\/div>\n<div style=\"text-align: justify\">\n<span style=\"font-size: 13.0pt\"><i>Reciban un cordial saludo<\/i><\/span><\/div>\n<div style=\"text-align: justify\">\n<\/div>\n<div style=\"clear: both\">\n<\/div>\n<div style=\"text-align: justify\">\n<span style=\"font-size: 13.0pt\"><i>Secci\u00f3n Sindical CCOO_BSM<\/i><\/span><\/p>\n<div style=\"clear: both;text-align: center\">\n<a href=\"http:\/\/4.bp.blogspot.com\/-KwHTREmX7ng\/VKkm_3-X9-I\/AAAAAAAAGHw\/9pHiFiaxmow\/s1600\/Recibi%2Baclaraci%C3%B3n%2BCCOO_BSM%2Bnueva%2Bgesti%C3%B3n%2BIT.jpg\" style=\"margin-left: 1em;margin-right: 1em\"><img loading=\"lazy\" decoding=\"async\" border=\"0\" src=\"http:\/\/4.bp.blogspot.com\/-KwHTREmX7ng\/VKkm_3-X9-I\/AAAAAAAAGHw\/9pHiFiaxmow\/s1600\/Recibi%2Baclaraci%C3%B3n%2BCCOO_BSM%2Bnueva%2Bgesti%C3%B3n%2BIT.jpg\" height=\"640\" width=\"464\" \/><\/a><\/div>\n<\/div>\n<div style=\"text-align: justify\">\n<span style=\"font-size: 13pt\">Desde la Direcci\u00f3n de RRHH, nos han convocado a una reuni\u00f3n para el pr\u00f3ximo lunes 10 para tratar este y otros asuntos.<\/span><br \/>\n<span style=\"font-size: 13pt\"><br \/><\/span><br \/>\n<span style=\"font-size: 13pt\">Os seguiremos informando<\/span><\/div>\n<p><\/p>\n","protected":false},"excerpt":{"rendered":"<p>Ayer, jueves 30 de octubre, la Direcci\u00f3n de RRHH, colgaba en el portal del empleado un nuevo protocolo sobre la gesti\u00f3n de la incapacidad temporal, en cuanto a la tramitaci\u00f3n &#8230; <a title=\"Nueva Gest\u00f3n de la Incapacidad Temporal en BSM\" class=\"read-more\" href=\"https:\/\/ccoo.app\/barcelona-serveis-municipals\/nueva-geston-de-la-incapacidad-temporal-en-bsm\/\" aria-label=\"M\u00e9s informaci\u00f3 sobre Nueva Gest\u00f3n de la Incapacidad Temporal en BSM\">Read more<\/a><\/p>\n","protected":false},"author":4519,"featured_media":0,"comment_status":"closed","ping_status":"closed","sticky":false,"template":"","format":"standard","meta":{"footnotes":""},"categories":[1],"tags":[],"class_list":["post-2947","post","type-post","status-publish","format-standard","hentry","category-sin-categoria","generate-columns","tablet-grid-50","mobile-grid-100","grid-parent","grid-33"],"_links":{"self":[{"href":"https:\/\/ccoo.app\/barcelona-serveis-municipals\/wp-json\/wp\/v2\/posts\/2947","targetHints":{"allow":["GET"]}}],"collection":[{"href":"https:\/\/ccoo.app\/barcelona-serveis-municipals\/wp-json\/wp\/v2\/posts"}],"about":[{"href":"https:\/\/ccoo.app\/barcelona-serveis-municipals\/wp-json\/wp\/v2\/types\/post"}],"author":[{"embeddable":true,"href":"https:\/\/ccoo.app\/barcelona-serveis-municipals\/wp-json\/wp\/v2\/users\/4519"}],"replies":[{"embeddable":true,"href":"https:\/\/ccoo.app\/barcelona-serveis-municipals\/wp-json\/wp\/v2\/comments?post=2947"}],"version-history":[{"count":0,"href":"https:\/\/ccoo.app\/barcelona-serveis-municipals\/wp-json\/wp\/v2\/posts\/2947\/revisions"}],"wp:attachment":[{"href":"https:\/\/ccoo.app\/barcelona-serveis-municipals\/wp-json\/wp\/v2\/media?parent=2947"}],"wp:term":[{"taxonomy":"category","embeddable":true,"href":"https:\/\/ccoo.app\/barcelona-serveis-municipals\/wp-json\/wp\/v2\/categories?post=2947"},{"taxonomy":"post_tag","embeddable":true,"href":"https:\/\/ccoo.app\/barcelona-serveis-municipals\/wp-json\/wp\/v2\/tags?post=2947"}],"curies":[{"name":"wp","href":"https:\/\/api.w.org\/{rel}","templated":true}]}}