{"id":2945,"date":"2014-12-04T18:01:00","date_gmt":"2014-12-04T17:01:00","guid":{"rendered":"https:\/\/ccoo.app\/barcelona-serveis-municipals\/direccion-bsm-aplica-articulo-41-estatuto-trabajadores-en-departamento-de-gruas\/"},"modified":"2014-12-04T18:01:00","modified_gmt":"2014-12-04T17:01:00","slug":"direccion-bsm-aplica-articulo-41-estatuto-trabajadores-en-departamento-de-gruas","status":"publish","type":"post","link":"https:\/\/ccoo.app\/barcelona-serveis-municipals\/direccion-bsm-aplica-articulo-41-estatuto-trabajadores-en-departamento-de-gruas\/","title":{"rendered":"Direcci\u00f3n B:SM aplica art\u00edculo 41 (Estatuto Trabajadores) en Departamento de Gr\u00faas"},"content":{"rendered":"<div style=\"clear: both;text-align: center\">\n<\/div>\n<div style=\"line-height: 12pt;text-align: justify\">\n<span style=\"font-family: inherit\">Reunidos a d\u00eda 3 de<br \/>\nDiciembre del 2014 en Rosa Sensat, con la Direcci\u00f3n de RRHH y la Direcci\u00f3n del Departamento de<br \/>\nGr\u00faas nos comunican lo siguiente:<\/span><\/div>\n<div style=\"line-height: 12pt;text-align: justify\">\n<\/div>\n<div style=\"line-height: 12pt;text-align: justify\">\n<span style=\"font-family: inherit\">Que <b>tras el rechazo<br \/>\nde la plantilla al preacuerdo<\/b> en votaci\u00f3n la semana pasada, inician el proceso<br \/>\nlegal de aplicaci\u00f3n de una <b>modificaci\u00f3n sustancial <\/b>de condiciones de trabajo<br \/>\namparada en el <b>art\u00edculo 41<\/b> del estatuto de los trabajadores.<\/span><\/div>\n<div style=\"line-height: 12pt;text-align: justify\">\n<\/div>\n<div style=\"line-height: 12pt;text-align: justify\">\n<span style=\"font-family: inherit\"><br \/><\/span><\/div>\n<div style=\"line-height: 12pt;text-align: justify\">\n<span style=\"font-family: inherit\">Esta modificaci\u00f3n<br \/>\nconstar\u00e1 de dos partes, la primera de aplicaci\u00f3n <b>el 1 de Enero del 2015<\/b>:<\/span><\/div>\n<div style=\"line-height: 12pt;text-align: justify\">\n<span style=\"font-family: inherit\"><br \/><\/span><\/div>\n<div style=\"line-height: 12pt;margin-left: 70.8pt;text-align: justify\">\n<span style=\"font-family: inherit\">&#8211; Incremento<br \/>\nde 10 d\u00edas de trabajo en el cuadrante&nbsp;<br \/>\ndel 2015.<\/span><\/div>\n<div style=\"line-height: 12pt;margin-left: 70.8pt;text-align: justify\">\n<span style=\"font-family: inherit\"><br \/><\/span><\/div>\n<div style=\"line-height: 12pt;margin-left: 70.8pt;text-align: justify\">\n<span style=\"font-family: inherit\">&#8211; Implantar<br \/>\nuna bolsa de 12 horas para prolongaciones.<\/span><\/div>\n<div style=\"line-height: 12pt;margin-left: 70.8pt;text-align: justify\">\n<span style=\"font-family: inherit\"><br \/><\/span><\/div>\n<div style=\"line-height: 12pt;margin-left: 70.8pt;text-align: justify\">\n<span style=\"font-family: inherit\">&#8211; Eliminar<br \/>\nel complemento por la movilidad.<\/span><\/div>\n<div style=\"line-height: 12pt;margin-left: 70.8pt;text-align: justify\">\n<span style=\"font-family: inherit\"><br \/><\/span><\/div>\n<div style=\"line-height: 12pt;margin-left: 70.8pt;text-align: justify\">\n<span style=\"font-family: inherit\">&#8211; Se ampl\u00edan<br \/>\nlos turnos de minivacaciones de navidad a 4 para aprovechar que en navidad hay<br \/>\nm\u00e1s ingresos y tener m\u00e1s gr\u00faas en la calle. <\/span><\/div>\n<div style=\"line-height: 12pt;margin-left: 70.8pt;text-align: justify\">\n<span style=\"font-family: inherit\"><br \/><\/span><\/div>\n<div style=\"line-height: 12pt;margin-left: 70.8pt;text-align: justify\">\n<span style=\"font-family: inherit\">&#8211; Tendr\u00e1<br \/>\ncar\u00e1cter indefinido siendo prorrogable a voluntad de la empresa.<\/span><\/div>\n<div style=\"line-height: 12pt;text-align: justify\">\n<\/div>\n<div style=\"line-height: 12pt;text-align: justify\">\n<span style=\"font-family: inherit\">La segunda parte no<br \/>\nse ha iniciado seg\u00fan la empresa, porque falta un componente legal necesario que<br \/>\nes la fecha de inicio de la modificaci\u00f3n. Seg\u00fan ellos depender\u00e1 de los<br \/>\nresultados de aqu\u00ed a unos meses y si no son satisfactorios constar\u00e1 de:<\/span><\/div>\n<div style=\"line-height: 12pt;text-align: justify\">\n<span style=\"font-family: inherit\"><br \/><\/span><\/div>\n<div style=\"line-height: 12pt;margin-left: 70.8pt;text-align: justify\">\n<span style=\"font-family: inherit\">&#8211; Reducci\u00f3n<br \/>\nde Salario y Jornada<\/span><\/div>\n<div style=\"line-height: 12pt;text-align: justify\">\n<\/div>\n<div style=\"line-height: 12pt;text-align: justify\">\n<span style=\"font-family: inherit\">A todo esto, la<br \/>\nempresa pregunta si hay una propuesta por parte del comit\u00e9 de empresa ya que la<br \/>\nley obliga a negociar a las dos partes durante el proceso. Esta secci\u00f3n<br \/>\nsindical responde que la propuesta ya la hicieron los trabajadores cuando<br \/>\nrechazaron el preacuerdo, aunque sabemos que la ley nos obliga y trabajaremos<br \/>\nen consecuencia.<\/span><\/div>\n<div style=\"line-height: 12pt;text-align: justify\">\n<\/div>\n<div style=\"line-height: 12pt;text-align: justify\">\n<span style=\"font-family: inherit\">Resulta cuanto<br \/>\nmenos curioso que la secci\u00f3n sindical que m\u00e1s trabaj\u00f3 en el rechazo del<br \/>\npreacuerdo fuese la primera en manifestar que aceptaba las condiciones de \u00e9ste<br \/>\nsi se realizaba una segunda votaci\u00f3n.<\/span><\/div>\n<div style=\"line-height: 12pt;text-align: justify\">\n<\/div>\n<div style=\"clear: both;text-align: center\">\n<\/div>\n<div style=\"line-height: 12pt;text-align: justify\">\n<span style=\"font-family: inherit\">Dice mucho del talante<br \/>\nde la Direcci\u00f3n de la Empresa, pese a saber que est\u00e1 obligada a negociar el proceso que se<br \/>\ncierra hasta el d\u00eda 11 de Diciembre, nos diga que el 1 de Enero de 2015<b> vamos a<br \/>\ntener cuadrantes con esos 10 d\u00edas m\u00e1s<\/b> <b>y las otras condiciones s\u00ed o s\u00ed<\/b>, por lo<br \/>\nque pensamos que seguramente ya est\u00e1n hechos. Tambi\u00e9n se\u00f1ala que nos quitemos<br \/>\nde la cabeza cualquier posibilidad de volver a los 223 d\u00edas de trabajo ahora o<br \/>\nen el futuro.<\/span><\/div>\n<div style=\"line-height: 12pt;text-align: justify\">\n<\/div>\n<div style=\"line-height: 12pt;text-align: justify\">\n<span style=\"font-family: inherit\">La secci\u00f3n sindical<br \/>\nde CCOO_BSM, como ha manifestado anteriormente, sigue al lado de la decisi\u00f3n<br \/>\nque todos los trabajadores tomamos por votaci\u00f3n libre y transparente hasta<br \/>\ndonde haga falta llegar.<\/span><\/div>\n<div style=\"line-height: 12pt;text-align: justify\">\n<\/div>\n<div style=\"line-height: 12pt;text-align: justify\">\n<span style=\"font-family: inherit\">Desde aqu\u00ed acusamos<br \/>\na la Direcci\u00f3n General, RRHH y Departamento de Gr\u00faas de <b>no valorar nuestro<br \/>\ntrabajo como un servicio p\u00fablico y esencial<\/b> para la ciudad de Barcelona y<br \/>\ndecimos esencial porque as\u00ed se nos ha catalogado en las \u00faltimas huelgas<br \/>\ngenerales cuando se nos han impuesto los mismos servicios m\u00ednimos que a otros<br \/>\nservicios esenciales como Ambulancias o Bomberos.<\/span><\/div>\n<div style=\"line-height: 12pt;text-align: justify\">\n<\/div>\n<div style=\"line-height: 12pt;text-align: justify\">\n<span style=\"font-family: inherit\"><b>La Gr\u00faa municipal<br \/>\nno puede ni debe ser un instrumento de recaudaci\u00f3n<\/b> pura y dura en manos de una<br \/>\nserie de cargos electos pol\u00edticamente de los cuales no conocemos ni siquiera<br \/>\nsus astron\u00f3micos sueldos y retribuciones. Es y debe ser una herramienta de la<br \/>\nadministraci\u00f3n para mejorar en la medida que sea posible la movilidad en<br \/>\nBarcelona, que es lo que hemos venido haciendo durante los \u00faltimos 30 a\u00f1os y<br \/>\ncada vez con mayor \u00e9xito.<\/span><\/div>\n<div style=\"line-height: 12pt;text-align: justify\">\n<\/div>\n<div style=\"clear: both;text-align: center\">\n<\/div>\n<div style=\"line-height: 12pt;text-align: justify\">\n<span style=\"font-family: inherit\">Con esa premisa por<br \/>\nencima de todas las dem\u00e1s, nos hemos visto obligados a realizar tareas que no<br \/>\nestaban previstas en nuestras funciones. En consonancia con esto, tambi\u00e9n <b>se ha<br \/>\nincrementado continuamente la tasa de la Gr\u00faa<\/b> hasta convertirla en Top-3<br \/>\nEuropeo. Todo esto lo hemos aguantado porque nuestra profesionalidad siempre ha<br \/>\nestado por encima de todo y hemos aceptado que se pod\u00eda mejorar el servicio a<br \/>\nla ciudadan\u00eda a trav\u00e9s de estas medidas. <\/span><\/div>\n<div style=\"line-height: 12pt;text-align: justify\">\n<\/div>\n<div style=\"line-height: 12pt;text-align: justify\">\n<span style=\"font-family: inherit\">Adem\u00e1s de eso hemos<br \/>\naguantado a\u00f1o tras a\u00f1o <b>las infames presiones de la empresa a trav\u00e9s de sus<br \/>\nmandos para ingresar m\u00e1s y m\u00e1s veh\u00edculos <\/b>sin importar nada m\u00e1s.<\/span><\/div>\n<div style=\"line-height: 12pt;text-align: justify\">\n<\/div>\n<div style=\"line-height: 12pt;text-align: justify\">\n<span style=\"font-family: inherit\">A todo esto y tras<br \/>\nrizar nuevamente el rizo e intentar que volvi\u00e9semos a sacrificar otro a\u00f1o<br \/>\ntrabajando m\u00e1s d\u00edas despu\u00e9s de haberlo hecho el 2014, hemos dicho que no<br \/>\npodemos m\u00e1s. Queremos que se respeten nuestras condiciones de trabajo como<br \/>\nestaban establecidas en convenio, calendarios y cuadrantes en el 2013.<\/span><\/div>\n<div style=\"line-height: 12pt;text-align: justify\">\n<\/div>\n<div style=\"line-height: 12pt;text-align: justify\">\n<span style=\"font-family: inherit\">La empresa dice que<br \/>\nvalora el sacrificio realizado pero que nos impone las condiciones por motivos<br \/>\npuramente econ\u00f3micos, porque la unidad tiene d\u00e9ficit, ante lo cual decimos:<\/span><\/div>\n<div style=\"line-height: 12pt;text-align: justify\">\n<\/div>\n<div style=\"line-height: 12pt;text-align: justify\">\n<span style=\"font-family: inherit\">&#8211; El servicio de la<b><br \/>\ngr\u00faa no debe depender de un d\u00e9ficit o unos beneficios<\/b>.<\/span><\/div>\n<div style=\"line-height: 12pt;text-align: justify\">\n<span style=\"font-family: inherit\"><br \/><\/span><\/div>\n<div style=\"line-height: 12pt;text-align: justify\">\n<span style=\"font-family: inherit\">&#8211; Queremos una<br \/>\n<b>auditor\u00eda del d\u00e9ficit<\/b> y ver realmente de donde sale porque tenemos serias<br \/>\ndudas.<\/span><\/div>\n<div style=\"line-height: 12pt;text-align: justify\">\n<span style=\"font-family: inherit\"><br \/><\/span><\/div>\n<div style=\"line-height: 12pt;text-align: justify\">\n<span style=\"font-family: inherit\">&#8211; Es una perversi\u00f3n<br \/>\nque una empresa que tiene cuatro servicios de <b>gr\u00faas externas subcontratadas<\/b> por<br \/>\nun montante superior a l 1.600.000 \u20ac anuales presente d\u00e9ficit como excusa. De<br \/>\nah\u00ed se puede reducir r\u00e1pida y f\u00e1cilmente. <\/span><\/div>\n<div style=\"line-height: 12pt;text-align: justify\">\n<span style=\"font-family: inherit\"><br \/><\/span><\/div>\n<div style=\"line-height: 12pt;text-align: justify\">\n<span style=\"font-family: inherit\">&#8211; Adem\u00e1s de seguir<br \/>\ndesconociendo los <b>salarios de m\u00e1s de 30 directivos<\/b> fuera de convenio, entre los<br \/>\nque est\u00e1n nuestro propio Director de Departamento.<\/span><\/div>\n<div style=\"line-height: 12pt;text-align: justify\">\n<\/div>\n<div style=\"clear: both;text-align: center\">\n<\/div>\n<div style=\"line-height: 12pt;text-align: justify\">\n<span style=\"font-family: inherit\">Ante este despiadado<br \/>\nataque y desprecio por la vida familiar, personal y laboral de los trabajadores<br \/>\nde Gr\u00faas, no tenemos m\u00e1s remedio que pedir la complicidad de los compa\u00f1eros<br \/>\nporque consideramos que el \u00fanico modo de parar esto es iniciar movilizaciones y<br \/>\nconvocar<b> HUELGA <\/b>en la que nos opondremos frontalmente a sus medidas. <\/span><\/div>\n<div style=\"line-height: 12pt;text-align: justify\">\n<\/div>\n<div style=\"line-height: 12pt;text-align: justify\">\n<span style=\"font-family: inherit\">Desde aqu\u00ed animamos<br \/>\nal Comit\u00e9 de Empresa a sumarse a nuestra convocatoria y ponerse al lado de los<br \/>\ntrabajadores si as\u00ed lo considera conveniente.<\/span><\/div>\n<div style=\"line-height: 12pt;text-align: justify\">\n<\/div>\n<div style=\"line-height: 12pt;text-align: justify\">\n<span style=\"font-family: inherit\">Os seguiremos<br \/>\ninformando<\/span><br \/>\n<span style=\"font-family: inherit\"><br \/><\/span><\/div>\n<div style=\"line-height: 12pt;text-align: justify\">\n<div style=\"clear: both;text-align: center\">\n<a href=\"http:\/\/4.bp.blogspot.com\/-yFaO5wN6sKQ\/VKkka-pO5nI\/AAAAAAAAGHc\/Ca8cEAEbN9g\/s1600\/seccio%2Bsindical%2BBSM%2Brecortado.bmp\" style=\"clear: left;float: left;margin-bottom: 1em;margin-right: 1em\"><img loading=\"lazy\" decoding=\"async\" border=\"0\" src=\"http:\/\/4.bp.blogspot.com\/-yFaO5wN6sKQ\/VKkka-pO5nI\/AAAAAAAAGHc\/Ca8cEAEbN9g\/s1600\/seccio%2Bsindical%2BBSM%2Brecortado.bmp\" height=\"61\" width=\"200\" \/><\/a><\/div>\n<p><\/div>\n<div style=\"text-align: justify\">\n<\/div>\n","protected":false},"excerpt":{"rendered":"<p>Reunidos a d\u00eda 3 de Diciembre del 2014 en Rosa Sensat, con la Direcci\u00f3n de RRHH y la Direcci\u00f3n del Departamento de Gr\u00faas nos comunican lo siguiente: Que tras el &#8230; <a title=\"Direcci\u00f3n B:SM aplica art\u00edculo 41 (Estatuto Trabajadores) en Departamento de Gr\u00faas\" class=\"read-more\" href=\"https:\/\/ccoo.app\/barcelona-serveis-municipals\/direccion-bsm-aplica-articulo-41-estatuto-trabajadores-en-departamento-de-gruas\/\" aria-label=\"M\u00e9s informaci\u00f3 sobre Direcci\u00f3n B:SM aplica art\u00edculo 41 (Estatuto Trabajadores) en Departamento de Gr\u00faas\">Read more<\/a><\/p>\n","protected":false},"author":4519,"featured_media":0,"comment_status":"closed","ping_status":"closed","sticky":false,"template":"","format":"standard","meta":{"footnotes":""},"categories":[1],"tags":[],"class_list":["post-2945","post","type-post","status-publish","format-standard","hentry","category-sin-categoria","generate-columns","tablet-grid-50","mobile-grid-100","grid-parent","grid-33"],"_links":{"self":[{"href":"https:\/\/ccoo.app\/barcelona-serveis-municipals\/wp-json\/wp\/v2\/posts\/2945","targetHints":{"allow":["GET"]}}],"collection":[{"href":"https:\/\/ccoo.app\/barcelona-serveis-municipals\/wp-json\/wp\/v2\/posts"}],"about":[{"href":"https:\/\/ccoo.app\/barcelona-serveis-municipals\/wp-json\/wp\/v2\/types\/post"}],"author":[{"embeddable":true,"href":"https:\/\/ccoo.app\/barcelona-serveis-municipals\/wp-json\/wp\/v2\/users\/4519"}],"replies":[{"embeddable":true,"href":"https:\/\/ccoo.app\/barcelona-serveis-municipals\/wp-json\/wp\/v2\/comments?post=2945"}],"version-history":[{"count":0,"href":"https:\/\/ccoo.app\/barcelona-serveis-municipals\/wp-json\/wp\/v2\/posts\/2945\/revisions"}],"wp:attachment":[{"href":"https:\/\/ccoo.app\/barcelona-serveis-municipals\/wp-json\/wp\/v2\/media?parent=2945"}],"wp:term":[{"taxonomy":"category","embeddable":true,"href":"https:\/\/ccoo.app\/barcelona-serveis-municipals\/wp-json\/wp\/v2\/categories?post=2945"},{"taxonomy":"post_tag","embeddable":true,"href":"https:\/\/ccoo.app\/barcelona-serveis-municipals\/wp-json\/wp\/v2\/tags?post=2945"}],"curies":[{"name":"wp","href":"https:\/\/api.w.org\/{rel}","templated":true}]}}