{"id":2944,"date":"2014-12-09T19:47:00","date_gmt":"2014-12-09T18:47:00","guid":{"rendered":"https:\/\/ccoo.app\/barcelona-serveis-municipals\/carta-oberta-al-sr-alcalde-de-barcelona-xavier-trias\/"},"modified":"2014-12-09T19:47:00","modified_gmt":"2014-12-09T18:47:00","slug":"carta-oberta-al-sr-alcalde-de-barcelona-xavier-trias","status":"publish","type":"post","link":"https:\/\/ccoo.app\/barcelona-serveis-municipals\/carta-oberta-al-sr-alcalde-de-barcelona-xavier-trias\/","title":{"rendered":"Carta Oberta al Sr. Alcalde de Barcelona, Xavier Trias"},"content":{"rendered":"<div style=\"text-align: justify\">\n<span lang=\"CA\"><i>Reproduim l&#8217;escrit enregistrat a l&#8217;Ajuntament de Barcelona i adre\u00e7at a l&#8217;alcalde sobre el conflicte obert al departament de grues.<\/i><\/span><\/div>\n<div style=\"text-align: justify\">\n<span lang=\"CA\"><br \/><\/span><\/div>\n<div style=\"text-align: justify\">\n<span lang=\"CA\">Benvolgut senyor,<\/span><\/div>\n<div style=\"text-align: justify\">\n<\/div>\n<div style=\"text-align: justify\">\n<span lang=\"CA\">Es la nostra<br \/>\nvoluntat com a secci\u00f3 sindical CCOO_BSM present i amb representaci\u00f3 al comit\u00e8<br \/>\nd\u2019empresa de Barcelona de Serveis Municipals, S.A. posar en seu<br \/>\nconeixement&nbsp; les grav\u00edssimes mesures que<br \/>\nla Direcci\u00f3 General i en concret el departament de Grues estan duent a terme<br \/>\nenvers els treballadors de la grua municipal de Barcelona.<\/span><\/div>\n<div style=\"text-align: justify\">\n<\/div>\n<div style=\"text-align: justify\">\n<span lang=\"CA\">Motivats per<br \/>\nl\u2019argument del d\u00e8ficit al nostre departament, que segons ells es de m\u00e9s de tres<br \/>\nmilions i mig d\u2019euros, la Direcci\u00f3 de BSM porta dos anys pressionant a la<br \/>\nplantilla del departament de grues per incrementar el nombre d\u2019ingressos de<br \/>\nvehicles d\u2019infracci\u00f3 als dip\u00f2sits municipals de Barcelona.<\/span><\/div>\n<div style=\"text-align: justify\">\n<\/div>\n<div style=\"text-align: justify\">\n<span lang=\"CA\">L\u2019Any passat els<br \/>\ntreballadors van acceptar sota amena\u00e7a de retallades de jornada i salari afegir<br \/>\n10 dies m\u00e9s de treball anuals i una bossa d\u2019hores, en concret 12, per tenir<br \/>\nflexibilitat al final de la jornada, sempre amb la motivaci\u00f3 d\u2019ingressar m\u00e9s<br \/>\nvehicles, perqu\u00e8 el servei de grua no queda mai desat\u00e8s quan finalitza un torn<br \/>\n(mat\u00ed, tarda, nit) donat que sempre han sortit al carrer pr\u00e8viament les grues<br \/>\ndel torn seg\u00fcent.<\/span><\/div>\n<div style=\"text-align: justify\">\n<\/div>\n<div style=\"text-align: justify\">\n<span lang=\"CA\">Tot i que la<br \/>\ndirecci\u00f3 es va comprometre a finalitzar aquestes condiciones extraordin\u00e0ries a<br \/>\n31 de desembre, des d\u2019octubre ens hem tornat a seure en una taula de negociaci\u00f3 perqu\u00e8<br \/>\nsegons ells continuem sense millorar les condicions del d\u00e8ficit. Reticents de<br \/>\nfor\u00e7ar a la plantilla a un altre any dur, amb les conseq\u00fc\u00e8ncies d\u2019aquest<br \/>\naugment de jornades de treball que provoca tirades de vuit i nou dies seguits<br \/>\nsense descans, ens tornem a posar d\u2019acord en un augment de 5 jornades l\u2019any. <\/span><\/div>\n<div style=\"text-align: justify\">\n<\/div>\n<div style=\"text-align: justify\">\n<span lang=\"CA\">Durant aquesta<br \/>\nnegociaci\u00f3 la representaci\u00f3 dels treballadors demana per totes les vies que<br \/>\nl\u2019empresa justifiqui les despeses mitjan\u00e7ant una auditoria del d\u00e8ficit, encara<br \/>\nque sigui interna i ens doni detalls de la tan desastrosa situaci\u00f3 en que ens<br \/>\ntrobem. El resultat \u00e9s que en cap moment ens donen informaci\u00f3 fiable o<br \/>\ncontrastada. <\/span><\/div>\n<div style=\"text-align: justify\">\n<\/div>\n<div style=\"text-align: justify\">\n<span lang=\"CA\">Per\u00f2 aquest cop els<br \/>\ntreballadors ho rebutgen en refer\u00e8ndum, cansats de les setmanes interminables i<br \/>\nsobretot d\u2019una direcci\u00f3 que en cap moment ha donat mostres de col\u00b7laboraci\u00f3 o<br \/>\nd\u2019agra\u00efment per l\u2019esfor\u00e7 fet i no ha parat de pressionar-los de maneres poc<br \/>\nl\u00edcites des de la figura dels encarregats. Tot amb l\u2019objectiu d\u2019augmentar els ingressos<br \/>\nde vehicles d\u2019infracci\u00f3.<\/span><\/div>\n<div style=\"text-align: justify\">\n<\/div>\n<div style=\"text-align: justify\">\n<span lang=\"CA\">En aquest moment,<br \/>\nla Direcci\u00f3 de BSM i del departament de Grues pren la decisi\u00f3 d\u2019aplicar per la<br \/>\nfor\u00e7a les mesures que abans havia intentat negociar, en comptes de complir<br \/>\nl\u2019acord pactat i retornar a les nostres condicions normals de conveni,<br \/>\ncalendaris i quadrants de treball. I les aplica superiors a les pactades, <i>afegir 10 dies de treball i una bossa de 12<br \/>\nhores<\/i>. A m\u00e9s allarga el per\u00edode de vacances de nadal, per tenir m\u00e9s grues<br \/>\nal carrer i, diuen literalment, aprofitar l\u2019augment de la indisciplina per<br \/>\ningressar m\u00e9s vehicles.<\/span><\/div>\n<div style=\"text-align: justify\">\n<span lang=\"CA\">&nbsp;<\/span>&nbsp;<\/div>\n<div style=\"text-align: justify\">\n<span lang=\"CA\">Ens comunica<br \/>\nl\u2019obertura d\u2019un proc\u00e9s legal de modificaci\u00f3 substancial de condicions de<br \/>\ntreball emparada en l\u2019article n\u00famero 41 de l\u2019estatut dels treballadors. El<br \/>\nproc\u00e9s comen\u00e7a el dia 3 de desembre i finalitza el per\u00edode de consultes l\u201911 de<br \/>\nDesembre del 2014. Apart de no tenir pr\u00e0cticament temps de preparar una<br \/>\nnegociaci\u00f3, a la que ens obliga la llei laboral, ens diuen que sigui com sigui el<br \/>\nu de gener s\u2019aplicaran aquestes mesures, el que deixa en evidencia la voluntat<br \/>\nnegociadora de la direcci\u00f3 de BSM. <\/span><\/div>\n<div style=\"text-align: justify\">\n<\/div>\n<div style=\"text-align: justify\">\n<span lang=\"CA\">A m\u00e9s se\u2019ns ha<br \/>\ninformat que si aquesta primera fase de la modificaci\u00f3 de condicions no resulta<br \/>\nsatisfact\u00f2ria per la Direcci\u00f3, d\u2019aqu\u00ed uns mesos hi haur\u00e0 una segona fase en que<br \/>\nse\u2019ns retallaran salaris i jornada.<\/span><\/div>\n<div style=\"text-align: justify\">\n<\/div>\n<div style=\"text-align: justify\">\n<span lang=\"CA\">Des d\u2019aquesta<br \/>\nsecci\u00f3 sindical volem fer-li arribar la nostra opini\u00f3 i reflexar la situaci\u00f3<br \/>\nd\u2019indefensi\u00f3 i indignaci\u00f3 en que es troben els treballadors de grues, una<br \/>\nplantilla amb una mitja entre quinze i trenta anys d\u2019experi\u00e8ncia, d\u2019una professionalitat<br \/>\ntotalment fora de dubte i que malgrat els maltractaments i l\u2019err\u00f2nia pol\u00edtica a<br \/>\nla que son sotmesos des de la direcci\u00f3 ja fa uns quants anys, han mantingut un nivell<br \/>\nde comprom\u00eds amb el servei al ciutad\u00e0, que \u00e9s, sense cap mena de dubte, el<br \/>\nprincipal objectiu del departament de grues. I hauria de ser-ne l\u2019\u00fanic.<\/span><\/div>\n<div style=\"text-align: justify\">\n<\/div>\n<div style=\"text-align: justify\">\n<span lang=\"CA\">Respecte a aquest<br \/>\npunt, donem per fet que vost\u00e8 coneix els elevats \u00edndex de satisfacci\u00f3 ciutadana<br \/>\nrespecte al nostre temps de resposta als requeriments m\u00e9s urgents com poden<br \/>\nser: guals, zones reservades, places de discapacitats f\u00edsics, vehicles<br \/>\nbloquejats, accidents, ingressos per alcohol\u00e8mies positives i de vehicles que<br \/>\nno reuneixin les condicions t\u00e8cniques o administratives per circular.<\/span><\/div>\n<div style=\"text-align: justify\">\n<\/div>\n<div style=\"text-align: justify\">\n<span lang=\"CA\">Tamb\u00e9 \u00e9s un fet,<br \/>\nque la indisciplina d\u2019estacionament a la ciutat de Barcelona a caigut a nivells<br \/>\nsense precedents hist\u00f2rics. <\/span><\/div>\n<div style=\"text-align: justify\">\n<\/div>\n<div style=\"text-align: justify\">\n<span lang=\"CA\">I la taxa de<br \/>\nretirada i est\u00e0ncies de vehicles als dip\u00f2sits municipals ha pujat cont\u00ednuament<br \/>\nfins a nivells molt elevats, nom\u00e9s superats per les taxes d\u2019Amsterdam i Par\u00eds.<\/span><\/div>\n<div style=\"text-align: justify\">\n<\/div>\n<div style=\"text-align: justify\">\n<span lang=\"CA\">Totes aquestes<br \/>\ndades son absolutament contrastables, publiques i BSM se n\u2019ha enorgullit en<br \/>\nmoltes ocasions de la bona feina feta.<\/span><\/div>\n<div style=\"text-align: justify\">\n<\/div>\n<div style=\"text-align: justify\">\n<span lang=\"CA\">Aix\u00ed doncs, perqu\u00e8<br \/>\naquesta bona feina esdev\u00e9 ara un problema de solv\u00e8ncia? Som conscients que el<br \/>\nservei ideal \u00e9s el que es finan\u00e7a a si mateix sense esdevenir deficitari, per\u00f2<br \/>\ntamb\u00e9 en som de que la grua municipal es considerada un servei p\u00fablic essencial<br \/>\ni aix\u00ed s\u2019ha demostrat en les \u00faltimes vagues generals en les que s\u2019han ordenat<br \/>\nuns serveis m\u00ednims equivalents als d\u2019ambul\u00e0ncies o Bombers.<\/span><\/div>\n<div style=\"text-align: justify\">\n<\/div>\n<div style=\"text-align: justify\">\n<span lang=\"CA\">Podem permetre que<br \/>\naquest servei que tan b\u00e9 funciona i que tant ha redu\u00eft la indisciplina i el<br \/>\ntemps d\u2019espera dels ciutadans, amb la conseq\u00fcent millora de la mobilitat a la<br \/>\nciutat, es posi en perill per un problema pressupostari encara sense demostrar?<br \/>\n<\/span><\/div>\n<div style=\"text-align: justify\">\n<\/div>\n<div style=\"text-align: justify\">\n<span lang=\"CA\">O dient-lo d\u2019una<br \/>\naltra manera, es possible que el servei de grues de Barcelona mori d\u2019\u00e8xit?<\/span><\/div>\n<div style=\"text-align: justify\">\n<\/div>\n<div style=\"text-align: justify\">\n<span lang=\"CA\">Les retallades que<br \/>\npret\u00e9n la direcci\u00f3 de BSM implicarien que en molts moments del dia hi hagi<br \/>\nmenor presencia de grues al carrer, arribant a ser molt significativa en el seu<br \/>\nconjunt<\/span><\/div>\n<div style=\"text-align: justify\">\n<\/div>\n<div style=\"text-align: justify\">\n<span lang=\"CA\">Sense cap mena de<br \/>\ndubte aix\u00f2 portaria un grand\u00edssim perjudici a la mobilitat de Barcelona, amb el<br \/>\nposterior malestar ciutad\u00e0, perqu\u00e8 tot i que una figura controvertida i moltes<br \/>\nvegades impopular, el servei de grua es totalment indispensable.<\/span><\/div>\n<div style=\"text-align: justify\">\n<\/div>\n<div style=\"text-align: justify\">\n<span lang=\"CA\">BSM es una empresa<br \/>\nde contrastada solv\u00e8ncia i que en forces ocasions ha demostrat la capacitat<br \/>\nd\u2019assimilar sense cap mena de problemes departaments deficitaris. Estem parlant<br \/>\ndels gaireb\u00e9&nbsp;<\/span>catorze milions<br \/>\nd\u2019euros de d\u00e8ficit del B\u00edcing i d\u2019altres poc rendibles com el F\u00f2rum o l\u2019Anella<br \/>\nOl\u00edmpica.<\/p>\n<p>Aquests casos han estat sempre superats sense cap mena de problema<br \/>\nper un grup BSM que cada any, com es pot comprovar en la seva mem\u00f2ria econ\u00f2mica<br \/>\ni els seus pressupostos, dona molts beneficis i te la capacitat de finan\u00e7ar-se<br \/>\na si mateixa.<\/p><\/div>\n<div style=\"text-align: justify\">\n<\/div>\n<div style=\"text-align: justify\">\n<span lang=\"CA\">Sense anar m\u00e9s<br \/>\nlluny aquest m\u00e9s de Desembre s\u2019ha realitzat una ampliaci\u00f3 de capital d\u2019uns 5,5 milions<br \/>\nd\u2019euros.<\/span><\/div>\n<div style=\"text-align: justify\">\n<\/div>\n<div style=\"text-align: justify\">\n<span lang=\"CA\">Nosaltres demanem<br \/>\nque BSM cobreixi el d\u00e8ficit de grues amb la capacitat econ\u00f2mica de la pr\u00f2pia<br \/>\nempresa i reconeixent que aquest existeix, tot i que no ens han facilitat<br \/>\ndocumentaci\u00f3 oficial per demostrar-ho, ens fem una s\u00e8rie de preguntes.<\/span><\/div>\n<div style=\"text-align: justify\">\n<\/div>\n<div style=\"text-align: justify\">\n<span lang=\"CA\">-Perqu\u00e8 el<br \/>\ndepartament segueix subcontractant serveis de grues externes? En coneixem<br \/>\nalmenys quatre.<\/span><\/div>\n<div style=\"text-align: justify\">\n<\/div>\n<div style=\"text-align: justify\">\n<span lang=\"CA\">Les empreses de grues<br \/>\n<i>Servigr\u00faas<\/i> i <i>De Amo y Guzm\u00e1n<\/i> tenen un cost de gaireb\u00e9 1.700.000 euros anuals i<br \/>\nrealitzen serveis que podrien \u00e9sser assimilats sense cap mena de perjudici per<br \/>\nles grues de BSM en les franges hor\u00e0ries que, segons la direcci\u00f3 de departament<br \/>\nhi ha menys feina d\u2019infracci\u00f3.<\/span><\/div>\n<div style=\"text-align: justify\">\n<\/div>\n<div style=\"text-align: justify\">\n<span lang=\"CA\">Tamb\u00e9 tenim<br \/>\nconeixement de dos empreses m\u00e9s de grues i transports anomenades <i>Fragnor<\/i> i <i>Alianza y Subcontratas<\/i>, de les que no tenim cap mena d\u2019informaci\u00f3,<br \/>\nnom\u00e9s sabem que tenen relaci\u00f3 contractual amb BSM. Estem segurs que aquests<br \/>\nserveis tamb\u00e9 els podr\u00edem fer nosaltres.<\/span><\/div>\n<div style=\"text-align: justify\">\n<\/div>\n<div style=\"text-align: justify\">\n<span lang=\"CA\">-Estem segurs que<br \/>\nprescindir d\u2019aquests serveis podria ser una mesura r\u00e0pida i eficient per<br \/>\ncontrolar les p\u00e8rdues al departament.<\/span><\/div>\n<div style=\"text-align: justify\">\n<\/div>\n<div style=\"text-align: justify\">\n<span lang=\"CA\">-Era necessari<br \/>\nconstruir un nou dip\u00f2sit (carrer Badajoz) amb tot el que costa fer-lo i equipar-lo<br \/>\nquan ten\u00edem una base estable al dip\u00f2sit de Tram VI (Litoral), que tan sols<br \/>\nrepresenta cinc minuts m\u00e9s de despla\u00e7ament fins a l\u2019Eixample o Sant Mart\u00ed, que<br \/>\neren i son les principals zones d\u2019actuaci\u00f3 de les grues assignades a aquest<br \/>\ncentre?<\/span><\/div>\n<div style=\"text-align: justify\">\n<\/div>\n<div style=\"text-align: justify\">\n<span lang=\"CA\">-La substituci\u00f3 de<br \/>\nla flota sencera de grues s\u2019ha de fer de cop? Aix\u00ed ho ha fet sempre BSM i<br \/>\npensem que potser una renovaci\u00f3 gradual tindria menys impacte pressupostari.<\/span><\/div>\n<div style=\"text-align: justify\">\n<span lang=\"CA\">&nbsp;<\/span>&nbsp;<\/div>\n<div style=\"text-align: justify\">\n<span lang=\"CA\">Tot aix\u00f2 ens porta<br \/>\na arribar a la seg\u00fcent pregunta:<\/span><\/div>\n<div style=\"text-align: justify\">\n<\/div>\n<div style=\"text-align: justify\">\n<span lang=\"CA\">-\u00c9s realment la<br \/>\nmobilitat a Barcelona la principal preocupaci\u00f3 de la direcci\u00f3 de BSM? O ha<br \/>\nesdevingut un servei purament recaptatori, sensaci\u00f3 que tenim cada cop m\u00e9s<br \/>\nintensament aquest \u00faltims anys?<\/span><\/div>\n<div style=\"text-align: justify\">\n<\/div>\n<div style=\"text-align: justify\">\n<span lang=\"CA\">Amb sinceritat, no<br \/>\nsabem la resposta per\u00f2 ens temem que es confirmi aquesta \u00faltima sensaci\u00f3.<\/span><\/div>\n<div style=\"text-align: justify\">\n<\/div>\n<div style=\"text-align: justify\">\n<span lang=\"CA\">En nom de la secci\u00f3<br \/>\nsindical CCOO_BSM i dels treballadors del departament de grues li demanem que,<br \/>\ncom a m\u00e0xim dirigent de l\u2019Ajuntament de Barcelona i en conseq\u00fc\u00e8ncia principal<br \/>\nresponsable del funcionament de la mobilitat de Barcelona i de les condicions<br \/>\nlaborals de tots els treballadors p\u00fablics de la ciutat, <b>aturi<\/b> aquesta agressi\u00f3 de la que tots som v\u00edctimes. Nosaltres com a<br \/>\nempleats municipals que veuen greument empitjorades les seves condicions i tots<br \/>\nels usuaris dels carrers de la ciutat que es veuran greument perjudicats per la<br \/>\nprevisible disminuci\u00f3 de la qualitat del nostre servei.<\/span><\/div>\n<div style=\"text-align: justify\">\n<\/div>\n<div style=\"text-align: justify\">\n<span lang=\"CA\">Tots recordem els<br \/>\nseus&nbsp; temps a la oposici\u00f3 i la duresa amb<br \/>\nla que criticava d\u2019utilitzaci\u00f3 del servei de grua com a instrument recaptatori.<br \/>\nCr\u00edtiques que sempre em compartit amb l\u2019esperan\u00e7a de que al \u00e8sser escollit<br \/>\nAlcalde pogu\u00e9s reconduir cap al seu prop\u00f2sit original.<\/span><\/div>\n<div style=\"text-align: justify\">\n<\/div>\n<div style=\"text-align: justify\">\n<span lang=\"CA\">Malgrat que no hem<br \/>\nvist cap acci\u00f3 en aquesta direcci\u00f3 els primers anys del seu mandat, l\u2019aplicaci\u00f3<br \/>\nde noves tecnologies ha millorat el servei cap als alts nivells d\u2019efectivitat<br \/>\nen vers el ciutad\u00e0 que hem assolit i ens congratulem en aquest aspecte.<\/span><\/div>\n<div style=\"text-align: justify\">\n<\/div>\n<div style=\"text-align: justify\">\n<span lang=\"CA\">Per\u00f2 la seva<br \/>\ninacci\u00f3 o passivitat en aquest conflicte ens faria arribar a la conclusi\u00f3 de<br \/>\nque vost\u00e8 ho aprova o fins i tot incentiva. <\/span><\/div>\n<div style=\"text-align: justify\">\n<\/div>\n<div style=\"text-align: justify\">\n<span lang=\"CA\">En aquest cas<br \/>\nportarem a terme mobilitzacions amb tota la nostra for\u00e7a i voluntat. Tamb\u00e9<br \/>\nanirem a la just\u00edcia i als principals mitjans de comunicaci\u00f3 a que es facin<br \/>\nress\u00f2 d\u2019aquesta problem\u00e0tica, l\u2019actitud de l\u2019Ajuntament i en definitiva de<br \/>\nl\u2019Alcalde.<\/span><\/div>\n<div style=\"text-align: justify\">\n<\/div>\n<div style=\"text-align: justify\">\n<span lang=\"CA\">Demanarem l\u2019ajuda i<br \/>\nel suport de les principals forces de l\u2019oposici\u00f3 a l\u2019Ajuntament i dels nous<br \/>\npartits pol\u00edtics que, sense cap mena de dubte, tindran molt a dir despr\u00e9s de<br \/>\nles eleccions municipals de Primavera. En aquest cas la precampanya la<br \/>\ncomen\u00e7arem nosaltres.<\/span><\/div>\n<div style=\"text-align: justify\">\n<\/div>\n<div style=\"text-align: justify\">\n<span lang=\"CA\">Estem del tot segurs<br \/>\nque, donada la controv\u00e8rsia envers la figura de la grua municipal i<br \/>\nespecialment el moment electoral que tenim ja a la cantonada, totes aquestes<br \/>\nconnotacions negatives no seran de cap ajuda per la figura de l\u2019Alcalde, el seu<br \/>\npartit i la propera candidatura de Converg\u00e8ncia i Uni\u00f3 a l\u2019alcaldia del 2015.<\/span><\/div>\n<div style=\"text-align: justify\">\n<\/div>\n<div style=\"text-align: justify\">\n<span lang=\"CA\">Esperem una propera<br \/>\nresposta i estem a la seva disposici\u00f3.<\/span><\/div>\n<div style=\"text-align: justify\">\n<\/div>\n<div style=\"text-align: justify\">\n<span lang=\"CA\">Rebi una cordial<br \/>\nsalutaci\u00f3,<\/span><\/div>\n<div style=\"text-align: justify\">\n<div style=\"clear: both;text-align: center\">\n<\/div>\n<\/div>\n<div style=\"text-align: justify\">\n<div style=\"clear: both;text-align: center\">\n<\/div>\n<table align=\"center\" cellpadding=\"0\" cellspacing=\"0\" style=\"margin-left: auto;margin-right: auto;text-align: center\">\n<tbody>\n<tr>\n<td style=\"text-align: center\"><a href=\"http:\/\/2.bp.blogspot.com\/-S3nLq0S0bfk\/VKklJqXS4VI\/AAAAAAAAGHk\/mzyGK25tfGI\/s1600\/Recib%C3%AD%2BCarta%2BAlcalde%2Bart%2B41%2Bgruas%2B04_12_14.jpg\" style=\"margin-left: auto;margin-right: auto\"><img loading=\"lazy\" decoding=\"async\" border=\"0\" src=\"http:\/\/2.bp.blogspot.com\/-S3nLq0S0bfk\/VKklJqXS4VI\/AAAAAAAAGHk\/mzyGK25tfGI\/s1600\/Recib%C3%AD%2BCarta%2BAlcalde%2Bart%2B41%2Bgruas%2B04_12_14.jpg\" height=\"640\" width=\"451\" \/><\/a><\/td>\n<\/tr>\n<tr>\n<td style=\"text-align: center\"><a href=\"https:\/\/dl.dropboxusercontent.com\/u\/24163046\/Recib%C3%AD%20Carta%20Alcalde%20art%2041%20gruas%2004_12_14.pdf\">Descarrega&#8217;t la carta sencera aqu\u00ed<\/a><\/td>\n<\/tr>\n<\/tbody>\n<\/table>\n<div style=\"clear: both;text-align: center\">\n<\/div>\n<p><span lang=\"CA\"><br \/><\/span><\/div>\n<div style=\"clear: both;text-align: center\">\n<\/div>\n<div style=\"text-align: justify\">\n<span lang=\"CA\"><br \/><\/span><\/div>\n","protected":false},"excerpt":{"rendered":"<p>Reproduim l&#8217;escrit enregistrat a l&#8217;Ajuntament de Barcelona i adre\u00e7at a l&#8217;alcalde sobre el conflicte obert al departament de grues. Benvolgut senyor, Es la nostra voluntat com a secci\u00f3 sindical CCOO_BSM &#8230; <a title=\"Carta Oberta al Sr. Alcalde de Barcelona, Xavier Trias\" class=\"read-more\" href=\"https:\/\/ccoo.app\/barcelona-serveis-municipals\/carta-oberta-al-sr-alcalde-de-barcelona-xavier-trias\/\" aria-label=\"M\u00e9s informaci\u00f3 sobre Carta Oberta al Sr. Alcalde de Barcelona, Xavier Trias\">Read more<\/a><\/p>\n","protected":false},"author":4519,"featured_media":0,"comment_status":"closed","ping_status":"closed","sticky":false,"template":"","format":"standard","meta":{"footnotes":""},"categories":[1],"tags":[],"class_list":["post-2944","post","type-post","status-publish","format-standard","hentry","category-sin-categoria","generate-columns","tablet-grid-50","mobile-grid-100","grid-parent","grid-33"],"_links":{"self":[{"href":"https:\/\/ccoo.app\/barcelona-serveis-municipals\/wp-json\/wp\/v2\/posts\/2944","targetHints":{"allow":["GET"]}}],"collection":[{"href":"https:\/\/ccoo.app\/barcelona-serveis-municipals\/wp-json\/wp\/v2\/posts"}],"about":[{"href":"https:\/\/ccoo.app\/barcelona-serveis-municipals\/wp-json\/wp\/v2\/types\/post"}],"author":[{"embeddable":true,"href":"https:\/\/ccoo.app\/barcelona-serveis-municipals\/wp-json\/wp\/v2\/users\/4519"}],"replies":[{"embeddable":true,"href":"https:\/\/ccoo.app\/barcelona-serveis-municipals\/wp-json\/wp\/v2\/comments?post=2944"}],"version-history":[{"count":0,"href":"https:\/\/ccoo.app\/barcelona-serveis-municipals\/wp-json\/wp\/v2\/posts\/2944\/revisions"}],"wp:attachment":[{"href":"https:\/\/ccoo.app\/barcelona-serveis-municipals\/wp-json\/wp\/v2\/media?parent=2944"}],"wp:term":[{"taxonomy":"category","embeddable":true,"href":"https:\/\/ccoo.app\/barcelona-serveis-municipals\/wp-json\/wp\/v2\/categories?post=2944"},{"taxonomy":"post_tag","embeddable":true,"href":"https:\/\/ccoo.app\/barcelona-serveis-municipals\/wp-json\/wp\/v2\/tags?post=2944"}],"curies":[{"name":"wp","href":"https:\/\/api.w.org\/{rel}","templated":true}]}}