{"id":2943,"date":"2014-12-10T19:06:00","date_gmt":"2014-12-10T18:06:00","guid":{"rendered":"https:\/\/ccoo.app\/barcelona-serveis-municipals\/direccion-bsm-y-servicio-de-prevencion-vuelven-a-demostrar-su-incompetencia\/"},"modified":"2014-12-10T19:06:00","modified_gmt":"2014-12-10T18:06:00","slug":"direccion-bsm-y-servicio-de-prevencion-vuelven-a-demostrar-su-incompetencia","status":"publish","type":"post","link":"https:\/\/ccoo.app\/barcelona-serveis-municipals\/direccion-bsm-y-servicio-de-prevencion-vuelven-a-demostrar-su-incompetencia\/","title":{"rendered":"Direcci\u00f3n B:SM y servicio de prevenci\u00f3n vuelven a demostrar su incompetencia"},"content":{"rendered":"<div style=\"text-align: justify\">\n<div style=\"clear: both;text-align: center\">\n<\/div>\n<p>Martes 9 de diciembre del 2014, un mal d\u00eda para los cientos de trabajadores\/as de B:SM que realizan su actividad al aire libre, con unas condiciones ambientales dif\u00edciles de gestionar, rachas de viento hasta 100 km\/h, siendo <a href=\"http:\/\/eldigital.bcn.cat\/activat-en-fase-dalerta-el-pla-basica-demergencia-per-ventades_118669.html\">activado a las 11:41h el plan de emergencia municipal ante ventadas por el propio Ajuntament de BCN<\/a>, continuando la Direcci\u00f3n de B:SM y servicio de prevenci\u00f3n haciendo caso omiso a nuestras peticiones.<\/div>\n<div style=\"text-align: justify\">\n<\/div>\n<div style=\"text-align: justify\">\nLas previsiones de fuerte viento en la ciudad de Barcelona, se anunciaron d\u00edas atr\u00e1s por los diferentes servicios meteorol\u00f3gicos, sin que ning\u00fan responsable en B:SM tomara nota y realizara las medidas preventivas necesarias.<\/div>\n<div style=\"text-align: justify\">\n<\/div>\n<div style=\"text-align: justify\">\n<div style=\"clear: both;text-align: center\">\n<\/div>\n<p>Esta secci\u00f3n sindical de CCOO_BSM, contactamos v\u00eda email y telef\u00f3nicamente con la responsable del servicio de prevenci\u00f3n de B:SM, sra. Gema Dasca, exponiendo estos hechos y exigiendo se tomen las medidas preventivas, escuchando como por parte de dicha responsable nos contestaba con evasivas del tipo: \u00abme lo miro\u00bb, \u00abme lo estudio\u00bb.<\/p><\/div>\n<div style=\"text-align: justify\">\n<\/div>\n<div style=\"text-align: justify\">\n<div style=\"clear: both;text-align: center\">\n<\/div>\n<p>Menci\u00f3n aparte, merece la gesti\u00f3n en el Park G\u00fcell, la cu\u00e1l siguen d\u00eda tras d\u00eda empe\u00f1ados en que pueden hacerlo peor y adem\u00e1s lo cumplen. Desde Guardia Urbana, junto a la conservadora del Parque, deciden cerrar el parque por precauci\u00f3n ante el fuerte viento que estaba haciendo caer numerosas ramas de \u00e1rboles. El desprop\u00f3sito llega cuando esto se le hace extensible a la Direcci\u00f3n de B:SM, por la zona regulada que gestionamos y \u00e9sta despu\u00e9s de estudiarlo durante mucho rato, decide que no es necesario cerrar la zona regulada ni la zona de libre acceso por carretera del Carmel hasta la zona regulada. Esta Direcci\u00f3n del Park G\u00fcell debi\u00f3 entender que el riego declarado a 2 metros por la autoridad competente, no era el mismo que en la zona regulada para los trabajadores\/as y usuarios, dejando claro que lo primero que prima para este Ajuntament de BCN y para la Direccci\u00f3n de B:SM , es el negocio por encima de la seguridad, un DESPROP\u00d3SITO.<\/p><\/div>\n<div style=\"text-align: justify\">\n<\/div>\n<div style=\"text-align: justify\">\n<div style=\"clear: both;text-align: center\">\n<\/div>\n<p>Es lamentable, no disponer de un protocolo de actuaci\u00f3n ante temporales de viento, lluvia, nieve o cualquier otra inclemencia como altas o bajas temperaturas, como venimos reclamando desde hace ya muchos a\u00f1os. Mientras, desde la Direcci\u00f3n de B:SM, desde la responsable de salud laboral y desde el servicio de prevenci\u00f3n, hacen caso omiso a nuestras peticiones.<\/p><\/div>\n<div style=\"text-align: justify\">\n<\/div>\n<div style=\"text-align: justify\">\nDebe ser que nuestros uniformes de trabajo, disponen de alg\u00fan tipo de complemento que repele \u00e1rboles, contenedores y todo tipo de mobiliario que hemos visto volar por la ciudad de Barcelona.<\/div>\n<div style=\"text-align: justify\">\n<\/div>\n<div style=\"text-align: justify\">\nQue f\u00e1cil es jugar con la seguridad y salud de terceras personas, en este caso de los trabajadores\/as de B:SM y desde esta secci\u00f3n sindical ya estamos cansados de que personas incompetentes callen ante estos graves riesgos, poniendo en peligro nuestra integridad f\u00edsica, por lo que nos vemos obligados a tomar medidas contra estas personas, que van m\u00e1s all\u00e1 de las correspondientes denuncias en inspecci\u00f3n de trabajo y anunciamos que emprendemos las acciones que sean precisas contra los responsables, ya que es evidente que se puso en peligro la integridad de los trabajadores\/as de B:SM.<\/p>\n<p>Os seguiremos informando<\/p><\/div>\n<div style=\"text-align: justify\">\n<\/div>\n<div style=\"text-align: justify\">\n<\/div>\n","protected":false},"excerpt":{"rendered":"<p>Martes 9 de diciembre del 2014, un mal d\u00eda para los cientos de trabajadores\/as de B:SM que realizan su actividad al aire libre, con unas condiciones ambientales dif\u00edciles de gestionar, &#8230; <a title=\"Direcci\u00f3n B:SM y servicio de prevenci\u00f3n vuelven a demostrar su incompetencia\" class=\"read-more\" href=\"https:\/\/ccoo.app\/barcelona-serveis-municipals\/direccion-bsm-y-servicio-de-prevencion-vuelven-a-demostrar-su-incompetencia\/\" aria-label=\"M\u00e9s informaci\u00f3 sobre Direcci\u00f3n B:SM y servicio de prevenci\u00f3n vuelven a demostrar su incompetencia\">Read more<\/a><\/p>\n","protected":false},"author":4519,"featured_media":0,"comment_status":"closed","ping_status":"closed","sticky":false,"template":"","format":"standard","meta":{"footnotes":""},"categories":[1],"tags":[],"class_list":["post-2943","post","type-post","status-publish","format-standard","hentry","category-sin-categoria","generate-columns","tablet-grid-50","mobile-grid-100","grid-parent","grid-33"],"_links":{"self":[{"href":"https:\/\/ccoo.app\/barcelona-serveis-municipals\/wp-json\/wp\/v2\/posts\/2943","targetHints":{"allow":["GET"]}}],"collection":[{"href":"https:\/\/ccoo.app\/barcelona-serveis-municipals\/wp-json\/wp\/v2\/posts"}],"about":[{"href":"https:\/\/ccoo.app\/barcelona-serveis-municipals\/wp-json\/wp\/v2\/types\/post"}],"author":[{"embeddable":true,"href":"https:\/\/ccoo.app\/barcelona-serveis-municipals\/wp-json\/wp\/v2\/users\/4519"}],"replies":[{"embeddable":true,"href":"https:\/\/ccoo.app\/barcelona-serveis-municipals\/wp-json\/wp\/v2\/comments?post=2943"}],"version-history":[{"count":0,"href":"https:\/\/ccoo.app\/barcelona-serveis-municipals\/wp-json\/wp\/v2\/posts\/2943\/revisions"}],"wp:attachment":[{"href":"https:\/\/ccoo.app\/barcelona-serveis-municipals\/wp-json\/wp\/v2\/media?parent=2943"}],"wp:term":[{"taxonomy":"category","embeddable":true,"href":"https:\/\/ccoo.app\/barcelona-serveis-municipals\/wp-json\/wp\/v2\/categories?post=2943"},{"taxonomy":"post_tag","embeddable":true,"href":"https:\/\/ccoo.app\/barcelona-serveis-municipals\/wp-json\/wp\/v2\/tags?post=2943"}],"curies":[{"name":"wp","href":"https:\/\/api.w.org\/{rel}","templated":true}]}}