{"id":2942,"date":"2014-12-11T10:02:00","date_gmt":"2014-12-11T09:02:00","guid":{"rendered":"https:\/\/ccoo.app\/barcelona-serveis-municipals\/documentos-exigidos-y-propuesta-de-ccoo_bsm-en-negociacion-art-41-gruas\/"},"modified":"2014-12-11T10:02:00","modified_gmt":"2014-12-11T09:02:00","slug":"documentos-exigidos-y-propuesta-de-ccoo_bsm-en-negociacion-art-41-gruas","status":"publish","type":"post","link":"https:\/\/ccoo.app\/barcelona-serveis-municipals\/documentos-exigidos-y-propuesta-de-ccoo_bsm-en-negociacion-art-41-gruas\/","title":{"rendered":"Documentos exigidos y propuesta de CCOO_BSM en negociaci\u00f3n art. 41 gr\u00faas"},"content":{"rendered":"<div style=\"text-align: justify\">\n<span style=\"font-family: Arial, Helvetica, sans-serif\">Os reproducimos los escritos entregados y manifestados durante estos d\u00edas de negociaci\u00f3n, con motivo de la imposici\u00f3n de la Direcci\u00f3n de la Empresa, del art\u00edculo 41 sobre modificaciones sustanciales de las condiciones de trabajo, a los trabajadores de gr\u00faas.<\/span><\/div>\n<div style=\"text-align: justify\">\n<i><span style=\"font-family: inherit\"><br \/><\/span><\/i><\/div>\n<div style=\"text-align: center\">\n<b><span style=\"font-family: inherit\">PETICI\u00d3N FORMAL DE INFORMACI\u00d3N DOCUMENTADA A BSM<\/span><\/b><\/div>\n<div style=\"text-align: justify\">\n<\/div>\n<div style=\"text-align: justify\">\n<span style=\"font-family: inherit\">La secci\u00f3n sindical CCOO_BSM,<br \/>\ncon objeto de poder participar en la negociaci\u00f3n del proceso de modificaci\u00f3n de<br \/>\ncondiciones, seg\u00fan art\u00edculo 41 del estatuto de los trabajadores en la unidad de<br \/>\nGr\u00faas, de manera justa, equitativa y transparente solicita, a trav\u00e9s de sus<br \/>\ndelegados de la comisi\u00f3n de Gr\u00faas Josep Prats y Benjam\u00ed Ledesma,<br \/>\nlos siguientes documentos a la direcci\u00f3n general de Barcelona de Serveis<br \/>\nMunicipals, S.A.:<\/span><\/div>\n<div style=\"text-align: justify\">\n<\/div>\n<div style=\"text-align: justify\">\n<span style=\"font-family: inherit\">&#8211; Todos los datos econ\u00f3micos del<br \/>\ndepartamento de Gr\u00faas de los \u00faltimos cinco a\u00f1os, incluyendo: <\/span><\/div>\n<ul style=\"margin-top: 0cm\" type=\"disc\">\n<li style=\"text-align: justify\"><span style=\"font-family: inherit\">Desglose de los costes de personal laboral en n\u00f3minas, horas<br \/>\n     extras y otros conceptos entre los cuales se incluye el salario del jefe<br \/>\n     de departamento y el director de transports, los cuales desconocemos hasta<br \/>\n     la fecha.<\/span><\/li>\n<li style=\"text-align: justify\"><span style=\"font-family: inherit\">Desglose de los gastos materiales en mantenimiento, combustible y<br \/>\n     material necesario para el puesto de trabajo. Aqu\u00ed se incluye los tablets<br \/>\n     y tel\u00e9fonos de reciente adquisici\u00f3n y el montante total de la operaci\u00f3n de<br \/>\n     adquisici\u00f3n de los nuevos 36 veh\u00edculos gr\u00faa y los t\u00e9rminos de pago de<br \/>\n     estos.<\/span><\/li>\n<li style=\"text-align: justify\"><span style=\"font-family: inherit\">Desglose de los gastos de contrataci\u00f3n de los servicios<br \/>\n     subcontratados de gr\u00faas externas Servigr\u00faas y De Amo y Guzm\u00e1n.<\/span><\/li>\n<li style=\"text-align: justify\"><span style=\"font-family: inherit\">Aclaraci\u00f3n de la relaci\u00f3n contractual que las empresas Fragnor (vinculada<br \/>\n     a la familia de Artur Mas) y Alianza y Subcontratas tienen con BSM y si<br \/>\n     deriva alg\u00fan gasto o ingreso de esta actividad, solicitamos cuant\u00eda y<br \/>\n     desglose del mismo.<\/span><\/li>\n<li style=\"text-align: justify\"><span style=\"font-family: inherit\">Desglose de los costes de la construcci\u00f3n, puesta en marcha y<br \/>\n     equipamiento del dep\u00f3sito de Badajoz si se han incluido en los gastos del<br \/>\n     departamento.<\/span><\/li>\n<li style=\"text-align: justify\"><span style=\"font-family: inherit\">Desglose de los todos los ingresos anuales del departamento<br \/>\n     ordenados por conceptos.<\/span><\/li>\n<\/ul>\n<div style=\"text-align: justify\">\n<\/div>\n<div style=\"text-align: justify\">\n<span style=\"font-family: inherit\">&#8211; Los presupuestos generales<br \/>\n2014 y 2015, o la previsi\u00f3n del 2015 si no est\u00e1 aprobado todav\u00eda, de BSM S.A.<\/span><\/div>\n<div style=\"text-align: justify\">\n<\/div>\n<div style=\"text-align: justify\">\n<span style=\"font-family: inherit\">&#8211; Aclaraci\u00f3n de la reciente<br \/>\nampliaci\u00f3n de capital de 5.500.000 euros llevada a cabo por BSM S.A. publicada<br \/>\nel Viernes 14 de Noviembre en el Bolet\u00edn Oficial del Registro Mercantil n\u00fam.<br \/>\n218, p\u00e1gina 15, operaci\u00f3n n\u00famero 461129, Datos Registrales. T 44161, F 132, S<br \/>\n8, H B 108458, I\/A 134 (6.11.14). Queremos saber el objeto y destino del<br \/>\nmontante total de esta operaci\u00f3n.<\/span><\/div>\n<div style=\"text-align: justify\">\n<\/div>\n<div style=\"text-align: justify\">\n<span style=\"font-family: inherit\">&#8211; Los datos de servicio del<br \/>\ndepartamento de Gr\u00faas de los \u00faltimos cinco a\u00f1os, desglosados por fecha, tipo de<br \/>\ngr\u00faa, turno, origen del servicio y finalizaci\u00f3n del servicio. Aqu\u00ed se incluir\u00e1n<br \/>\nlos servicios llevados a cabo por gr\u00faas subcontratadas externas.<\/span><\/div>\n<div style=\"text-align: justify\">\n<\/div>\n<div style=\"text-align: justify\">\n<span style=\"font-family: inherit\">&#8211; El informe de Calidad en el<br \/>\ndepartamento de Gr\u00faas que se vision\u00f3 hace poco durante un curso en los dep\u00f3sitos<br \/>\nde la unidad. Adem\u00e1s, se solicita un hist\u00f3rico de cinco a\u00f1os en que se pueda<br \/>\napreciar la evoluci\u00f3n de la satisfacci\u00f3n ciudadana con el servicio de gr\u00faa en<br \/>\nla ciudad de Barcelona. Los mismos informes que el jefe de unidad nos ha venido<br \/>\nmostrando anualmente en visitas a dep\u00f3sitos.<\/span><\/div>\n<div style=\"text-align: justify\">\n<\/div>\n<div style=\"text-align: justify\">\n<span style=\"font-family: inherit\">&#8211; Un hist\u00f3rico de cinco a\u00f1os<br \/>\ndel estudio de la evoluci\u00f3n de la infracci\u00f3n de estacionamiento en la ciudad de<br \/>\nBarcelona que se nos ha mostrado en diversas reuniones a lo largo de estos<br \/>\n\u00faltimos dos a\u00f1os.<\/span><\/div>\n<div style=\"text-align: justify\">\n<\/div>\n<div style=\"text-align: justify\">\n<span style=\"font-family: inherit\">&#8211; Un hist\u00f3rico de cinco a\u00f1os<br \/>\nde la evoluci\u00f3n del precio de retirada de veh\u00edculo y estancias del dep\u00f3sito<br \/>\nmunicipal por los conceptos de Infracci\u00f3n, Alcoholemia positiva y Falta de<br \/>\nGarant\u00edas.<\/span><\/div>\n<div style=\"text-align: justify\">\n<\/div>\n<div style=\"text-align: justify\">\n<span style=\"font-family: inherit\">&#8211; Los datos de absentismo por<br \/>\naccidente laboral y enfermedad com\u00fan del departamento en un hist\u00f3rico de 5<br \/>\na\u00f1os.<\/span><\/div>\n<div style=\"text-align: justify\">\n<\/div>\n<p><\/p>\n<div style=\"text-align: justify\">\n<span style=\"font-family: inherit\">Esta documentaci\u00f3n que esta<br \/>\nsecci\u00f3n sindical considera imprescindible para la negociaci\u00f3n de este proceso,<br \/>\ndeber\u00e1 ir sellada y firmada por la direcci\u00f3n general y de RRHH o no se<br \/>\nconsiderar\u00e1 v\u00e1lida para la negociaci\u00f3n vigente.<\/span><\/div>\n<div style=\"text-align: justify\">\n<span style=\"font-family: inherit\"><br \/><\/span><\/div>\n<div style=\"text-align: justify\">\n<b><span style=\"font-family: inherit\"><br \/><\/span><\/b><\/div>\n<div style=\"text-align: justify\">\n<b><span style=\"font-family: inherit\">&nbsp; &nbsp; &nbsp; &nbsp; &nbsp; &nbsp; &nbsp; &nbsp; &nbsp; &nbsp; &nbsp; &nbsp; &nbsp;PROPUESTA DE M\u00cdNIMOS PARA LA UNIDAD DE GR\u00daAS &nbsp; &nbsp; &nbsp; &nbsp; &nbsp; &nbsp; &nbsp; &nbsp; &nbsp; &nbsp; &nbsp; &nbsp; &nbsp; &nbsp; &nbsp; &nbsp; &nbsp; &nbsp; &nbsp; &nbsp; &nbsp; &nbsp; &nbsp; &nbsp; &nbsp; &nbsp; &nbsp;&nbsp;<\/span><\/b><\/div>\n<div style=\"text-align: justify\">\n<\/div>\n<div style=\"text-align: justify\">\n<span style=\"font-family: inherit\">En el marco de la negociaci\u00f3n de la aplicaci\u00f3n de la<br \/>\nmodificaci\u00f3n sustancial de condiciones seg\u00fan el art\u00edculo 41 del estatuto de los<br \/>\ntrabajadores a la unidad de Gr\u00faas de Barcelona Serveis Municipals, S.A., la<br \/>\nsecci\u00f3n sindical CCOO_BSM propone los siguientes puntos:<\/span><\/div>\n<div style=\"text-align: justify\">\n<\/div>\n<div style=\"text-align: justify\">\n<span style=\"font-family: inherit\">&#8211; Mejorar las condiciones del preacuerdo rechazado en refer\u00e9ndum<br \/>\npor la plantilla.<\/span><\/div>\n<div style=\"text-align: justify\">\n<\/div>\n<div style=\"text-align: justify\">\n<span style=\"font-family: inherit\">&#8211; Dentro de estas condiciones se considera imprescindible cumplir<br \/>\nlos siguientes puntos:<\/span><\/div>\n<ul style=\"margin-top: 0cm\" type=\"disc\">\n<li style=\"text-align: justify\"><span style=\"font-family: inherit\">Garantizar dos d\u00edas semanales<br \/>\n     de descanso.<\/span><\/li>\n<li style=\"text-align: justify\"><span style=\"font-family: inherit\">Que los tres (o cuatro) Lunes<br \/>\n     despu\u00e9s del Servicio de Morfeo se tengan libres.<\/span><\/li>\n<li style=\"text-align: justify\"><span style=\"font-family: inherit\">Elaborar un cuadrante de control<br \/>\n     para determinar que equipos se libran del Servicio de Morfeo o Domingos.<\/span><\/li>\n<li style=\"text-align: justify\"><span style=\"font-family: inherit\">Se elimina el primer turno<br \/>\n     de vacaciones de navidad y pasar\u00e1n a ser los tres turnos originales.<\/span><\/li>\n<li style=\"text-align: justify\"><span style=\"font-family: inherit\">Estas medidas afectar\u00e1n a<br \/>\n     los turnos de Ma\u00f1ana y Tarde.<\/span><\/li>\n<li style=\"text-align: justify\"><span style=\"font-family: inherit\">El turno de noche pasar\u00e1 a<br \/>\n     trabajar tres d\u00edas menos al a\u00f1o (225), si es necesario se incrementar\u00e1n<br \/>\n     los equipos para cubrirlo, dando prioridad a los que fueron obligados a<br \/>\n     salir del turno y por antig\u00fcedad.<\/span><\/li>\n<\/ul>\n<div style=\"margin-left: 36pt;text-align: justify\">\n<\/div>\n<div style=\"text-align: justify\">\n<span style=\"font-family: inherit\">&#8211; Se rescindir\u00e1 el contrato a las empresas de gr\u00faas externas<br \/>\nServigr\u00faas y De Amo y Guzman, ya que sus servicios los realizar\u00e1 el<br \/>\ndepartamento de Gr\u00faas de BSM S.A. en esas franjas horarias que tanto preocupan<br \/>\na la direcci\u00f3n del departamento por su menor \u00edndice de ingresos. Con esto tambi\u00e9n<br \/>\nse ahorrar\u00e1n un m\u00ednimo de 1.600.000 euros de las subcontratas.<\/span><\/div>\n<div style=\"text-align: justify\">\n<\/div>\n<div style=\"text-align: justify\">\n<span style=\"font-family: inherit\">Para estos servicios se crear\u00e1 un cuadrante de rotaci\u00f3n de<br \/>\nequipos respetando todas las condiciones de convenio colectivo con el objetivo<br \/>\nde que sean correctamente repartidos entre toda la plantilla.<\/span><\/div>\n<div style=\"text-align: justify\">\n<\/div>\n<div style=\"text-align: justify\">\n<span style=\"font-family: inherit\">&#8211; Esta secci\u00f3n sindical valorar\u00eda no tener en cuenta todos<br \/>\nlos puntos anteriores ni mejorar las condiciones del preacuerdo rechazado si se<br \/>\nregresa inmediatamente a las condiciones de convenio colectivo, calendarios y<br \/>\ncuadrante del 2013, que entrar\u00e1n en vigor a partir del uno de Enero del 2015 ya<br \/>\nque as\u00ed lo ha decidido la plantilla.<\/span><\/div>\n<div style=\"text-align: justify\">\n<\/div>\n<div>\n<\/div>\n<div style=\"text-align: justify\">\n<span style=\"font-family: inherit\">&#8211; Aparte de todo esto, en B:SM estamos acostumbrados a trabajar<br \/>\ncon departamentos deficitarios como el Bicing, Zoo, Forum, Montjuic y Anella<br \/>\nOlimpica, sin que ello haya supuesto contrapartidas laborales hacia los<br \/>\ntrabajadores\/as, ya que el d\u00e9ficit de estos departamentos se cubren con los<br \/>\ningresos de otras unidades como Aparcamientos, Estacionamiento Regulado, o m\u00e1s recientemente con el Park G\u00fcell, por<br \/>\nlo que no entendemos ni compartimos porque deben ser castigados los<br \/>\ntrabajadores, con imposiciones de m\u00e1s d\u00edas de trabajo y amenazas de rebaja de<br \/>\nsalario. A modo de ejemplo cabe hacer hincapi\u00e9 en que el Bicing ten\u00eda un<br \/>\nd\u00e9ficit de m\u00e1s de 5 millones de euros en 2013, casi el doble que en gr\u00faas y es asumido por B:SM sin ning\u00fan problema. A esto<br \/>\nhay que a\u00f1adir que a d\u00eda de hoy B:SM ha comprado la nueva pista de hielo del F\u00f3rum por 600.000 euros\u2026un ejemplo m\u00e1s de la f\u00e9rrea salud financiera de esta<br \/>\nempresa.<\/span><\/div>\n<div style=\"text-align: justify\">\n<span style=\"font-family: inherit\"><br \/><\/span><\/div>\n<div style=\"text-align: justify\">\n<span style=\"font-family: inherit\"><br \/><\/span><\/div>\n<div style=\"text-align: justify\">\n<span style=\"font-family: inherit\"><br \/><\/span><\/div>\n<div style=\"text-align: justify\">\n<span style=\"font-family: Arial, Helvetica, sans-serif\">Por desgracia, a la petici\u00f3n de informaci\u00f3n han hecho como siempre, caso omiso, sin aportar m\u00e1s que alg\u00fan dato de palabra del todo inservible para esta negociaci\u00f3n.<\/span><\/div>\n<div style=\"text-align: justify\">\n<span style=\"font-family: Arial, Helvetica, sans-serif\"><br \/><\/span><\/div>\n<div style=\"text-align: justify\">\n<span style=\"font-family: Arial, Helvetica, sans-serif\">En cuanto a la propuesta de m\u00ednimos, la han tildado de propuesta \u00abminoritaria\u00bb y no se han dignado a contestar, a nuestro entender, no les hace falta hacerlo, ya que tienen todo muy bien atado con la mayor\u00eda del comit\u00e9 de empresa, que ni siquiera guarda las formas y ayer mismo ya convocaba una asamblea para ma\u00f1ana viernes 12 para \u00abratificar\u00bb, por lo que entendemos que ya disponen de acuerdo, porque no se puede ratificar algo que no existe.<\/span><\/div>\n<div style=\"text-align: justify\">\n<span style=\"font-family: Arial, Helvetica, sans-serif\"><br \/><\/span><\/div>\n<div style=\"text-align: justify\">\n<span style=\"font-family: Arial, Helvetica, sans-serif\">Os seguiremos informando<\/span><\/div>\n<div style=\"text-align: justify\">\n<span style=\"font-family: Arial, Helvetica, sans-serif\"><br \/><\/span><\/p>\n<div style=\"clear: both;text-align: center\">\n<\/div>\n<p><\/p>\n<div style=\"clear: both;text-align: center\">\n<a href=\"http:\/\/4.bp.blogspot.com\/-yFaO5wN6sKQ\/VKkka-pO5nI\/AAAAAAAAGHc\/Ca8cEAEbN9g\/s1600\/seccio%2Bsindical%2BBSM%2Brecortado.bmp\" style=\"clear: left;float: left;margin-bottom: 1em;margin-right: 1em\"><img loading=\"lazy\" decoding=\"async\" border=\"0\" src=\"http:\/\/4.bp.blogspot.com\/-yFaO5wN6sKQ\/VKkka-pO5nI\/AAAAAAAAGHc\/Ca8cEAEbN9g\/s1600\/seccio%2Bsindical%2BBSM%2Brecortado.bmp\" height=\"61\" width=\"200\" \/><\/a><\/div>\n<p><span style=\"font-family: Arial, Helvetica, sans-serif\"><br \/><\/span><\/div>\n<div style=\"clear: both;text-align: center\">\n<\/div>\n<div style=\"text-align: justify\">\n<span style=\"font-family: Arial, Helvetica, sans-serif\"><br \/><\/span><\/div>\n","protected":false},"excerpt":{"rendered":"<p>Os reproducimos los escritos entregados y manifestados durante estos d\u00edas de negociaci\u00f3n, con motivo de la imposici\u00f3n de la Direcci\u00f3n de la Empresa, del art\u00edculo 41 sobre modificaciones sustanciales de &#8230; <a title=\"Documentos exigidos y propuesta de CCOO_BSM en negociaci\u00f3n art. 41 gr\u00faas\" class=\"read-more\" href=\"https:\/\/ccoo.app\/barcelona-serveis-municipals\/documentos-exigidos-y-propuesta-de-ccoo_bsm-en-negociacion-art-41-gruas\/\" aria-label=\"M\u00e9s informaci\u00f3 sobre Documentos exigidos y propuesta de CCOO_BSM en negociaci\u00f3n art. 41 gr\u00faas\">Read more<\/a><\/p>\n","protected":false},"author":4519,"featured_media":0,"comment_status":"closed","ping_status":"closed","sticky":false,"template":"","format":"standard","meta":{"footnotes":""},"categories":[1],"tags":[],"class_list":["post-2942","post","type-post","status-publish","format-standard","hentry","category-sin-categoria","generate-columns","tablet-grid-50","mobile-grid-100","grid-parent","grid-33"],"_links":{"self":[{"href":"https:\/\/ccoo.app\/barcelona-serveis-municipals\/wp-json\/wp\/v2\/posts\/2942","targetHints":{"allow":["GET"]}}],"collection":[{"href":"https:\/\/ccoo.app\/barcelona-serveis-municipals\/wp-json\/wp\/v2\/posts"}],"about":[{"href":"https:\/\/ccoo.app\/barcelona-serveis-municipals\/wp-json\/wp\/v2\/types\/post"}],"author":[{"embeddable":true,"href":"https:\/\/ccoo.app\/barcelona-serveis-municipals\/wp-json\/wp\/v2\/users\/4519"}],"replies":[{"embeddable":true,"href":"https:\/\/ccoo.app\/barcelona-serveis-municipals\/wp-json\/wp\/v2\/comments?post=2942"}],"version-history":[{"count":0,"href":"https:\/\/ccoo.app\/barcelona-serveis-municipals\/wp-json\/wp\/v2\/posts\/2942\/revisions"}],"wp:attachment":[{"href":"https:\/\/ccoo.app\/barcelona-serveis-municipals\/wp-json\/wp\/v2\/media?parent=2942"}],"wp:term":[{"taxonomy":"category","embeddable":true,"href":"https:\/\/ccoo.app\/barcelona-serveis-municipals\/wp-json\/wp\/v2\/categories?post=2942"},{"taxonomy":"post_tag","embeddable":true,"href":"https:\/\/ccoo.app\/barcelona-serveis-municipals\/wp-json\/wp\/v2\/tags?post=2942"}],"curies":[{"name":"wp","href":"https:\/\/api.w.org\/{rel}","templated":true}]}}