{"id":2940,"date":"2014-12-16T20:14:00","date_gmt":"2014-12-16T19:14:00","guid":{"rendered":"https:\/\/ccoo.app\/barcelona-serveis-municipals\/carta-entregada-a-trabajadores-de-gruas\/"},"modified":"2014-12-16T20:14:00","modified_gmt":"2014-12-16T19:14:00","slug":"carta-entregada-a-trabajadores-de-gruas","status":"publish","type":"post","link":"https:\/\/ccoo.app\/barcelona-serveis-municipals\/carta-entregada-a-trabajadores-de-gruas\/","title":{"rendered":"Carta entregada a trabajadores de gr\u00faas"},"content":{"rendered":"<div style=\"text-align: justify\">\nAdjuntamos la carta que hoy est\u00e1n recibiendo los trabajadores de gr\u00faas con motivo de la modificaci\u00f3n sustancial de las condiciones de trabajo, que ha impuesto la Direcci\u00f3n de B:SM mediante art\u00edculo 41 del Estatuto de los Trabajadores.<\/div>\n<div style=\"clear: both;text-align: center\">\n<\/div>\n<p><\/p>\n<div style=\"clear: both;text-align: center\">\n<\/div>\n<div style=\"clear: both;text-align: center\">\n<\/div>\n<div style=\"clear: both;text-align: center\">\n<\/div>\n<div style=\"clear: both;text-align: center\">\n<a href=\"http:\/\/1.bp.blogspot.com\/-_GNY8sDblFg\/VKkjgdXmuAI\/AAAAAAAAGHM\/UFjibfw8rdk\/s1600\/ART%2B41%2B16-12-14A.jpg\" style=\"margin-left: 1em;margin-right: 1em\"><img loading=\"lazy\" decoding=\"async\" border=\"0\" src=\"http:\/\/1.bp.blogspot.com\/-_GNY8sDblFg\/VKkjgdXmuAI\/AAAAAAAAGHM\/UFjibfw8rdk\/s1600\/ART%2B41%2B16-12-14A.jpg\" height=\"640\" width=\"464\" \/><\/a><\/div>\n<p><\/p>\n<div style=\"clear: both;text-align: center\">\n<a href=\"http:\/\/4.bp.blogspot.com\/-OYnVGZTuU3E\/VKkjUqKzXxI\/AAAAAAAAGG8\/ZYsrNG3Aq2g\/s1600\/ART%2B41%2B16-12-14B.jpg\" style=\"margin-left: 1em;margin-right: 1em\"><img loading=\"lazy\" decoding=\"async\" border=\"0\" src=\"http:\/\/4.bp.blogspot.com\/-OYnVGZTuU3E\/VKkjUqKzXxI\/AAAAAAAAGG8\/ZYsrNG3Aq2g\/s1600\/ART%2B41%2B16-12-14B.jpg\" height=\"640\" width=\"464\" \/><\/a><\/div>\n<p><\/p>\n<div style=\"clear: both;text-align: center\">\n<a href=\"http:\/\/1.bp.blogspot.com\/-medM4spLj30\/VKkjYCU3FnI\/AAAAAAAAGHE\/QP9NbMU-OSQ\/s1600\/ART%2B41%2B16-12-14C.jpg\" style=\"margin-left: 1em;margin-right: 1em\"><img loading=\"lazy\" decoding=\"async\" border=\"0\" src=\"http:\/\/1.bp.blogspot.com\/-medM4spLj30\/VKkjYCU3FnI\/AAAAAAAAGHE\/QP9NbMU-OSQ\/s1600\/ART%2B41%2B16-12-14C.jpg\" height=\"640\" width=\"464\" \/><\/a><\/div>\n<p><\/p>\n<div style=\"clear: both;text-align: center\">\n<\/div>\n<p><\/p>\n","protected":false},"excerpt":{"rendered":"<p>Adjuntamos la carta que hoy est\u00e1n recibiendo los trabajadores de gr\u00faas con motivo de la modificaci\u00f3n sustancial de las condiciones de trabajo, que ha impuesto la Direcci\u00f3n de B:SM mediante &#8230; <a title=\"Carta entregada a trabajadores de gr\u00faas\" class=\"read-more\" href=\"https:\/\/ccoo.app\/barcelona-serveis-municipals\/carta-entregada-a-trabajadores-de-gruas\/\" aria-label=\"M\u00e9s informaci\u00f3 sobre Carta entregada a trabajadores de gr\u00faas\">Read more<\/a><\/p>\n","protected":false},"author":4519,"featured_media":0,"comment_status":"closed","ping_status":"closed","sticky":false,"template":"","format":"standard","meta":{"footnotes":""},"categories":[1],"tags":[],"class_list":["post-2940","post","type-post","status-publish","format-standard","hentry","category-sin-categoria","generate-columns","tablet-grid-50","mobile-grid-100","grid-parent","grid-33"],"_links":{"self":[{"href":"https:\/\/ccoo.app\/barcelona-serveis-municipals\/wp-json\/wp\/v2\/posts\/2940","targetHints":{"allow":["GET"]}}],"collection":[{"href":"https:\/\/ccoo.app\/barcelona-serveis-municipals\/wp-json\/wp\/v2\/posts"}],"about":[{"href":"https:\/\/ccoo.app\/barcelona-serveis-municipals\/wp-json\/wp\/v2\/types\/post"}],"author":[{"embeddable":true,"href":"https:\/\/ccoo.app\/barcelona-serveis-municipals\/wp-json\/wp\/v2\/users\/4519"}],"replies":[{"embeddable":true,"href":"https:\/\/ccoo.app\/barcelona-serveis-municipals\/wp-json\/wp\/v2\/comments?post=2940"}],"version-history":[{"count":0,"href":"https:\/\/ccoo.app\/barcelona-serveis-municipals\/wp-json\/wp\/v2\/posts\/2940\/revisions"}],"wp:attachment":[{"href":"https:\/\/ccoo.app\/barcelona-serveis-municipals\/wp-json\/wp\/v2\/media?parent=2940"}],"wp:term":[{"taxonomy":"category","embeddable":true,"href":"https:\/\/ccoo.app\/barcelona-serveis-municipals\/wp-json\/wp\/v2\/categories?post=2940"},{"taxonomy":"post_tag","embeddable":true,"href":"https:\/\/ccoo.app\/barcelona-serveis-municipals\/wp-json\/wp\/v2\/tags?post=2940"}],"curies":[{"name":"wp","href":"https:\/\/api.w.org\/{rel}","templated":true}]}}