{"id":2937,"date":"2015-01-22T13:20:00","date_gmt":"2015-01-22T12:20:00","guid":{"rendered":"https:\/\/ccoo.app\/barcelona-serveis-municipals\/ajuntament-bcn-y-direccion-bsm-permiten-el-despido-de-19-companeros-as\/"},"modified":"2015-01-22T13:20:00","modified_gmt":"2015-01-22T12:20:00","slug":"ajuntament-bcn-y-direccion-bsm-permiten-el-despido-de-19-companeros-as","status":"publish","type":"post","link":"https:\/\/ccoo.app\/barcelona-serveis-municipals\/ajuntament-bcn-y-direccion-bsm-permiten-el-despido-de-19-companeros-as\/","title":{"rendered":"Ajuntament BCN y Direcci\u00f3n B:SM permiten el despido de 19 compa\u00f1eros\/as"},"content":{"rendered":"<div>\nA\/A Sr. &nbsp; Xavier Trias alcalde de Barcelona<\/div>\n<div>\nA\/A Sra. Sonia Recasens, presidenta de B:SM<\/div>\n<div>\nA\/A Sr. &nbsp; Ignasi Armengol, Director General de B:SM<\/div>\n<div>\n<\/div>\n<div style=\"text-align: center\">\n<b>Carta abierta a los m\u00e1ximos responsables de B:SM y Ajuntament de Barcelona<\/b><\/div>\n<div>\n<\/div>\n<div style=\"clear: both;text-align: center\">\n<a href=\"http:\/\/2.bp.blogspot.com\/-s5l6FcOgToc\/VMDB3Bu37QI\/AAAAAAAAGZg\/GSdJAwYDry0\/s1600\/Cofely%2Bsin%2Bnombres.jpg\" style=\"clear: left;float: left;margin-bottom: 1em;margin-right: 1em\"><img loading=\"lazy\" decoding=\"async\" border=\"0\" src=\"http:\/\/2.bp.blogspot.com\/-s5l6FcOgToc\/VMDB3Bu37QI\/AAAAAAAAGZg\/GSdJAwYDry0\/s1600\/Cofely%2Bsin%2Bnombres.jpg\" height=\"200\" width=\"150\" \/><\/a><\/div>\n<div style=\"text-align: justify\">\nEn estos \u00faltimos d\u00edas hemos sido conocedores, de la triste realidad que afecta a nuestros compa\u00f1eros\/as que se dedican al mantenimiento de los parqu\u00edmetros de Barcelona, los cu\u00e1les mediante carta de su empresa (Cofely), les anuncian la finalizaci\u00f3n del contrato con B:SM y les comunican que su relaci\u00f3n laboral ha finalizado.<\/div>\n<div style=\"text-align: justify\">\n<\/div>\n<div style=\"text-align: justify\">\nHaciendo un poco de historia, el mantenimiento de los parqu\u00edmetros en la ciudad de Barcelona <b>siempre ha estado subcontratado<\/b> a otras empresas, sin ser gestionado directamente por nuestra empresa, pero el personal que se dedica a las labores de mantenimiento era siempre el mismo cambiando de empresa, <b>llevando trabajadores\/as en este mismo cometido hasta 25 a\u00f1os, <\/b>estando ligados en el d\u00eda a d\u00eda a nuestro trabajo de control en la v\u00eda p\u00fablica del estacionamiento regulado.<\/div>\n<div style=\"text-align: justify\">\n<\/div>\n<div style=\"text-align: justify\">\nEl pasado 8 de julio la Direcci\u00f3n de B:SM, adjudic\u00f3 a Parkare Group S.L., por un importe de <b>5,1 millones<\/b> de euros el mantenimiento y la reparaci\u00f3n de los parqu\u00edmetros de Barcelona por un per\u00edodo de 4 a\u00f1os. Esta empresa a su vez ha continuado subcontratando este servicio a Cofely, que ya ven\u00eda realizando estas funciones, pero ya en julio se producen los primeros despidos de trabajadores y el recorte aproximado de 300 euros a todos los trabajadores\/as que contin\u00faan realizando las mismas funciones.<\/div>\n<div style=\"text-align: justify\">\n<\/div>\n<div style=\"clear: both;text-align: center\">\n<a href=\"http:\/\/3.bp.blogspot.com\/-jqfovzITNEo\/VMC5U7nW0oI\/AAAAAAAAGZQ\/NUTRZ5PTfok\/s1600\/Parkare%2Bsin%2Bnombres.jpg\" style=\"clear: right;float: right;margin-bottom: 1em;margin-left: 1em;text-align: justify\"><img loading=\"lazy\" decoding=\"async\" border=\"0\" src=\"http:\/\/3.bp.blogspot.com\/-jqfovzITNEo\/VMC5U7nW0oI\/AAAAAAAAGZQ\/NUTRZ5PTfok\/s1600\/Parkare%2Bsin%2Bnombres.jpg\" height=\"200\" width=\"141\" \/><\/a><\/div>\n<div style=\"text-align: justify\">\nA finales de este 2014 desde Parkare comunican, que prescinden de todos los trabajadores\/as, ya que quieren formar su nuevo equipo para que empiecen a trabajar el d\u00eda 01\/03\/2015 y finalizan dicha carta deseando feliz a\u00f1o 2015 (hay que tener poca verg\u00fcenza para comunicar despido y felicitar el a\u00f1o).<\/div>\n<div style=\"text-align: justify\">\n<\/div>\n<div style=\"text-align: justify\">\nPor otro lado, este mismo mes de enero, los trabajadores reciben carta de su propia empresa Cofely, donde les reafirman la decisi\u00f3n de Parkare y les comunican su despido con fecha 28\/02\/2015.<\/div>\n<div style=\"text-align: justify\">\n<\/div>\n<div style=\"text-align: justify\">\n<\/div>\n<div style=\"text-align: justify\">\nDesde CCOO_BSM queremos resaltar como no puede ser de otra forma, la <b>gran profesionalidad de estas 19 personas<\/b> que echan a la calle sin ninguna contemplaci\u00f3n, 15 trabajadores, 3 encargados y 1 jefa.<\/div>\n<div style=\"text-align: justify\">\n<\/div>\n<div style=\"text-align: justify\">\nPero tambi\u00e9n queremos resaltar, lo que a nuestro parecer es una <b>nula<\/b> implicaci\u00f3n, del Ajuntament de Barcelona y de la Direcci\u00f3n de B:SM por estos despidos, ya que tiene afectaci\u00f3n directa a nuestro trabajo en la v\u00eda p\u00fablica.<\/div>\n<div style=\"text-align: justify\">\n<\/div>\n<div style=\"text-align: justify\">\nNos gustar\u00eda realizar las siguientes cuestiones y afirmaciones hacia el alcalde de Barcelona y la Direcci\u00f3n de B:SM:<\/div>\n<div>\n<ul>\n<li style=\"text-align: justify\">\u00bfQue las 19 personas que despedir\u00e1n, est\u00e9n contratadas por Cofely, para prestar servicio en Parkare, siendo \u00e9sta contratada por B:SM, que es 100% empresa p\u00fablica del Ajuntament de Barcelona, implica que desde el Ajuntament de Barcelona se desentienden de estos 19 despidos?<\/li>\n<li style=\"text-align: justify\">\u00bfHasta el 28\/02\/2015, puede el Ajuntament de Barcelona garantizar que los parqu\u00edmetros est\u00e9n operativos 100%, teniendo un personal casi dos meses con una carta de despido en la mano?<\/li>\n<li style=\"text-align: justify\">Que entiende la Direcci\u00f3n de B:SM por Responsabilidad Social Corporativa, \u00bfsubcontratar hasta el extremo de permitir que echen a la calle a <b>19 personas<\/b> con una dilatada experiencia en el mantenimiento de los parqu\u00edmetros?<\/li>\n<\/ul>\n<div style=\"text-align: justify\">\nLos trabajadores\/as de B:SM no podemos mirar hacia otro lado, cuando se cometen estas tremendas injusticias, 19 compa\u00f1eros y sus respectivas&nbsp;<b>familias que se quedan sin trabajo<\/b>, porque una empresa que quiere hacer negocio, Parkare, finaliza la relaci\u00f3n con otra empresa, Cofely, sin que desde la Direcci\u00f3n de B:SM se ponga remedio a lo principal que son los <b>puestos de trabajo de 19 personas<\/b>.<\/div>\n<\/div>\n<div style=\"text-align: justify\">\n<\/div>\n<div style=\"clear: both;text-align: center\">\n<a href=\"http:\/\/2.bp.blogspot.com\/-MBgeAnh1ofc\/VMDEp-EDIhI\/AAAAAAAAGZs\/xq8ulTGAgmY\/s1600\/alcalde%2Bde%2Blas%2Bpersonas.jpg\" style=\"clear: left;float: left;margin-bottom: 1em;margin-right: 1em\"><img loading=\"lazy\" decoding=\"async\" border=\"0\" src=\"http:\/\/2.bp.blogspot.com\/-MBgeAnh1ofc\/VMDEp-EDIhI\/AAAAAAAAGZs\/xq8ulTGAgmY\/s1600\/alcalde%2Bde%2Blas%2Bpersonas.jpg\" height=\"168\" width=\"200\" \/><\/a><\/div>\n<div style=\"text-align: justify\">\nQue hab\u00eda que cambiar a Cofely porqu\u00e9 est\u00e1 muy vinculada a la <b>corrupci\u00f3n<\/b> (por cierto corrupci\u00f3n perpetrada por directivos y gerentes, no por trabajadores), pues estamos de acuerdo en que la cambien, pero no despidiendo a sus trabajadores sino <b>subrog\u00e1ndolos<\/b> en las mismas condiciones y si esto no lo media nuestra Direcci\u00f3n de B:SM y el Ajuntament de Barcelona, demostrar\u00e1n nuevamente, que&nbsp;<i>\u00abl&#8217;alcalde de les persones\u00bb,<\/i> como utiliz\u00f3 el Sr. Trias en su campa\u00f1a electoral, s\u00f3lo es para las personas ricas y poderosas, s\u00f3lo es para qui\u00e9n dirige una empresa como Saba, como Abertis, o como La Caixa, el resto de personas no somos nadie en esta ciudad.&nbsp;<\/div>\n<div style=\"text-align: justify\">\n<\/div>\n<div style=\"text-align: justify\">\nDesde aqu\u00ed, lanzamos una <b>propuesta<\/b> a la Direcci\u00f3n de B:SM que entendemos que <b>ser\u00eda efectiva y nos ahorrar\u00eda dinero en un futuro<\/b>, como es la <b>incorporaci\u00f3n de estas 19 personas directamente en B:SM<\/b> para realizar las tareas de mantenimiento de los parqu\u00edmetros y la rescisi\u00f3n de la contrata con Parkare por incumplimiento de la Responsabilidad Social Corporativa que exigimos a nuestras subcontratas.<\/div>\n<div style=\"text-align: justify\">\n<\/div>\n<div style=\"text-align: justify\">\nSr Trias, Sra. Recasens y Sr. Armengol, no pueden permitir esta situaci\u00f3n, porqu\u00e9 m\u00e1s all\u00e1 de toda discusi\u00f3n que tengamos por el concepto de nuestra ciudad en la que trabajamos y vivimos, y por el concepto de nuestra empresa p\u00fablica B:SM, <b>seguimos confiando en que a ustedes todav\u00eda les preocupan las personas, o eso esperamos.<\/b><\/div>\n<div style=\"text-align: justify\">\n<\/div>\n<div style=\"text-align: justify\">\nReciban un cordial saludo<\/div>\n<div style=\"clear: both;text-align: center\">\n<a href=\"http:\/\/2.bp.blogspot.com\/-9H1F1EKatBo\/VKVsk8xY8vI\/AAAAAAAAFIo\/i_rRIOYoZgg\/s1600\/seccio%2Bsindical%2BBSM.bmp\" style=\"margin-left: 1em;margin-right: 1em;text-align: center\"><img loading=\"lazy\" decoding=\"async\" border=\"0\" src=\"http:\/\/2.bp.blogspot.com\/-9H1F1EKatBo\/VKVsk8xY8vI\/AAAAAAAAFIo\/i_rRIOYoZgg\/s1600\/seccio%2Bsindical%2BBSM.bmp\" height=\"61\" width=\"200\" \/><\/a><\/div>\n<div style=\"text-align: justify\">\n<\/div>\n<div style=\"text-align: justify\">\n<\/div>\n<div style=\"text-align: justify\">\n<\/div>\n<div>\n<div style=\"text-align: justify\">\n<\/div>\n<div style=\"text-align: justify\">\n<\/div>\n<div style=\"text-align: justify\">\n<\/div>\n<\/div>\n","protected":false},"excerpt":{"rendered":"<p>A\/A Sr. &nbsp; Xavier Trias alcalde de Barcelona A\/A Sra. Sonia Recasens, presidenta de B:SM A\/A Sr. &nbsp; Ignasi Armengol, Director General de B:SM Carta abierta a los m\u00e1ximos responsables &#8230; <a title=\"Ajuntament BCN y Direcci\u00f3n B:SM permiten el despido de 19 compa\u00f1eros\/as\" class=\"read-more\" href=\"https:\/\/ccoo.app\/barcelona-serveis-municipals\/ajuntament-bcn-y-direccion-bsm-permiten-el-despido-de-19-companeros-as\/\" aria-label=\"M\u00e9s informaci\u00f3 sobre Ajuntament BCN y Direcci\u00f3n B:SM permiten el despido de 19 compa\u00f1eros\/as\">Read more<\/a><\/p>\n","protected":false},"author":4519,"featured_media":0,"comment_status":"closed","ping_status":"closed","sticky":false,"template":"","format":"standard","meta":{"footnotes":""},"categories":[1],"tags":[],"class_list":["post-2937","post","type-post","status-publish","format-standard","hentry","category-sin-categoria","generate-columns","tablet-grid-50","mobile-grid-100","grid-parent","grid-33"],"_links":{"self":[{"href":"https:\/\/ccoo.app\/barcelona-serveis-municipals\/wp-json\/wp\/v2\/posts\/2937","targetHints":{"allow":["GET"]}}],"collection":[{"href":"https:\/\/ccoo.app\/barcelona-serveis-municipals\/wp-json\/wp\/v2\/posts"}],"about":[{"href":"https:\/\/ccoo.app\/barcelona-serveis-municipals\/wp-json\/wp\/v2\/types\/post"}],"author":[{"embeddable":true,"href":"https:\/\/ccoo.app\/barcelona-serveis-municipals\/wp-json\/wp\/v2\/users\/4519"}],"replies":[{"embeddable":true,"href":"https:\/\/ccoo.app\/barcelona-serveis-municipals\/wp-json\/wp\/v2\/comments?post=2937"}],"version-history":[{"count":0,"href":"https:\/\/ccoo.app\/barcelona-serveis-municipals\/wp-json\/wp\/v2\/posts\/2937\/revisions"}],"wp:attachment":[{"href":"https:\/\/ccoo.app\/barcelona-serveis-municipals\/wp-json\/wp\/v2\/media?parent=2937"}],"wp:term":[{"taxonomy":"category","embeddable":true,"href":"https:\/\/ccoo.app\/barcelona-serveis-municipals\/wp-json\/wp\/v2\/categories?post=2937"},{"taxonomy":"post_tag","embeddable":true,"href":"https:\/\/ccoo.app\/barcelona-serveis-municipals\/wp-json\/wp\/v2\/tags?post=2937"}],"curies":[{"name":"wp","href":"https:\/\/api.w.org\/{rel}","templated":true}]}}