{"id":2936,"date":"2015-02-16T16:04:00","date_gmt":"2015-02-16T15:04:00","guid":{"rendered":"https:\/\/ccoo.app\/barcelona-serveis-municipals\/segunda-trabajadora-despedida-en-bsm-por-enfermedad\/"},"modified":"2015-02-16T16:04:00","modified_gmt":"2015-02-16T15:04:00","slug":"segunda-trabajadora-despedida-en-bsm-por-enfermedad","status":"publish","type":"post","link":"https:\/\/ccoo.app\/barcelona-serveis-municipals\/segunda-trabajadora-despedida-en-bsm-por-enfermedad\/","title":{"rendered":"Segunda trabajadora despedida en B:SM por enfermedad"},"content":{"rendered":"<div style=\"clear: both;text-align: center\">\n<a href=\"http:\/\/1.bp.blogspot.com\/-tooARl4jZW8\/VOHzALFlJEI\/AAAAAAAAGoI\/nzciaT75YT8\/s1600\/21%2Bdias.jpg\" style=\"clear: left;float: left;margin-bottom: 1em;margin-right: 1em\"><img decoding=\"async\" border=\"0\" src=\"http:\/\/1.bp.blogspot.com\/-tooARl4jZW8\/VOHzALFlJEI\/AAAAAAAAGoI\/nzciaT75YT8\/s1600\/21%2Bdias.jpg\" \/><\/a><\/div>\n<div style=\"text-align: justify\">\nEsta secci\u00f3n sindical ha tenido conocimiento por propios trabajadores\/as de que el pasado viernes 6 de febrero, la Direcci\u00f3n de B:SM <b>procedi\u00f3 a despedir a una compa\u00f1era,<\/b> que realizaba sus funciones administrativas en Gran Via Carles III, <b>por enfermedad<\/b>.<\/div>\n<div style=\"text-align: justify\">\n<\/div>\n<div style=\"text-align: justify\">\nEste es el segundo despido en la historia de B:SM, que realiza la Direcci\u00f3n, alegando razones de absentismo, bas\u00e1ndose en el art\u00edculo 52.d del Estatuto de los Trabajadores que dice literalmente:<\/div>\n<div style=\"margin-bottom: 9.0pt;margin-left: 0cm;margin-right: 0cm;margin-top: 9.0pt;text-align: justify\">\n<i><span style=\"font-size: 11.0pt\">\u201cd) Por faltas de asistencia al<br \/>\ntrabajo, aun justificadas pero intermitentes, que alcancen el 20 % de las<br \/>\njornadas h\u00e1biles en dos meses consecutivos siempre que el total de faltas de<br \/>\nasistencia en los doce meses anteriores alcance el cinco por ciento de las<br \/>\njornadas h\u00e1biles, o el 25 % en cuatro meses discontinuos dentro de un periodo<br \/>\nde doce meses. <\/span><\/i><\/div>\n<div style=\"margin-bottom: 9.0pt;margin-left: 0cm;margin-right: 0cm;margin-top: 9.0pt;text-align: justify\">\n<i><span style=\"font-size: 11.0pt\">No se computar\u00e1n como faltas de<br \/>\nasistencia, a los efectos del p\u00e1rrafo anterior, las ausencias debidas a huelga<br \/>\nlegal por el tiempo de duraci\u00f3n de la misma, el ejercicio de actividades de<br \/>\nrepresentaci\u00f3n legal de los trabajadores, accidente de trabajo, maternidad,<br \/>\nriesgo durante el embarazo y la lactancia, enfermedades causadas por embarazo,<br \/>\nparto o lactancia, paternidad, licencias y vacaciones, enfermedad o accidente<br \/>\nno laboral cuando la baja haya sido acordada por los servicios sanitarios<br \/>\noficiales y tenga una duraci\u00f3n de m\u00e1s de veinte d\u00edas consecutivos, ni las<br \/>\nmotivadas por la situaci\u00f3n f\u00edsica o psicol\u00f3gica derivada de violencia de<br \/>\ng\u00e9nero, acreditada por los servicios sociales de atenci\u00f3n o servicios de Salud,<br \/>\nseg\u00fan proceda. <\/span><\/i><\/div>\n<div style=\"text-align: justify\">\n<\/div>\n<div style=\"margin-bottom: .0001pt;margin: 0cm;text-align: justify\">\n<i><span style=\"font-size: 11.0pt\">Tampoco se computar\u00e1n las ausencias que obedezcan a un tratamiento<br \/>\nm\u00e9dico de c\u00e1ncer o enfermedad grave.\u201d<\/span><\/i><i><span style=\"font-family: Calibri, sans-serif;font-size: 14pt\"><\/span><\/i><\/div>\n<div style=\"text-align: justify\">\n<\/div>\n<div style=\"text-align: justify\">\nComo sabr\u00e9is, el primer despido que realiz\u00f3 B:SM alegando este citado art\u00edculo, fue <a href=\"http:\/\/ccoobsm.blogspot.com.es\/2014\/02\/juicio-por-despido-de-la-companera.html\">la compa\u00f1era Cristina del departamento de AREA, el pasado 19\/12\/2012<\/a>. La compa\u00f1era ejerci\u00f3 su derecho de demandar dicho despido y <a href=\"http:\/\/ccoobsm.blogspot.com.es\/2014\/02\/juicio-por-despido-de-la-companera.html\">en el acto del juicio acord\u00f3 una indemnizaci\u00f3n<\/a> mucho mayor que la establecida legalmente de 20 d\u00edas por a\u00f1o con un m\u00e1ximo de 12 mensualidades.<\/div>\n<div style=\"text-align: justify\">\n<\/div>\n<div style=\"text-align: justify\">\nPor un lado, nos hubiera gustado que los m\u00e1ximos responsables del Comit\u00e9 de Empresa (presidente y secretario de UGT), informaran a todos los trabajadores\/as de esta empresa de despidos y sanciones muy graves que realiza la Direcci\u00f3n de B:SM, protegiendo sus datos personales, porque entendemos que los trabajadores debemos ser conocedores de estas graves situaciones.<\/div>\n<div style=\"text-align: justify\">\n<\/div>\n<div style=\"text-align: justify\">\n<a href=\"http:\/\/4.bp.blogspot.com\/-CmMhcR7bAos\/VOHzrEZJztI\/AAAAAAAAGoQ\/zcd_bx6Fx50\/s1600\/4%2B(2).jpg\" style=\"clear: right;float: right;margin-bottom: 1em;margin-left: 1em\"><img loading=\"lazy\" decoding=\"async\" border=\"0\" src=\"http:\/\/4.bp.blogspot.com\/-CmMhcR7bAos\/VOHzrEZJztI\/AAAAAAAAGoQ\/zcd_bx6Fx50\/s1600\/4%2B(2).jpg\" height=\"143\" width=\"320\" \/><\/a><\/div>\n<div style=\"text-align: justify\">\nPor otro lado, nos preocupa el <b>rasero<\/b> de medir de esta Direcci\u00f3n de B:SM, cuando procede a <b>despedir<\/b> a trabajadoras <b>por enfermedad<\/b>, mientras mantiene <b>o recoloca<\/b> a otros.<\/div>\n<div style=\"text-align: justify\">\n<\/div>\n<div style=\"text-align: justify\">\nDeseamos y esperamos un cambio pol\u00edtico en la Direcci\u00f3n de esta empresa, ya que estos 4 a\u00f1os que se van a cumplir de legislatura, los recordamos como los peores en recortes de derechos laborales.<\/div>\n<div style=\"text-align: justify\">\n<\/div>\n<div style=\"text-align: justify\">\nPor \u00faltimo, no nos gustar\u00eda dejar de manifestar que las evaluaciones y puntuaciones que se est\u00e1n realizando sobre retribuci\u00f3n variable, en los diferentes departamentos, tienen un &#8220;tufo&#8221; a robo encubierto del salario de los trabajadores y eso <b>esta secci\u00f3n sindical ni lo consiente ni lo tolera<\/b>.<\/div>\n<div style=\"text-align: justify\">\n<\/div>\n<div style=\"clear: both;text-align: center\">\n<a href=\"http:\/\/2.bp.blogspot.com\/-JfAL5uoGe2o\/VOHxafGJNkI\/AAAAAAAAGn4\/Qd1rvP1_XK8\/s1600\/despido%2Bobjetivo%2B9%2Bdias%2B2%2Bmeses.jpg\" style=\"margin-left: 1em;margin-right: 1em\"><img loading=\"lazy\" decoding=\"async\" border=\"0\" src=\"http:\/\/2.bp.blogspot.com\/-JfAL5uoGe2o\/VOHxafGJNkI\/AAAAAAAAGn4\/Qd1rvP1_XK8\/s1600\/despido%2Bobjetivo%2B9%2Bdias%2B2%2Bmeses.jpg\" height=\"300\" width=\"400\" \/><\/a><\/div>\n<div style=\"clear: both;text-align: center\">\n<a href=\"http:\/\/4.bp.blogspot.com\/-DkqqGegBYEA\/VOHxaQX4UpI\/AAAAAAAAGn0\/auKlVFaH2S0\/s1600\/despido%2Bobjetivo%2B20%2Bdias%2B4%2Bmeses.jpg\" style=\"margin-left: 1em;margin-right: 1em\"><img loading=\"lazy\" decoding=\"async\" border=\"0\" src=\"http:\/\/4.bp.blogspot.com\/-DkqqGegBYEA\/VOHxaQX4UpI\/AAAAAAAAGn0\/auKlVFaH2S0\/s1600\/despido%2Bobjetivo%2B20%2Bdias%2B4%2Bmeses.jpg\" height=\"300\" width=\"400\" \/><\/a><\/div>\n","protected":false},"excerpt":{"rendered":"<p>Esta secci\u00f3n sindical ha tenido conocimiento por propios trabajadores\/as de que el pasado viernes 6 de febrero, la Direcci\u00f3n de B:SM procedi\u00f3 a despedir a una compa\u00f1era, que realizaba sus &#8230; <a title=\"Segunda trabajadora despedida en B:SM por enfermedad\" class=\"read-more\" href=\"https:\/\/ccoo.app\/barcelona-serveis-municipals\/segunda-trabajadora-despedida-en-bsm-por-enfermedad\/\" aria-label=\"M\u00e9s informaci\u00f3 sobre Segunda trabajadora despedida en B:SM por enfermedad\">Read more<\/a><\/p>\n","protected":false},"author":4519,"featured_media":0,"comment_status":"closed","ping_status":"closed","sticky":false,"template":"","format":"standard","meta":{"footnotes":""},"categories":[1],"tags":[],"class_list":["post-2936","post","type-post","status-publish","format-standard","hentry","category-sin-categoria","generate-columns","tablet-grid-50","mobile-grid-100","grid-parent","grid-33"],"_links":{"self":[{"href":"https:\/\/ccoo.app\/barcelona-serveis-municipals\/wp-json\/wp\/v2\/posts\/2936","targetHints":{"allow":["GET"]}}],"collection":[{"href":"https:\/\/ccoo.app\/barcelona-serveis-municipals\/wp-json\/wp\/v2\/posts"}],"about":[{"href":"https:\/\/ccoo.app\/barcelona-serveis-municipals\/wp-json\/wp\/v2\/types\/post"}],"author":[{"embeddable":true,"href":"https:\/\/ccoo.app\/barcelona-serveis-municipals\/wp-json\/wp\/v2\/users\/4519"}],"replies":[{"embeddable":true,"href":"https:\/\/ccoo.app\/barcelona-serveis-municipals\/wp-json\/wp\/v2\/comments?post=2936"}],"version-history":[{"count":0,"href":"https:\/\/ccoo.app\/barcelona-serveis-municipals\/wp-json\/wp\/v2\/posts\/2936\/revisions"}],"wp:attachment":[{"href":"https:\/\/ccoo.app\/barcelona-serveis-municipals\/wp-json\/wp\/v2\/media?parent=2936"}],"wp:term":[{"taxonomy":"category","embeddable":true,"href":"https:\/\/ccoo.app\/barcelona-serveis-municipals\/wp-json\/wp\/v2\/categories?post=2936"},{"taxonomy":"post_tag","embeddable":true,"href":"https:\/\/ccoo.app\/barcelona-serveis-municipals\/wp-json\/wp\/v2\/tags?post=2936"}],"curies":[{"name":"wp","href":"https:\/\/api.w.org\/{rel}","templated":true}]}}