{"id":2935,"date":"2015-03-04T21:54:00","date_gmt":"2015-03-04T20:54:00","guid":{"rendered":"https:\/\/ccoo.app\/barcelona-serveis-municipals\/lluita-9-edicion-marzo-2015\/"},"modified":"2015-03-04T21:54:00","modified_gmt":"2015-03-04T20:54:00","slug":"lluita-9-edicion-marzo-2015","status":"publish","type":"post","link":"https:\/\/ccoo.app\/barcelona-serveis-municipals\/lluita-9-edicion-marzo-2015\/","title":{"rendered":"Lluita! 9 Edici\u00f3n marzo 2015"},"content":{"rendered":"<table cellpadding=\"0\" cellspacing=\"0\" style=\"float: left;margin-right: 1em;text-align: left\">\n<tbody>\n<tr>\n<td style=\"text-align: center\"><a href=\"http:\/\/4.bp.blogspot.com\/-zRuJL69fydM\/VPdhzYZ4LaI\/AAAAAAAAGxc\/sNWdbf4fqzg\/s1600\/Lluita%2B9%2BMarzo%2B2015.jpg\" style=\"clear: left;margin-bottom: 1em;margin-left: auto;margin-right: auto\"><img loading=\"lazy\" decoding=\"async\" border=\"0\" src=\"http:\/\/4.bp.blogspot.com\/-zRuJL69fydM\/VPdhzYZ4LaI\/AAAAAAAAGxc\/sNWdbf4fqzg\/s1600\/Lluita%2B9%2BMarzo%2B2015.jpg\" height=\"320\" width=\"224\" \/><\/a><\/td>\n<\/tr>\n<tr>\n<td style=\"text-align: center\"><a href=\"https:\/\/dl.dropboxusercontent.com\/u\/24163046\/LLUITA!%209.pdf\">Descargatela aqu\u00ed<\/a><\/td>\n<\/tr>\n<\/tbody>\n<\/table>\n<div style=\"text-align: justify\">\nAdjuntamos el \u00faltimo n\u00famero de la revista de la secci\u00f3n sindical de CCOO_BSM, <a href=\"https:\/\/dl.dropboxusercontent.com\/u\/24163046\/LLUITA!%209.pdf\">Lluita! 9 edici\u00f3n marzo 2015<\/a>, con art\u00edculos de informaci\u00f3n y opini\u00f3n de la realidad en nuestra empresa. Puedes leerla entera <a href=\"https:\/\/dl.dropboxusercontent.com\/u\/24163046\/LLUITA!%209.pdf\">clicando aqu\u00ed<\/a>.<\/div>\n","protected":false},"excerpt":{"rendered":"<p>Descargatela aqu\u00ed Adjuntamos el \u00faltimo n\u00famero de la revista de la secci\u00f3n sindical de CCOO_BSM, Lluita! 9 edici\u00f3n marzo 2015, con art\u00edculos de informaci\u00f3n y opini\u00f3n de la realidad en &#8230; <a title=\"Lluita! 9 Edici\u00f3n marzo 2015\" class=\"read-more\" href=\"https:\/\/ccoo.app\/barcelona-serveis-municipals\/lluita-9-edicion-marzo-2015\/\" aria-label=\"M\u00e9s informaci\u00f3 sobre Lluita! 9 Edici\u00f3n marzo 2015\">Read more<\/a><\/p>\n","protected":false},"author":4519,"featured_media":0,"comment_status":"closed","ping_status":"closed","sticky":false,"template":"","format":"standard","meta":{"footnotes":""},"categories":[1],"tags":[],"class_list":["post-2935","post","type-post","status-publish","format-standard","hentry","category-sin-categoria","generate-columns","tablet-grid-50","mobile-grid-100","grid-parent","grid-33"],"_links":{"self":[{"href":"https:\/\/ccoo.app\/barcelona-serveis-municipals\/wp-json\/wp\/v2\/posts\/2935","targetHints":{"allow":["GET"]}}],"collection":[{"href":"https:\/\/ccoo.app\/barcelona-serveis-municipals\/wp-json\/wp\/v2\/posts"}],"about":[{"href":"https:\/\/ccoo.app\/barcelona-serveis-municipals\/wp-json\/wp\/v2\/types\/post"}],"author":[{"embeddable":true,"href":"https:\/\/ccoo.app\/barcelona-serveis-municipals\/wp-json\/wp\/v2\/users\/4519"}],"replies":[{"embeddable":true,"href":"https:\/\/ccoo.app\/barcelona-serveis-municipals\/wp-json\/wp\/v2\/comments?post=2935"}],"version-history":[{"count":0,"href":"https:\/\/ccoo.app\/barcelona-serveis-municipals\/wp-json\/wp\/v2\/posts\/2935\/revisions"}],"wp:attachment":[{"href":"https:\/\/ccoo.app\/barcelona-serveis-municipals\/wp-json\/wp\/v2\/media?parent=2935"}],"wp:term":[{"taxonomy":"category","embeddable":true,"href":"https:\/\/ccoo.app\/barcelona-serveis-municipals\/wp-json\/wp\/v2\/categories?post=2935"},{"taxonomy":"post_tag","embeddable":true,"href":"https:\/\/ccoo.app\/barcelona-serveis-municipals\/wp-json\/wp\/v2\/tags?post=2935"}],"curies":[{"name":"wp","href":"https:\/\/api.w.org\/{rel}","templated":true}]}}