{"id":2934,"date":"2015-03-06T21:26:00","date_gmt":"2015-03-06T20:26:00","guid":{"rendered":"https:\/\/ccoo.app\/barcelona-serveis-municipals\/reunion-area-6-de-marzo-de-2015\/"},"modified":"2015-03-06T21:26:00","modified_gmt":"2015-03-06T20:26:00","slug":"reunion-area-6-de-marzo-de-2015","status":"publish","type":"post","link":"https:\/\/ccoo.app\/barcelona-serveis-municipals\/reunion-area-6-de-marzo-de-2015\/","title":{"rendered":"REUNI\u00d3N AREA 6 DE MARZO DE 2015"},"content":{"rendered":"<p><!--[if gte mso 9]&gt;--><\/p>\n<p>\n<!--[if gte mso 9]&gt;--><\/p>\n<p>  Normal<br \/>\n  0<\/p>\n<p>  21<\/p>\n<p>  false<br \/>\n  false<br \/>\n  false<\/p>\n<p>  ES<br \/>\n  X-NONE<br \/>\n  X-NONE<\/p>\n<p><!--[if gte mso 9]&gt;--><\/p>\n<p><!--[if gte mso 10]&gt;--><\/p>\n<p><\/p>\n<div style=\"text-align: justify\">\nLa reuni\u00f3n se inici\u00f3 con una previa sobre el encargo del Ayuntamiento, para que BSM gestione los agentes c\u00edvicos que hasta ahora gestionaban empresas privadas, tras la cual nos advirtieron que la sala estaba reservada para m\u00e1s tarde, por lo que deb\u00edamos tratar los temas con cierta &#8220;celeridad&#8221;.<\/div>\n<div style=\"text-align: justify\"><\/div>\n<div style=\"text-align: justify\">\n<\/div>\n<div style=\"text-align: justify\">\n<b>AGENTES C\u00cdVICOS<\/b><\/div>\n<div style=\"text-align: justify\">\n<\/div>\n<div style=\"text-align: justify\">\nEn primer lugar nos sorprenden las prisas para poner en marcha el encargo de los Agentes C\u00edvicos, ya que debe estar funcionando el 1 de abril, lo que entendemos como una evidencia de su intenci\u00f3n electoral.<\/div>\n<div style=\"text-align: justify\">\n<\/div>\n<div style=\"text-align: justify\">\nLos trabajadores que inicialmente<br \/>\nse necesitan son 21, y como primera opci\u00f3n buscar\u00e1n voluntarios del<br \/>\ndepartamento de AREA que tendr\u00e1n su centro de trabajo en la Estaci\u00f3n del Norte,<br \/>\ne inicialmente se pueden presentar todos los vigilantes, caso de no encontrar<br \/>\nsuficientes voluntarios se contratar\u00e1n trabajadores de fuera de BSM. Sobre esto, os recordamos la limitaci\u00f3n de capacidad para negociar cuando los trabajadores se presentan voluntariamente.<\/div>\n<div style=\"text-align: justify\">\n<\/div>\n<div style=\"text-align: justify\">\nTras la puesta en marcha, habr\u00e1<br \/>\nun periodo de prueba donde los vigilantes que no se adapten pasar\u00e1n otra vez al<br \/>\ndepartamento de AREA, diferente ser\u00eda si dentro de 3 a\u00f1os no se renovara el servicio<br \/>\npara el Ayuntamiento, entonces hay compromiso de que los trabajadores sigan en<br \/>\nBSM, pero no se sabe si en el departamento de AREA o en otro, aunque eso no est\u00e1 por escrito.<\/div>\n<div style=\"text-align: justify\">\n<\/div>\n<div style=\"text-align: justify\">\nLas condiciones laborales ser\u00e1n<br \/>\nlas mismas que en AREA salvo en el horario y la rotaci\u00f3n de descansos, ya que<br \/>\nse trabajar\u00e1 1 s\u00e1bado de cada 3 y un domingo o festivo de cada 5, sin doblar. Hoy<br \/>\nmismo ya est\u00e1 la promoci\u00f3n en el portal donde pod\u00e9is comprobar todos los<br \/>\npormenores de las condiciones.<\/div>\n<div style=\"text-align: justify\">\n<\/div>\n<div style=\"text-align: justify\">\nEn este sentido, preguntamos si los vigilantes seleccionados ser\u00e1n escogidos indistintamente del turno de ma\u00f1ana o tarde, al respondernos afirmativamente, en modo evidentemente ir\u00f3nico, preguntamos \u00bfporque coger un trabajador del turno de tarde para agente c\u00edvico no es un problema para la unidad y en cambio si lo es para una reducci\u00f3n de jornada, ya que supone una hecatombe para el departamento? <\/div>\n<div style=\"text-align: justify\">\n<\/div>\n<div style=\"text-align: justify\">\n<a href=\"http:\/\/1.bp.blogspot.com\/-DCVoPO86MJE\/VPn9rDmwLhI\/AAAAAAAAAb8\/yOdIKbWVLcE\/s1600\/chaqueta-workshell-alta-visibilidad-workteam-s9525.jpg\" style=\"clear: right;float: right;margin-bottom: 1em;margin-left: 1em\"><img loading=\"lazy\" decoding=\"async\" border=\"0\" src=\"http:\/\/1.bp.blogspot.com\/-DCVoPO86MJE\/VPn9rDmwLhI\/AAAAAAAAAb8\/yOdIKbWVLcE\/s1600\/chaqueta-workshell-alta-visibilidad-workteam-s9525.jpg\" height=\"200\" width=\"200\" \/><\/a>En cuanto al uniforme, ser\u00e1 una chaqueta naranja, seg\u00fan nos han indicado &#8220;para que no se confundan con la Guardia Urbana&#8221;, y el resto del uniforme ser\u00e1 el mismo que en AREA. Dado que las chaquetas han de estar en menos de un mes, y esperamos que tengan cierta calidad, hemos solicitado que no las compren en ITURRI. <\/div>\n<div style=\"text-align: justify\">\n<\/div>\n<div style=\"text-align: justify\">\nPor nuestra parte, hemos<br \/>\nintentado incidir mucho en la problem\u00e1tica de las posibles agresiones, ya que<br \/>\nla empresa no contempla que pueda ser un servicio conflictivo, por lo que no<br \/>\nir\u00e1n en pareja y no llevar\u00e1n walkie. A nuestro entender, la conflictividad no<br \/>\nes algo que debamos menospreciar, ya que el trabajo de estos compa\u00f1eros ser\u00e1<br \/>\ncorregir conductas \u201cinc\u00edvicas\u201d es decir, que tratar\u00e1n con personas \u201cinc\u00edvicas\u201d,<br \/>\ny creemos que medidas como ir en pareja o llevar el walkie es b\u00e1sico, cuando<br \/>\nmenos, hasta que se demuestre que realmente no es un servicio problem\u00e1tico. <\/div>\n<div style=\"text-align: justify\">\n<\/div>\n<div style=\"text-align: justify\">\n<b>AMENAZA YIHADISTA<\/b><\/div>\n<div style=\"text-align: justify\">\n<\/div>\n<div style=\"text-align: justify\">\nEntrando m\u00e1s en los temas<br \/>\nprevistos, en cuanto a la amenaza Yihadista que el diario \u201cEl Confidencial\u201d<br \/>\npublic\u00f3 <a href=\"http:\/\/www.elconfidencial.com\/espana\/cataluna\/2015-02-17\/un-video-yihadista-pide-secuestrar-policias-y-realizar-una-ejecucion-publica-en-espana_713135\/\">(ver<br \/>\nnoticia aqu\u00ed)<\/a> nos han informado que la empresa se puso en contacto con el<br \/>\nIntendente Mayor de la Guardia Urbana, quien les asegur\u00f3 por email que era un<br \/>\nbulo y que la supuesta alerta era falsa. Aqu\u00ed se abri\u00f3 un ligero debate, ya<br \/>\nque despu\u00e9s de ver las medidas adoptadas por la Guardia Urbana, como chalecos<br \/>\nantibala en lugares que habitualmente no llevan, o ver a los Mossos d\u2019 Escuadra<br \/>\ncon armamento de guerra que s\u00f3lo llevan en situaciones muy concretas, los<br \/>\nrepresentantes de los trabajadores hemos manifestado abiertamente que no nos<br \/>\ncreemos esa versi\u00f3n. Desconocemos si el Intendente Mayor no ha querido mostrar<br \/>\nla realidad, o si la amenaza s\u00f3lo fue comunicada a los Mossos como se puede<br \/>\nleer en la noticia de \u201cEl confidencial\u201d, lo que tenemos claro, es que ha habido<br \/>\nuna situaci\u00f3n de tensi\u00f3n policial y que no se han tomado medidas para nuestra<br \/>\nseguridad.<\/div>\n<div style=\"text-align: justify\">\n<\/div>\n<div style=\"text-align: justify\">\n<b>AREA DUM<\/b><\/div>\n<div style=\"text-align: justify\">\n<\/div>\n<div style=\"text-align: justify\">\nLa empresa ha manifestado su<br \/>\nsatisfacci\u00f3n con los trabajadores que han efectuado la prueba del AREA DUM y el<br \/>\nSCAN-CAR,<span>&nbsp; <\/span>por lo que a modo ir\u00f3nico, hemos<br \/>\nmanifestado que esperamos se haya tenido en cuenta esa satisfacci\u00f3n para el<br \/>\nc\u00e1lculo de su retribuci\u00f3n variable.<\/div>\n<div style=\"text-align: justify\">\nEn cuanto al servicio en s\u00ed, nos<br \/>\ncomunican que dados los resultados, el sistema se extender\u00e1 a toda la<br \/>\nsuperficie de Barcelona donde est\u00e9 implantado el \u00e1rea verde y ser\u00e1 obligatorio<br \/>\npara los comerciales el uso de la aplicaci\u00f3n o el env\u00edo de un SMS, esperando<br \/>\nque este servicio est\u00e9 plenamente implantado sobre el mes de julio.<\/div>\n<div style=\"text-align: justify\">\n<\/div>\n<div style=\"clear: both;text-align: justify\">\n<a href=\"http:\/\/4.bp.blogspot.com\/-NT5jukxgwUk\/VPn908-TyGI\/AAAAAAAAAcE\/0LopJTRs9JU\/s1600\/Se%C3%B1al%2BAREA%2BDUM.jpg\" style=\"clear: left;float: left;margin-bottom: 1em;margin-right: 1em\"><img loading=\"lazy\" decoding=\"async\" border=\"0\" src=\"http:\/\/4.bp.blogspot.com\/-NT5jukxgwUk\/VPn908-TyGI\/AAAAAAAAAcE\/0LopJTRs9JU\/s1600\/Se%C3%B1al%2BAREA%2BDUM.jpg\" height=\"200\" width=\"117\" \/><\/a><\/div>\n<div style=\"text-align: justify\">\nPor nuestra parte, manifestamos<br \/>\nnuestra queja respecto a que se pueda denunciar a los comerciales que no lo<br \/>\ntengan activado desde el primer momento. No vemos l\u00f3gico que alguien que pueda<br \/>\nvenir de fuera de Barcelona se le deba denunciar por desconocer la aplicaci\u00f3n,<br \/>\no la se\u00f1alizaci\u00f3n, que se obligue a todos a llevar un smartphone, o que no se<br \/>\nentienda que un repartidor que efect\u00faa 50 paradas diarias se le puede olvidar<br \/>\nactivar la aplicaci\u00f3n alguna vez.<\/div>\n<div style=\"text-align: justify\">\n<\/div>\n<div style=\"text-align: justify\">\nA nuestro entender el AREA DUM<br \/>\npuede ser una buena herramienta para acumular informaci\u00f3n sobre el uso de las<br \/>\nzonas de carga en la ciudad, o para descartar la vigilancia de una carga determinada,<br \/>\npero creemos que nos deber\u00edamos asegurar que realmente llevan m\u00e1s de 30 minutos<br \/>\n(como indica la normativa) antes de denunciar.<\/div>\n<div style=\"text-align: justify\">\n<\/div>\n<div style=\"text-align: justify\">\n<b>SCAN-CAR (Coche foto multa)<\/b><\/div>\n<div style=\"text-align: justify\">\n<\/div>\n<div style=\"text-align: justify\">\nLa valoraci\u00f3n que hace la empresa<br \/>\nsobre las pruebas que se est\u00e1n haciendo es muy positiva, e indican que<br \/>\nfinalizar\u00e1n el 31 de marzo.<\/div>\n<div style=\"text-align: justify\">\n<\/div>\n<div style=\"text-align: justify\">\n<b>PDAs<\/b><\/div>\n<div style=\"text-align: justify\">\n<\/div>\n<div style=\"text-align: justify\">\nPr\u00f3ximamente se lanzar\u00e1 la<br \/>\nlicitaci\u00f3n para la adquisici\u00f3n de nuevas PDAs, pero nos informan que se<br \/>\ncomprar\u00e1n m\u00e1s all\u00e1 de diciembre de 2015 como estaba previsto.<\/div>\n<div style=\"text-align: justify\">\n<\/div>\n<div style=\"text-align: justify\">\nSe est\u00e1 pensando en PDAs tipo<br \/>\nSmartphone (de tama\u00f1o m\u00e1s bien grande), por su flexibilidad para implantar<br \/>\nnuevas versiones sin tener que modificar las tarjetas de memoria.<\/div>\n<div style=\"text-align: justify\">\n<\/div>\n<div style=\"text-align: justify\">\n<b>PARQUIMETROS<\/b><\/div>\n<div style=\"text-align: justify\">\n<\/div>\n<div style=\"text-align: justify\">\nCCOO hemos preguntado si<br \/>\nfinalmente se cambiar\u00e1n los parqu\u00edmetros en 2017 como se hab\u00eda previsto, pero<br \/>\nno han sabido contestarnos. Al hilo de este tema, nos informan que la<br \/>\nvaloraci\u00f3n que efect\u00faan del servicio prestado por Parkare es muy positiva, ya<br \/>\nque est\u00e1n poniendo m\u00e1s medios que los inicialmente contratados, es decir, que<br \/>\nsus trabajadores est\u00e1n trabajando los fines de semana, que no estaba previsto.<\/div>\n<div style=\"text-align: justify\">\n<\/div>\n<div style=\"text-align: justify\">\nSin m\u00e1s se acaba la reuni\u00f3n y nos<br \/>\nemplazan a tratar los temas con m\u00e1s tiempo en otra ocasi\u00f3n.<\/div>\n<div style=\"text-align: justify\">\n<\/div>\n","protected":false},"excerpt":{"rendered":"<p>Normal 0 21 false false false ES X-NONE X-NONE La reuni\u00f3n se inici\u00f3 con una previa sobre el encargo del Ayuntamiento, para que BSM gestione los agentes c\u00edvicos que hasta &#8230; <a title=\"REUNI\u00d3N AREA 6 DE MARZO DE 2015\" class=\"read-more\" href=\"https:\/\/ccoo.app\/barcelona-serveis-municipals\/reunion-area-6-de-marzo-de-2015\/\" aria-label=\"M\u00e9s informaci\u00f3 sobre REUNI\u00d3N AREA 6 DE MARZO DE 2015\">Read more<\/a><\/p>\n","protected":false},"author":4886,"featured_media":0,"comment_status":"closed","ping_status":"closed","sticky":false,"template":"","format":"standard","meta":{"footnotes":""},"categories":[1],"tags":[],"class_list":["post-2934","post","type-post","status-publish","format-standard","hentry","category-sin-categoria","generate-columns","tablet-grid-50","mobile-grid-100","grid-parent","grid-33"],"_links":{"self":[{"href":"https:\/\/ccoo.app\/barcelona-serveis-municipals\/wp-json\/wp\/v2\/posts\/2934","targetHints":{"allow":["GET"]}}],"collection":[{"href":"https:\/\/ccoo.app\/barcelona-serveis-municipals\/wp-json\/wp\/v2\/posts"}],"about":[{"href":"https:\/\/ccoo.app\/barcelona-serveis-municipals\/wp-json\/wp\/v2\/types\/post"}],"author":[{"embeddable":true,"href":"https:\/\/ccoo.app\/barcelona-serveis-municipals\/wp-json\/wp\/v2\/users\/4886"}],"replies":[{"embeddable":true,"href":"https:\/\/ccoo.app\/barcelona-serveis-municipals\/wp-json\/wp\/v2\/comments?post=2934"}],"version-history":[{"count":0,"href":"https:\/\/ccoo.app\/barcelona-serveis-municipals\/wp-json\/wp\/v2\/posts\/2934\/revisions"}],"wp:attachment":[{"href":"https:\/\/ccoo.app\/barcelona-serveis-municipals\/wp-json\/wp\/v2\/media?parent=2934"}],"wp:term":[{"taxonomy":"category","embeddable":true,"href":"https:\/\/ccoo.app\/barcelona-serveis-municipals\/wp-json\/wp\/v2\/categories?post=2934"},{"taxonomy":"post_tag","embeddable":true,"href":"https:\/\/ccoo.app\/barcelona-serveis-municipals\/wp-json\/wp\/v2\/tags?post=2934"}],"curies":[{"name":"wp","href":"https:\/\/api.w.org\/{rel}","templated":true}]}}