{"id":2933,"date":"2015-03-13T21:03:00","date_gmt":"2015-03-13T20:03:00","guid":{"rendered":"https:\/\/ccoo.app\/barcelona-serveis-municipals\/reunion-agentes-civicos-del-13-3-2015\/"},"modified":"2015-03-13T21:03:00","modified_gmt":"2015-03-13T20:03:00","slug":"reunion-agentes-civicos-del-13-3-2015","status":"publish","type":"post","link":"https:\/\/ccoo.app\/barcelona-serveis-municipals\/reunion-agentes-civicos-del-13-3-2015\/","title":{"rendered":"REUNI\u00d3N AGENTES CIVICOS DEL 13\/3\/2015"},"content":{"rendered":"<p><!--[if gte mso 9]&gt;--><\/p>\n<p>\n<!--[if gte mso 9]&gt;--><\/p>\n<p>  Normal<br \/>\n  0<\/p>\n<p>  21<\/p>\n<p>  false<br \/>\n  false<br \/>\n  false<\/p>\n<p>  ES<br \/>\n  X-NONE<br \/>\n  X-NONE<\/p>\n<p><!--[if gte mso 9]&gt;--><\/p>\n<p><!--[if gte mso 10]&gt;--><\/p>\n<p><\/p>\n<div style=\"text-align: justify\">\nEn la reuni\u00f3n de este medio d\u00eda para solventar las dudas que<br \/>\nlos trabajadores nos han transmitido sobre las condiciones laborales de los<br \/>\nAgentes C\u00edvicos, que hab\u00eda sido solicitada por varios sindicatos, entre ellos<br \/>\nCCOO, se han tratado los siguientes temas.<\/div>\n<div style=\"text-align: justify\">\n<\/div>\n<div style=\"text-align: justify\">\nLos Agentes C\u00edvicos no saldr\u00e1n de Norte como estaba<br \/>\nprevisto inicialmente, saldr\u00e1n del dep\u00f3sito de Pau, lo que significa que los<br \/>\nvigilantes de AREA de Pau ser\u00e1n redistribuidos por otros dep\u00f3sitos en breve.<\/div>\n<div style=\"text-align: justify\">\n<\/div>\n<div style=\"text-align: justify\">\nActualmente hay 9 vigilantes voluntarios y m\u00e1s encargados<br \/>\nvoluntarios de los que necesitan.<\/div>\n<div style=\"text-align: justify\">\n<\/div>\n<div style=\"text-align: justify\">\nEn otro orden, y aunque no est\u00e9 relacionado con los<br \/>\nagentes c\u00edvicos, decir que la direcci\u00f3n ha manifestado a esta Secci\u00f3n Sindical<br \/>\nque la prueba piloto del coche fotomulta se ampliar\u00e1 un mes (a cargo de la<br \/>\nempresa licitada) debido a que inicialmente tuvieron alg\u00fan problema de ajustes.<\/div>\n<div style=\"text-align: justify\">\n<\/div>\n<div style=\"text-align: justify\">\n<a href=\"http:\/\/4.bp.blogspot.com\/-b11-vj7ebdU\/VQMwSv31XeI\/AAAAAAAAAck\/LU9WkKUdwpU\/s1600\/interrogacion.jpg\" style=\"clear: right;float: right;margin-bottom: 1em;margin-left: 1em\"><img loading=\"lazy\" decoding=\"async\" border=\"0\" src=\"http:\/\/4.bp.blogspot.com\/-b11-vj7ebdU\/VQMwSv31XeI\/AAAAAAAAAck\/LU9WkKUdwpU\/s1600\/interrogacion.jpg\" height=\"320\" width=\"256\" \/><\/a>En cuanto a las preguntas que nos han trasladado los<br \/>\ntrabajadores han contestado lo siguiente:<\/div>\n<div style=\"text-align: justify\">\n<\/div>\n<div style=\"text-align: justify\">\nLas horas que se hacen de m\u00e1s con este cuadrante \u00bfse<br \/>\npagan como horas extras o con descansos?<\/div>\n<div style=\"margin-left: 36pt;text-align: justify;text-indent: -18pt\">\n<span><span>&#8211;<span>&nbsp;&nbsp;&nbsp;&nbsp;&nbsp;&nbsp;&nbsp;&nbsp;&nbsp;<br \/>\n<\/span><\/span><\/span>No hay horas extras. Nos han reconocido un error<br \/>\nen los horarios publicados (CCOO hab\u00eda calculado unas 72 horas de m\u00e1s), y que<br \/>\nen breve nos har\u00e1n llegar los horarios correctos. Apuntando que las horas<br \/>\nanuales ser\u00e1n alrededor de 1700-1706.<\/div>\n<div style=\"text-align: justify\">\n<\/div>\n<div style=\"text-align: justify\">\n\u00bfEn el horario puesto para los domingos incluye horas<br \/>\npara la comida?<\/div>\n<div style=\"margin-left: 36pt;text-align: justify;text-indent: -18pt\">\n<span><span>&#8211;<span>&nbsp;&nbsp;&nbsp;&nbsp;&nbsp;&nbsp;&nbsp;&nbsp;&nbsp;<br \/>\n<\/span><\/span><\/span>No, tendr\u00e1n los 25 minutos de descanso, pero no<br \/>\nhabr\u00e1 hora para comer. Por otra parte, el ajuste de los horarios que hab\u00edan<br \/>\npublicado se har\u00e1 atrasando el inicio de la jornada del domingo, facilitando<br \/>\npoder comer antes de iniciar la jornada de trabajo.<\/div>\n<div style=\"text-align: justify\">\n<\/div>\n<div style=\"text-align: justify\">\nLa semana que se trabaje s\u00e1bado o domingo \u00bftendr\u00e1n<br \/>\nfestivo intersemanal?<\/div>\n<div style=\"margin-left: 36pt;text-align: justify;text-indent: -18pt\">\n<span><span>&#8211;<span>&nbsp;&nbsp;&nbsp;&nbsp;&nbsp;&nbsp;&nbsp;&nbsp;&nbsp;<br \/>\n<\/span><\/span><\/span>No habr\u00e1 descansos intersemanales, y el<br \/>\ncuadrante anual se ha confeccionado de manera que si se trabaja el s\u00e1bado, no<br \/>\nse trabaje el domingo, por lo que todos los fines de semana habr\u00e1, al menos, un<br \/>\nd\u00eda de descanso.<\/div>\n<div style=\"text-align: justify\">\n<\/div>\n<div style=\"text-align: justify\">\nCaso de no renovar el contrato el Ayuntamiento dentro de<br \/>\n3 a\u00f1os, si se pasa a otro departamento que no sea AREA \u00bfSe mantendr\u00e1 la<br \/>\ncategor\u00eda profesional? <\/div>\n<div style=\"margin-left: 36pt;text-align: justify;text-indent: -18pt\">\n<span><span>&#8211;<span>&nbsp;&nbsp;&nbsp;&nbsp;&nbsp;&nbsp;&nbsp;&nbsp;&nbsp;<br \/>\n<\/span><\/span><\/span>No se puede garantizar, si se diese el caso se<br \/>\nestudiar\u00eda, pero lo normal ser\u00eda que se pase a la categor\u00eda profesional de la<br \/>\nnueva tarea, aunque la intenci\u00f3n es que dentro de 3 a\u00f1os se renueve.<\/div>\n<div style=\"text-align: justify\">\n<\/div>\n<div style=\"text-align: justify\">\nSe perder\u00e1 el d\u00eda m\u00e1s de vacaciones que tenemos en AREA,<br \/>\nes decir \u00bfpasaremos de 23 laborables a 22?<\/div>\n<div style=\"margin-left: 36pt;text-align: justify;text-indent: -18pt\">\n<span><span>&#8211;<span>&nbsp;&nbsp;&nbsp;&nbsp;&nbsp;&nbsp;&nbsp;&nbsp;&nbsp;<br \/>\n<\/span><\/span><\/span>Se mantendr\u00e1n los 23 d\u00edas de vacaciones, pero<br \/>\ns\u00f3lo al personal que venga del \u00e1rea. Los trabajadores que se incorporen de<br \/>\nfuera de la empresa tendr\u00e1n 22.<\/div>\n<div style=\"margin-left: 36pt;text-align: justify\">\nPor otra parte, indican que<br \/>\nlas vacaciones deber\u00e1n ser partidas, dividiendo 18 d\u00edas en periodo de verano y<br \/>\n5 en periodo de invierno (febrero, marzo, octubre y noviembre).<\/div>\n<div style=\"text-align: justify\">\n<\/div>\n<div style=\"text-align: justify\">\n\u00bfRespetar\u00e1n vacaciones y minis solicitados este a\u00f1o como<br \/>\nvigilantes de AREA?<\/div>\n<div style=\"margin-left: 36pt;text-align: justify;text-indent: -18pt\">\n<span><span>&#8211;<span>&nbsp;&nbsp;&nbsp;&nbsp;&nbsp;&nbsp;&nbsp;&nbsp;&nbsp;<br \/>\n<\/span><\/span><\/span>S\u00f3lo se garantiza las de Semana Santa, en cuanto<br \/>\na las vacaciones y las minis de navidad se debe estudiar para garantizar que<br \/>\npueden cubrir el servicio, por lo que se deber\u00e1n cuadrar.<\/div>\n<div style=\"text-align: justify\">\n<\/div>\n<div style=\"text-align: justify\">\n\u00bfSe cobra alg\u00fan plus por trabajar los festivos a parte<br \/>\ndel de convenio?<\/div>\n<div style=\"margin-left: 36pt;text-align: justify;text-indent: -18pt\">\n<span><span>&#8211;<span>&nbsp;&nbsp;&nbsp;&nbsp;&nbsp;&nbsp;&nbsp;&nbsp;&nbsp;<br \/>\n<\/span><\/span><\/span>Se cobrar\u00e1 el plus que marca el convenio (es decir 17,887\u20ac), no habr\u00e1 compensaci\u00f3n econ\u00f3mica extra ni compensaci\u00f3n con descansos.<\/div>\n<div style=\"text-align: justify\">\n<\/div>\n<div style=\"text-align: justify\">\n\u00bfEl sistema de asignaci\u00f3n de turno ma\u00f1ana o tarde, ser\u00e1<br \/>\nel mismo que en AREA?, de ser as\u00ed \u00bfSe respetar\u00e1 el orden de lista?<\/div>\n<div style=\"margin-left: 36pt;text-align: justify;text-indent: -18pt\">\n<span><span>&#8211;<span>&nbsp;&nbsp;&nbsp;&nbsp;&nbsp;&nbsp;&nbsp;&nbsp;&nbsp;<br \/>\n<\/span><\/span><\/span>No, el sistema ser\u00e1 el primer a\u00f1o por sorteo, y<br \/>\na partir de aqu\u00ed cambio autom\u00e1tico sin listas, un a\u00f1o de ma\u00f1ana un a\u00f1o de<br \/>\ntarde. <\/div>\n<div style=\"margin-left: 36pt;text-align: justify\">\nPero en el caso de que haya<br \/>\nvoluntarios para hacer la tarde se procurar\u00e1 respetar y se permitir\u00e1 que los<br \/>\ntrabajadores cambien el turno entre s\u00ed, caso de que se pongan de acuerdo.<\/div>\n<div style=\"text-align: justify\">\n<\/div>\n<div style=\"text-align: justify\">\nSi se contrata personal externo \u00bftendremos condiciones<br \/>\nlaborales diferentes?<\/div>\n<div style=\"margin-left: 36pt;text-align: justify;text-indent: -18pt\">\n<span><span>&#8211;<span>&nbsp;&nbsp;&nbsp;&nbsp;&nbsp;&nbsp;&nbsp;&nbsp;&nbsp;<br \/>\n<\/span><\/span><\/span>S\u00ed, el personal que se contrate de fuera de la<br \/>\nempresa, tendr\u00e1 peores condiciones que los voluntarios de AREA.<\/div>\n<div style=\"text-align: justify\">\n<\/div>\n<div style=\"text-align: justify\">\n\u00bfQu\u00e9 protocolo de seguridad habr\u00e1 para los agentes<br \/>\nc\u00edvicos?<\/div>\n<div style=\"margin-left: 36pt;text-align: justify;text-indent: -18pt\">\n<span><span>&#8211;<span>&nbsp;&nbsp;&nbsp;&nbsp;&nbsp;&nbsp;&nbsp;&nbsp;&nbsp;<br \/>\n<\/span><\/span><\/span>Se adaptar\u00e1 el de AREA teniendo en cuenta las<br \/>\npeculiaridades propias de los Agentes C\u00edvicos.<\/div>\n<div style=\"text-align: justify\">\n<\/div>\n<div style=\"text-align: justify\">\n\u00bfLa figura de agente c\u00edvico est\u00e1 reconocida en el BOE, DOC<br \/>\no alguna ordenanza?<\/div>\n<div style=\"margin-left: 36pt;text-align: justify;text-indent: -18pt\">\n<span><span>&#8211;<span>&nbsp;&nbsp;&nbsp;&nbsp;&nbsp;&nbsp;&nbsp;&nbsp;&nbsp;<br \/>\n<\/span><\/span><\/span>Est\u00e1 recogida en la ordenanza de civismo del<br \/>\nAyuntamiento de Barcelona. <\/div>\n<div style=\"margin-left: 36pt;text-align: justify\">\nDesde CCOO hemos dado un paso<br \/>\nm\u00e1s para aclararos esta cuesti\u00f3n, y hemos buscado la definici\u00f3n exacta que<br \/>\nrecoge la ordenanza que encontramos en el art. 77 y que dice:<\/div>\n<div style=\"margin-left: 36pt;text-align: justify\">\n<\/div>\n<div style=\"margin-left: 36pt;text-align: justify\">\n<a href=\"http:\/\/1.bp.blogspot.com\/-B9Pz1bigSnI\/VQM0FLoivgI\/AAAAAAAAAcw\/zBYhPYXRJso\/s1600\/agente%2Bcivico.jpg\" style=\"clear: left;float: left;margin-bottom: 1em;margin-right: 1em\"><img loading=\"lazy\" decoding=\"async\" border=\"0\" src=\"http:\/\/1.bp.blogspot.com\/-B9Pz1bigSnI\/VQM0FLoivgI\/AAAAAAAAAcw\/zBYhPYXRJso\/s1600\/agente%2Bcivico.jpg\" height=\"123\" width=\"200\" \/><\/a><i>\u201cLas personas que, por encargo del Ayuntamiento, realicen servicios en<br \/>\nla v\u00eda p\u00fablica podr\u00e1n actuar como agentes c\u00edvicos con funciones de vigilancia<br \/>\nde esta Ordenanza. Cuando corresponda, los agentes c\u00edvicos podr\u00e1n pedir a la Guardia<br \/>\nUrbana que ejerza las funciones de autoridad que tiene reconocidas por el<br \/>\nordenamiento jur\u00eddico.\u201d<span>&nbsp; <\/span><\/i><\/div>\n<div style=\"margin-left: 36pt;text-align: justify\">\n<\/div>\n<div style=\"margin-left: 36pt;text-align: justify\">\nOs adjuntamos enlace por si os<br \/>\nla quer\u00e9is descargar: <a href=\"http:\/\/w110.bcn.cat\/fitxers\/ajuntament\/consolidadescast\/convivencia.830.pdf\">http:\/\/w110.bcn.cat\/fitxers\/ajuntament\/consolidadescast\/convivencia.830.pdf<\/a><\/div>\n<div style=\"text-align: justify\">\n<\/div>\n<div style=\"text-align: justify\">\nLa variable \u00bfser\u00e1 como la de AREA o como la de otro<br \/>\ndepartamento?<\/div>\n<div style=\"margin-left: 36pt;text-align: justify;text-indent: -18pt\">\n<span><span>&#8211;<span>&nbsp;&nbsp;&nbsp;&nbsp;&nbsp;&nbsp;&nbsp;&nbsp;&nbsp;<br \/>\n<\/span><\/span><\/span>Econ\u00f3micamente ser\u00e1 el mismo importe, y se<br \/>\nmantendr\u00e1 el sistema, pero los objetivos no ser\u00e1n los mismos, ya que se deben<br \/>\nmarcar objetivos espec\u00edficos para el nuevo departamento de Agentes C\u00edvicos. <\/div>\n<div style=\"text-align: justify\">\n<\/div>\n<div style=\"text-align: justify\">\nLa herramienta de trabajo ser\u00e1 una PDA o un m\u00f3vil.<\/div>\n<div style=\"margin-left: 36pt;text-align: justify;text-indent: -18pt\">\n<span><span>&#8211;<span>&nbsp;&nbsp;&nbsp;&nbsp;&nbsp;&nbsp;&nbsp;&nbsp;&nbsp;<br \/>\n<\/span><\/span><\/span>Ser\u00e1 un Smartphone y se llevar\u00e1 walkie.<\/div>\n<div style=\"text-align: justify\">\n<\/div>\n<div style=\"text-align: justify\">\n\u00bfLa incorporaci\u00f3n ser\u00e1 el 1 de abril o antes?<\/div>\n<div style=\"margin-left: 36pt;text-align: justify;text-indent: -18pt\">\n<span><span>&#8211;<span>&nbsp;&nbsp;&nbsp;&nbsp;&nbsp;&nbsp;&nbsp;&nbsp;&nbsp;<br \/>\n<\/span><\/span><\/span>La incorporaci\u00f3n ser\u00e1 el 26 de marzo, ya que los<br \/>\nd\u00edas 26,27, 30 y 31 se recibir\u00e1 formaci\u00f3n para el puesto de trabajo, y la<br \/>\nactividad se iniciar\u00e1 el 1 de abril.<\/div>\n<div style=\"text-align: justify\">\n<\/div>\n<div style=\"text-align: justify\">\nSi se incorporan m\u00e1s trabajadores en el futuro \u00bfse<br \/>\ncambiar\u00e1 la rotaci\u00f3n de 1 s\u00e1bado cada 3 y 1 domingo cada 5?<\/div>\n<div style=\"margin-left: 36pt;text-align: justify;text-indent: -18pt\">\n<span><span>&#8211;<span>&nbsp;&nbsp;&nbsp;&nbsp;&nbsp;&nbsp;&nbsp;&nbsp;&nbsp;<br \/>\n<\/span><\/span><\/span>Depender\u00e1 del servicio que requiera el<br \/>\nAyuntamiento.<\/div>\n<div style=\"text-align: justify\">\n<\/div>\n<div style=\"text-align: justify\">\nSi despu\u00e9s no te interesa seguir en el puesto, \u00bfpuedes<br \/>\nregresar al AREA?<\/div>\n<div style=\"margin-left: 36pt;text-align: justify;text-indent: -18pt\">\n<span><span>&#8211;<span>&nbsp;&nbsp;&nbsp;&nbsp;&nbsp;&nbsp;&nbsp;&nbsp;&nbsp;<br \/>\n<\/span><\/span><\/span>En principio no, porque se busca estabilidad en<br \/>\nla plantilla, pero se comprometen a que si en un futuro han de contratar<br \/>\npersonal externo para cubrir alguna vacante en AREA, tendr\u00e1 preferencia para<br \/>\nvolver.<\/div>\n<div style=\"text-align: justify\">\n<\/div>\n<div style=\"text-align: justify\">\nEn lugar de crear un nuevo departamento, \u00bfse podr\u00eda<br \/>\ncubrir el servicio desde AREA con voluntarios cada a\u00f1o como para el servicio de<br \/>\nmotos o el tercer turno?<\/div>\n<div style=\"margin-left: 36pt;text-align: justify;text-indent: -18pt\">\n<span><span>&#8211;<span>&nbsp;&nbsp;&nbsp;&nbsp;&nbsp;&nbsp;&nbsp;&nbsp;&nbsp;<br \/>\n<\/span><\/span><\/span>No<\/div>\n<div style=\"text-align: justify\">\n<\/div>\n<div style=\"text-align: justify\">\n\u00bfSe podr\u00e1n hacer horas extras?<\/div>\n<div style=\"margin-left: 36pt;text-align: justify;text-indent: -18pt\">\n<span><span>&#8211;<span>&nbsp;&nbsp;&nbsp;&nbsp;&nbsp;&nbsp;&nbsp;&nbsp;&nbsp;<br \/>\n<\/span><\/span><\/span>No<\/div>\n<div style=\"text-align: justify\">\n<\/div>\n<div style=\"text-align: justify\">\n\u00bfEst\u00e1 previsto que el Ayuntamiento reconozca la figura de<br \/>\nAgente de la autoridad a los Agentes C\u00edvicos?<\/div>\n<div style=\"margin-left: 36pt;text-align: justify;text-indent: -18pt\">\n<span><span>&#8211;<span>&nbsp;&nbsp;&nbsp;&nbsp;&nbsp;&nbsp;&nbsp;&nbsp;&nbsp;<br \/>\n<\/span><\/span><\/span>No est\u00e1 previsto.<\/div>\n<div style=\"text-align: justify\">\n<\/div>\n<div style=\"text-align: justify\">\n\u00bfSe perder\u00e1 el s\u00e1bado que entra en el periodo de<br \/>\nvacaciones?<\/div>\n<div style=\"margin-left: 36pt;text-align: justify;text-indent: -18pt\">\n<span><span>&#8211;<span>&nbsp;&nbsp;&nbsp;&nbsp;&nbsp;&nbsp;&nbsp;&nbsp;&nbsp;<br \/>\n<\/span><\/span><\/span>Se seguir\u00e1 como en AREA<\/div>\n<div style=\"text-align: justify\">\n<\/div>\n<div style=\"text-align: justify\">\n\u00bfPueden presentarse a agentes c\u00edvicos trabajadores de<br \/>\notros departamentos?<\/div>\n<div style=\"margin-left: 36pt;text-align: justify;text-indent: -18pt\">\n<span><span>&#8211;<span>&nbsp;&nbsp;&nbsp;&nbsp;&nbsp;&nbsp;&nbsp;&nbsp;&nbsp;<br \/>\n<\/span><\/span><\/span>No, se ha pensado en los vigilantes de AREA<br \/>\nporque tienen el perfil que desean para ese puesto de trabajo, y porque en AREA<br \/>\nse puede prescindir perfectamente de 21 trabajadores. (Curioso que cuando se<br \/>\npide una reducci\u00f3n de jornada parece un drama pasar un trabajador de tarde a la<br \/>\nma\u00f1ana y para que se vayan a otro departamento no haya problema).<\/div>\n<div style=\"text-align: justify\">\n<\/div>\n<div style=\"text-align: justify\">\n\u00bfPor qu\u00e9 no se puede presentar el personal en reducci\u00f3n<br \/>\nde jornada?<\/div>\n<div style=\"margin-left: 36pt;text-align: justify;text-indent: -18pt\">\n<span><span>&#8211;<span>&nbsp;&nbsp;&nbsp;&nbsp;&nbsp;&nbsp;&nbsp;&nbsp;&nbsp;<br \/>\n<\/span><\/span><\/span>El personal que est\u00e1 en reducci\u00f3n de jornada se<br \/>\npuede presentar siempre que se adapte al horario de los trabajadores que se contraten<br \/>\nde fuera de la empresa (es decir, la jornada de 30 horas semanales), y siempre<br \/>\nque no implique modificar el horario del turno.<\/div>\n<div style=\"text-align: justify\">\n<\/div>\n<div style=\"text-align: justify\">\n\u00bfSe pueden presentar trabajadores que est\u00e9n en el tercer<br \/>\nturno?<\/div>\n<div style=\"margin-left: 36pt;text-align: justify;text-indent: -18pt\">\n<span><span>&#8211;<span>&nbsp;&nbsp;&nbsp;&nbsp;&nbsp;&nbsp;&nbsp;&nbsp;&nbsp;<br \/>\n<\/span><\/span><\/span>Si se adaptan a los horarios del nuevo<br \/>\ndepartamento s\u00ed.<\/div>\n<div style=\"text-align: justify\">\n<\/div>\n<div style=\"text-align: justify\">\n\u00bfEs cierto que se aplicar\u00e1 un art. 41 en AREA?<\/div>\n<div style=\"margin-left: 36pt;text-align: justify;text-indent: -18pt\">\n<span><span>&#8211;<span>&nbsp;&nbsp;&nbsp;&nbsp;&nbsp;&nbsp;&nbsp;&nbsp;&nbsp;<br \/>\n<\/span><\/span><\/span>Se lo han planteado muchas veces para cubrir los<br \/>\ndomingos, pero ahora mismo no tienen ninguno previsto.<\/div>\n<div style=\"text-align: justify\">\n<\/div>\n<div style=\"text-align: justify\">\n\u00bfQu\u00e9 ventajas tiene presentarse voluntario a Agente<br \/>\nC\u00edvico?<\/div>\n<div style=\"margin-left: 36pt;text-align: justify;text-indent: -18pt\">\n<span><span>&#8211;<span>&nbsp;&nbsp;&nbsp;&nbsp;&nbsp;&nbsp;&nbsp;&nbsp;&nbsp;<br \/>\n<\/span><\/span><\/span>Cambiar de rutina, obtener una mejor formaci\u00f3n<br \/>\n(mediaci\u00f3n, interculturalidad, etc..) y m\u00e1s estabilidad laboral ya que la<br \/>\nprevisi\u00f3n que tienen es que cara al 2016 y 2017 se tenga que ampliar la<br \/>\nplantilla.<\/div>\n<div style=\"text-align: justify\">\n<\/div>\n<div style=\"text-align: justify\">\nOtras preguntas que nos han hecho los compa\u00f1eros, pero<br \/>\nque no hemos trasladado a la empresa, ya que son cuestiones de convenio o que<br \/>\nya hab\u00edan sido contestadas anteriormente son:<\/div>\n<div style=\"text-align: justify\">\n<\/div>\n<div style=\"text-align: justify\">\n\u00bfTendremos los mismos d\u00edas personales y d\u00edas no<br \/>\nretribuidos?<\/div>\n<div style=\"text-align: justify\">\nLos d\u00edas personales y no retribuidos vienen regulados por<br \/>\nconvenio, y son de aplicaci\u00f3n a todos los departamentos, por lo que deben<br \/>\nrespetarlos.<\/div>\n<div style=\"text-align: justify\">\n<\/div>\n<div style=\"text-align: justify\">\nSi un vigilante adquiere una nueva antig\u00fcedad como agente<br \/>\nc\u00edvico \u00bfQu\u00e9 importe ser\u00e1?<\/div>\n<div style=\"text-align: justify\">\nLa antig\u00fcedad viene regulada en convenio y est\u00e1 asociada<br \/>\na la categor\u00eda profesional, as\u00ed que cobrar\u00e1 la misma cantidad mientras se<br \/>\nmantenga la categor\u00eda.<\/div>\n<div style=\"text-align: justify\">\n<\/div>\n<div style=\"text-align: justify\">\nLos servicios \u00bfSer\u00e1n en pareja?<\/div>\n<div style=\"text-align: justify\">\nInicialmente s\u00f3lo est\u00e1 previsto el servicio en pareja en<br \/>\nla Barceloneta, el resto se efectuar\u00e1n en solitario.<\/div>\n<div style=\"text-align: justify\">\n<\/div>\n<div style=\"text-align: justify\">\n\u00bfQu\u00e9 funciones realizar\u00e1? <\/div>\n<div style=\"text-align: justify\">\nSeg\u00fan reza en la convocatoria colgada por la empresa en<br \/>\nel portal, sus funciones ser\u00e1n: \u201cPromoure el civisme a la ciutat de Barcelona,<br \/>\ndesenvolupar les tasques per prevenir comportaments i actituds inadequades en<br \/>\nl&#8217;espai p\u00fablic i esdeveniments que tenen lloc a la ciutat. Cercar la<br \/>\nconscienciaci\u00f3, les actituds i els comportaments c\u00edvics<span>&nbsp; <\/span>de<span>&nbsp;<br \/>\n<\/span>les<span>&nbsp; <\/span>persones<span>&nbsp; <\/span>per<span>&nbsp;<br \/>\n<\/span>una<span>&nbsp; <\/span>conviv\u00e8ncia<span>&nbsp; <\/span>adequada.<span>&nbsp;&nbsp;&nbsp;<br \/>\n<\/span>La<span>&nbsp; <\/span>tipologia<span>&nbsp; <\/span>d&#8217;actuaci\u00f3<span>&nbsp;<br \/>\n<\/span>de<span>&nbsp; <\/span>l&#8217;<span>&nbsp; <\/span>AGENT<span>&nbsp;<br \/>\n<\/span>C\u00cdVIC<span>&nbsp; <\/span>ser\u00e0<span>&nbsp; <\/span>en general la de: Informar, Requerir, Advertir<br \/>\ni donar Av\u00eds a Gu\u00e0rdia Urbana.<span>&nbsp; <\/span>La seva<br \/>\ntasca ser\u00e0 d\u2019 INFORMACI\u00d3 \/ MEDIACI\u00d3 sense exercici de potestat sancionadora.\u201d<\/div>\n<div style=\"text-align: justify\">\n<\/div>\n<div style=\"text-align: justify\">\nOs adjuntamos el calendario que nos han entregado.<\/div>\n<div style=\"text-align: justify\">\n<\/div>\n<div style=\"clear: both;text-align: center\">\n<a href=\"http:\/\/4.bp.blogspot.com\/-VoXDAbZRvTo\/VQMvNHBSCRI\/AAAAAAAAAcY\/Y27IjXa5Jhw\/s1600\/CALENDARIO%2BAGENTES%2BCIVICOS.bmp\" style=\"margin-left: 1em;margin-right: 1em\"><img loading=\"lazy\" decoding=\"async\" border=\"0\" src=\"http:\/\/4.bp.blogspot.com\/-VoXDAbZRvTo\/VQMvNHBSCRI\/AAAAAAAAAcY\/Y27IjXa5Jhw\/s1600\/CALENDARIO%2BAGENTES%2BCIVICOS.bmp\" height=\"640\" width=\"608\" \/><\/a><\/div>\n<div style=\"text-align: justify\">\n<\/div>\n<div style=\"text-align: justify\">\n<\/div>\n<div style=\"text-align: justify\">\nSin m\u00e1s temas a tratar, se termin\u00f3 la reuni\u00f3n pasadas las<br \/>\n16:00. Por supuesto, cualquier duda que no est\u00e9 recogida en este art\u00edculo, la<br \/>\npod\u00e9is consultar con cualquier delegado\/a de CCOO_BSM.<\/div>\n<div style=\"text-align: justify\">\n<\/div>\n<div style=\"text-align: justify\">\nSeguiremos informando.<\/div>\n<div>\n<\/div>\n","protected":false},"excerpt":{"rendered":"<p>Normal 0 21 false false false ES X-NONE X-NONE En la reuni\u00f3n de este medio d\u00eda para solventar las dudas que los trabajadores nos han transmitido sobre las condiciones laborales &#8230; <a title=\"REUNI\u00d3N AGENTES CIVICOS DEL 13\/3\/2015\" class=\"read-more\" href=\"https:\/\/ccoo.app\/barcelona-serveis-municipals\/reunion-agentes-civicos-del-13-3-2015\/\" aria-label=\"M\u00e9s informaci\u00f3 sobre REUNI\u00d3N AGENTES CIVICOS DEL 13\/3\/2015\">Read more<\/a><\/p>\n","protected":false},"author":4886,"featured_media":0,"comment_status":"closed","ping_status":"closed","sticky":false,"template":"","format":"standard","meta":{"footnotes":""},"categories":[1],"tags":[],"class_list":["post-2933","post","type-post","status-publish","format-standard","hentry","category-sin-categoria","generate-columns","tablet-grid-50","mobile-grid-100","grid-parent","grid-33"],"_links":{"self":[{"href":"https:\/\/ccoo.app\/barcelona-serveis-municipals\/wp-json\/wp\/v2\/posts\/2933","targetHints":{"allow":["GET"]}}],"collection":[{"href":"https:\/\/ccoo.app\/barcelona-serveis-municipals\/wp-json\/wp\/v2\/posts"}],"about":[{"href":"https:\/\/ccoo.app\/barcelona-serveis-municipals\/wp-json\/wp\/v2\/types\/post"}],"author":[{"embeddable":true,"href":"https:\/\/ccoo.app\/barcelona-serveis-municipals\/wp-json\/wp\/v2\/users\/4886"}],"replies":[{"embeddable":true,"href":"https:\/\/ccoo.app\/barcelona-serveis-municipals\/wp-json\/wp\/v2\/comments?post=2933"}],"version-history":[{"count":0,"href":"https:\/\/ccoo.app\/barcelona-serveis-municipals\/wp-json\/wp\/v2\/posts\/2933\/revisions"}],"wp:attachment":[{"href":"https:\/\/ccoo.app\/barcelona-serveis-municipals\/wp-json\/wp\/v2\/media?parent=2933"}],"wp:term":[{"taxonomy":"category","embeddable":true,"href":"https:\/\/ccoo.app\/barcelona-serveis-municipals\/wp-json\/wp\/v2\/categories?post=2933"},{"taxonomy":"post_tag","embeddable":true,"href":"https:\/\/ccoo.app\/barcelona-serveis-municipals\/wp-json\/wp\/v2\/tags?post=2933"}],"curies":[{"name":"wp","href":"https:\/\/api.w.org\/{rel}","templated":true}]}}