{"id":2931,"date":"2015-04-13T16:00:00","date_gmt":"2015-04-13T14:00:00","guid":{"rendered":"https:\/\/ccoo.app\/barcelona-serveis-municipals\/actualidad-informativa-en-bsm-agentes-civicos-nuevos-encargos-nuevo-aparcamiento-y-bamsa\/"},"modified":"2015-04-13T16:00:00","modified_gmt":"2015-04-13T14:00:00","slug":"actualidad-informativa-en-bsm-agentes-civicos-nuevos-encargos-nuevo-aparcamiento-y-bamsa","status":"publish","type":"post","link":"https:\/\/ccoo.app\/barcelona-serveis-municipals\/actualidad-informativa-en-bsm-agentes-civicos-nuevos-encargos-nuevo-aparcamiento-y-bamsa\/","title":{"rendered":"Actualidad Informativa en B:SM: agentes c\u00edvicos, nuevos encargos, nuevo aparcamiento y BAMSA"},"content":{"rendered":"<div style=\"text-align: justify\">\nOs detallamos las \u00faltimas novedades en B:SM, extra\u00eddas de las actas p\u00fablicas de la Comissi\u00f3 de Govern de l&#8217;Ajuntament de Barcelona y de trabajo propio de esta secci\u00f3n sindical de CCOO_BSM:<\/div>\n<div style=\"text-align: justify\">\n<\/div>\n<div style=\"text-align: justify\">\n<b>Agentes C\u00edvicos<\/b><\/div>\n<div style=\"text-align: justify\">\n<\/div>\n<div style=\"clear: both;text-align: center\">\n<a href=\"http:\/\/1.bp.blogspot.com\/-a2Mt-FMeXJk\/VSuUY55snlI\/AAAAAAAAHE8\/IdYRRbWVWzk\/s1600\/Agents%2BCivics.jpg\" style=\"clear: left;float: left;margin-bottom: 1em;margin-right: 1em\"><img loading=\"lazy\" decoding=\"async\" border=\"0\" src=\"http:\/\/1.bp.blogspot.com\/-a2Mt-FMeXJk\/VSuUY55snlI\/AAAAAAAAHE8\/IdYRRbWVWzk\/s1600\/Agents%2BCivics.jpg\" height=\"133\" width=\"200\" \/><\/a><\/div>\n<div style=\"text-align: justify\">\nComo ya sab\u00e9is el pasado 1 de abril, comenz\u00f3 a trabajar la nueva unidad de agentes c\u00edvicos en B:SM formada por <b>28 personas<\/b>, que incluye 1 cap de AREA, 2 encargadas y 25 trabajadores\/as. Se han realizado <b>17 nuevas contrataciones temporales<\/b>, 13 a tiempo completo (a d\u00eda de hoy son 12 trabajando) y 4 parciales (fines de semana y festivos). Tanto las 2 encargadas como los 9 trabajadores\/as restantes, proceden de la unidad de AREA, mediante recolocaciones voluntarias, tal como se ofreci\u00f3 desde la Direcci\u00f3n de la Empresa y <b>BSM ha recibido 702.768 euros para el encargo de dicho servicio<\/b>, tal como consta en el <a href=\"http:\/\/governobert.bcn.cat\/sites\/default\/files\/acta_180315.pdf\">acta de la Comissi\u00f3 de Govern del 18\/03\/2015<\/a>.<\/div>\n<div style=\"text-align: justify\">\n<\/div>\n<div style=\"text-align: justify\">\n<b>Nuevos encargos de trabajos a B:SM<\/b><\/div>\n<div style=\"text-align: justify\">\n<\/div>\n<div style=\"clear: both;text-align: center\">\n<a href=\"http:\/\/1.bp.blogspot.com\/-H2ggled3sZI\/VSuZob81shI\/AAAAAAAAHFQ\/cbpLwMMChKk\/s1600\/glories_virtual_2014.gif\" style=\"clear: right;float: right;margin-bottom: 1em;margin-left: 1em\"><img loading=\"lazy\" decoding=\"async\" border=\"0\" src=\"http:\/\/1.bp.blogspot.com\/-H2ggled3sZI\/VSuZob81shI\/AAAAAAAAHFQ\/cbpLwMMChKk\/s1600\/glories_virtual_2014.gif\" height=\"120\" width=\"200\" \/><\/a><\/div>\n<div style=\"text-align: justify\">\nHace unos meses, desde la Direcci\u00f3n de B:SM, se nos inform\u00f3 de que recibir\u00edamos un nuevo encargo del Ajuntament para gestionar los alrededores de la<b> plaza Gl\u00f2ries<\/b>, pero en <a href=\"http:\/\/governobert.bcn.cat\/sites\/default\/files\/acta_250215.pdf\">acta de la Comissi\u00f3 de Govern de 25\/02\/2015<\/a>, el propio gobierno municipal <b>deja sin efecto dicho encargo<\/b> adjudic\u00e1ndolo a Foment de Ciutat SA. Os copiamos el literal del texto:<\/div>\n<div style=\"text-align: justify\">\n<span style=\"font-family: inherit\"><i>&#8220;DEIXAR sense efecte l\u2019Enc\u00e0rrec, aprovat per Acord de la Comissi\u00f3 de&nbsp;<\/i><i>Govern<br \/>\n en sessi\u00f3 de 17 de desembre de 2014, a la Societat Municipal Barcelona<br \/>\nde Serveis Municipals, SA per a la gesti\u00f3 i explotaci\u00f3 de la<br \/>\n\u201cprovisional pla\u00e7a de les Gl\u00f2ries\u201d, d\u2019acord amb el pl\u00e0nol annex, amb les<br \/>\n funcions de coordinaci\u00f3, control, gesti\u00f3 dels espais ef\u00edmers creats,<br \/>\namb la finalitat de dinamitzar i atreure el ciutad\u00e0  i  els  ve\u00efns  dels<br \/>\n  5  barris  adjacents  al  nou  espai  creat  per  a  la  Ciutat;<br \/>\nENCARREGAR a Foment de Ciutat SA&#8230;&#8221;&nbsp;<\/i><\/span><\/div>\n<div style=\"text-align: justify\">\n<span style=\"font-family: inherit\"><i><br \/><\/i><\/span><\/div>\n<div style=\"text-align: justify\">\n<a href=\"http:\/\/1.bp.blogspot.com\/-Z7sjFPkgaUg\/VSuZB4ZsOII\/AAAAAAAAHFI\/04_6Jlr413c\/s1600\/Gaudir%2BBCN.jpg\" style=\"clear: left;float: left;margin-bottom: 1em;margin-right: 1em\"><img loading=\"lazy\" decoding=\"async\" border=\"0\" src=\"http:\/\/1.bp.blogspot.com\/-Z7sjFPkgaUg\/VSuZB4ZsOII\/AAAAAAAAHFI\/04_6Jlr413c\/s1600\/Gaudir%2BBCN.jpg\" height=\"133\" width=\"200\" \/><\/a><span style=\"font-family: inherit\">Por otro lado, hemos comprobado como en las actas de la Comissi\u00f3 de Govern de <a href=\"http:\/\/governobert.bcn.cat\/sites\/default\/files\/acta_110215.pdf\">11\/02\/2015<\/a> y <a href=\"http:\/\/governobert.bcn.cat\/sites\/default\/files\/acords_250315.pdf\">25\/03\/2015<\/a>, <b>B:SM recibe el encargo de difusi\u00f3n del registro cultural<\/b> <b><a href=\"http:\/\/lameva.barcelona.cat\/barcelovers\/ca\/gaudirmes\">&#8220;Gaudir+BCN&#8221;<\/a>.<\/b> Os copiamos texto literal aqu\u00ed:<\/span><\/div>\n<div style=\"text-align: justify\">\n<span style=\"font-family: inherit\"><br \/><\/span><\/div>\n<div style=\"text-align: justify\">\n<span style=\"font-family: inherit\">&#8220;APROVAR l\u2019enc\u00e0rrec de gesti\u00f3 a Barcelona de Serveis Municipals, SA,&nbsp;per  a  l\u2019organitzaci\u00f3  de  les  actuacions  de  difusi\u00f3  del  registre  cultural&nbsp;\u201cGaudir+BCN\u201d. FACULTAR el Gerent Municipal per a la seva formalitzaci\u00f3.&nbsp;PUBLICAR-LO, un cop formalitzat, d\u2019acord amb el que estableix l\u2019apartat 3 de l\u2019article 15 de la Llei 30\/1992.&#8221;<\/span><\/div>\n<div style=\"text-align: justify\">\n<span style=\"font-family: inherit\"><br \/><\/span><\/div>\n<div style=\"text-align: justify\">\n<\/div>\n<div style=\"text-align: justify\">\n<b>Futuro Aparcamiento B:SM, mercado Sant Antoni<\/b><\/div>\n<div style=\"text-align: justify\">\n<\/div>\n<div style=\"clear: both;text-align: center\">\n<a href=\"http:\/\/1.bp.blogspot.com\/-Hjk0Cf5ZrL8\/VSucI-FcheI\/AAAAAAAAHFc\/jLYlB1wjbRo\/s1600\/mercat-st-antoni-2009-01-25-01.jpg\" style=\"clear: right;float: right;margin-bottom: 1em;margin-left: 1em\"><img loading=\"lazy\" decoding=\"async\" border=\"0\" src=\"http:\/\/1.bp.blogspot.com\/-Hjk0Cf5ZrL8\/VSucI-FcheI\/AAAAAAAAHFc\/jLYlB1wjbRo\/s1600\/mercat-st-antoni-2009-01-25-01.jpg\" height=\"150\" width=\"200\" \/><\/a><\/div>\n<div style=\"text-align: justify\">\nSeg\u00fan consta en acta de comissi\u00f3 de govern de <a href=\"http:\/\/governobert.bcn.cat\/sites\/default\/files\/acords_250315.pdf\">25\/03\/2015<\/a>, B:SM junto al Instituto Municipal de Mercados, recibe el encargo de <b>explotaci\u00f3n del futuro aparcamiento del mercado de Sant Antoni.<\/b> Copiamos texto literal:<\/div>\n<div style=\"text-align: justify\">\n<i><span style=\"font-family: inherit\">&#8220;ENCARREGAR  a  la  societat  Barcelona  de  Serveis  Municipals  SA&nbsp;(BSM,<br \/>\n SA) i a l&#8217;Institut Municipal de Mercats de Barcelona (IMMB) la gesti\u00f3<br \/>\nde l&#8217;explotaci\u00f3  de  l&#8217;aparcament  a  construir  dins  del  conjunt<br \/>\nd&#8217;instal\u00b7lacions  que integren el nou mercat municipal de Sant Antoni,<br \/>\nals efectes de garantir l&#8217;efic\u00e0cia i coordinaci\u00f3 en la gesti\u00f3 de<br \/>\nl&#8217;aparcament i el servei del propi mercat; APROVAR les condicions per<br \/>\nles quals es regir\u00e0 la gesti\u00f3, que figuren en el document annex<br \/>\n(prescripcions t\u00e8cniques de l&#8217;enc\u00e0rrec), i PUBLICAR el present acord.&#8221;<\/span><\/i><\/div>\n<div style=\"text-align: justify\">\n<i><span style=\"font-family: inherit\"><br \/><\/span><\/i><\/div>\n<div style=\"text-align: justify\">\n<span style=\"font-family: inherit\"><b>BAMSA<\/b><\/span><\/div>\n<div style=\"text-align: justify\">\n<span style=\"font-family: inherit\"><b><br \/><\/b><\/span><\/div>\n<div style=\"clear: both;text-align: center\">\n<a href=\"http:\/\/1.bp.blogspot.com\/-zJBlFLrpUGk\/VSufhdM5g8I\/AAAAAAAAHFo\/z4v4p0t4Q1c\/s1600\/Parking%2BLondres%2BSaba-BAMSA.jpg\" style=\"clear: left;float: left;margin-bottom: 1em;margin-right: 1em\"><img loading=\"lazy\" decoding=\"async\" border=\"0\" src=\"http:\/\/1.bp.blogspot.com\/-zJBlFLrpUGk\/VSufhdM5g8I\/AAAAAAAAHFo\/z4v4p0t4Q1c\/s1600\/Parking%2BLondres%2BSaba-BAMSA.jpg\" height=\"200\" width=\"170\" \/><\/a><\/div>\n<div style=\"text-align: justify\">\n<span style=\"font-family: inherit\">Como ya denunciamos en su d\u00eda, el Ajuntament de Barcelona, ha aprobado subidas de tarifas en los aparcamientos de BAMSA ( Saba para entendernos coloquialmente..), tal como consta en acta de Comissi\u00f3 de Govern de <a href=\"http:\/\/governobert.bcn.cat\/sites\/default\/files\/acta_250215.pdf\">25\/02\/2015<\/a>&nbsp;y que os copiamos el literal:&nbsp;<\/span><\/div>\n<div style=\"text-align: justify\">\n<span style=\"font-family: inherit\"><br \/><\/span><\/div>\n<div style=\"text-align: justify\">\n<i><span style=\"font-family: inherit\">&#8220;AUTORITZAR  a  l\u2019empresa  BAMSA  l\u2019increment  de  tarifes  segons&nbsp;sol\u00b7licitud<br \/>\n  presentada  en  data  11  de  febrer  de  2015  i  de  conformitat<br \/>\namb  el  que disposa  la  cl\u00e0usula  42.3  del Plec  de  Bases  del<br \/>\nConcurs,  si  b\u00e9  es  recomana  a l\u2019empresa gestora del servei p\u00fablic<br \/>\nuna aplicaci\u00f3 gradual de dit increment, en el sentit  d\u2019aplicaci\u00f3<br \/>\nimmediata  del  0,5%  com  a  \u00edndex  de  variaci\u00f3  de  la  tarifa<br \/>\nestablerta i una aplicaci\u00f3 gradual de l\u2019increment de 0,10  euros  a la<br \/>\ntarifa  hor\u00e0ria que, de conformitat amb el Plec es pot distribuir, amb<br \/>\naplicaci\u00f3 anual, al llarg dels propers quatre exercicis.&#8221;<\/span><\/i><\/div>\n<div style=\"text-align: justify\">\n<\/div>\n<div style=\"text-align: justify\">\nY es que como hemos ido denunciando estos 2 \u00faltimos a\u00f1os, desde que anunciaron la privatizaci\u00f3n y el enga\u00f1o de la constituci\u00f3n de BAMSA, Saba no ha tardado ni 4 meses en solicitar la subida de tarifas (<i>&#8220;la pela es la pela&#8221;<\/i>), es m\u00e1s desde el Gobierno Municipal (CiU) se limitan a recomendarles una aplicaci\u00f3n gradual del incremento, cosa l\u00f3gica ya que les regalaron el 60% de la sociedad.<\/div>\n<div style=\"text-align: justify\">\n<\/div>\n<div style=\"text-align: justify\">\nQuedan 42 d\u00edas para las elecciones municipales y confiamos, deseamos y esperamos que los trabajadores\/as de B:SM y los ciudadanos\/as de Barcelona, sepan &#8220;agradecer&#8221; la gesti\u00f3n de este gobierno municipal.<\/div>\n<div style=\"text-align: justify\">\n<\/div>\n<div style=\"text-align: justify\">\nOs seguiremos informando<\/div>\n","protected":false},"excerpt":{"rendered":"<p>Os detallamos las \u00faltimas novedades en B:SM, extra\u00eddas de las actas p\u00fablicas de la Comissi\u00f3 de Govern de l&#8217;Ajuntament de Barcelona y de trabajo propio de esta secci\u00f3n sindical de &#8230; <a title=\"Actualidad Informativa en B:SM: agentes c\u00edvicos, nuevos encargos, nuevo aparcamiento y BAMSA\" class=\"read-more\" href=\"https:\/\/ccoo.app\/barcelona-serveis-municipals\/actualidad-informativa-en-bsm-agentes-civicos-nuevos-encargos-nuevo-aparcamiento-y-bamsa\/\" aria-label=\"M\u00e9s informaci\u00f3 sobre Actualidad Informativa en B:SM: agentes c\u00edvicos, nuevos encargos, nuevo aparcamiento y BAMSA\">Read more<\/a><\/p>\n","protected":false},"author":4519,"featured_media":0,"comment_status":"closed","ping_status":"closed","sticky":false,"template":"","format":"standard","meta":{"footnotes":""},"categories":[1],"tags":[],"class_list":["post-2931","post","type-post","status-publish","format-standard","hentry","category-sin-categoria","generate-columns","tablet-grid-50","mobile-grid-100","grid-parent","grid-33"],"_links":{"self":[{"href":"https:\/\/ccoo.app\/barcelona-serveis-municipals\/wp-json\/wp\/v2\/posts\/2931","targetHints":{"allow":["GET"]}}],"collection":[{"href":"https:\/\/ccoo.app\/barcelona-serveis-municipals\/wp-json\/wp\/v2\/posts"}],"about":[{"href":"https:\/\/ccoo.app\/barcelona-serveis-municipals\/wp-json\/wp\/v2\/types\/post"}],"author":[{"embeddable":true,"href":"https:\/\/ccoo.app\/barcelona-serveis-municipals\/wp-json\/wp\/v2\/users\/4519"}],"replies":[{"embeddable":true,"href":"https:\/\/ccoo.app\/barcelona-serveis-municipals\/wp-json\/wp\/v2\/comments?post=2931"}],"version-history":[{"count":0,"href":"https:\/\/ccoo.app\/barcelona-serveis-municipals\/wp-json\/wp\/v2\/posts\/2931\/revisions"}],"wp:attachment":[{"href":"https:\/\/ccoo.app\/barcelona-serveis-municipals\/wp-json\/wp\/v2\/media?parent=2931"}],"wp:term":[{"taxonomy":"category","embeddable":true,"href":"https:\/\/ccoo.app\/barcelona-serveis-municipals\/wp-json\/wp\/v2\/categories?post=2931"},{"taxonomy":"post_tag","embeddable":true,"href":"https:\/\/ccoo.app\/barcelona-serveis-municipals\/wp-json\/wp\/v2\/tags?post=2931"}],"curies":[{"name":"wp","href":"https:\/\/api.w.org\/{rel}","templated":true}]}}