{"id":2929,"date":"2015-05-11T09:01:00","date_gmt":"2015-05-11T07:01:00","guid":{"rendered":"https:\/\/ccoo.app\/barcelona-serveis-municipals\/cuanto-cobra-la-direccion-general-de-bsm\/"},"modified":"2015-05-11T09:01:00","modified_gmt":"2015-05-11T07:01:00","slug":"cuanto-cobra-la-direccion-general-de-bsm","status":"publish","type":"post","link":"https:\/\/ccoo.app\/barcelona-serveis-municipals\/cuanto-cobra-la-direccion-general-de-bsm\/","title":{"rendered":"\u00bfCu\u00e1nto cobra la Direcci\u00f3n General de B:SM?"},"content":{"rendered":"<div style=\"text-align: justify\">\n<span style=\"font-size: 12.5pt\">En el a\u00f1o 2013 la Direcci\u00f3n<br \/>\nGeneral de B:SM obtuvo un total de <b>473.467<br \/>\neuros anuales<\/b> entre 3 personas:<\/span><\/div>\n<div style=\"text-align: justify\">\n<span style=\"font-size: 12.5pt\"><br \/><\/span><\/div>\n<div style=\"margin-left: 36.0pt;text-align: justify;text-indent: -18.0pt\">\n<!--[if !supportLists]--><span style=\"font-family: Symbol;font-size: 12.5pt\">\u00b7<span style=\"font-family: 'Times New Roman';font-size: 7pt\">&nbsp;&nbsp;&nbsp;&nbsp;&nbsp;&nbsp;&nbsp;<br \/>\n<\/span><\/span><!--[endif]--><span style=\"font-size: 12.5pt\">Director General B:SM Sr. Ignasi Armengol Villa<\/span><\/div>\n<div style=\"margin-left: 36.0pt;text-align: justify;text-indent: -18.0pt\">\n<!--[if !supportLists]--><span style=\"font-family: Symbol;font-size: 12.5pt\">\u00b7<span style=\"font-family: 'Times New Roman';font-size: 7pt\">&nbsp;&nbsp;&nbsp;&nbsp;&nbsp;&nbsp;&nbsp;<br \/>\n<\/span><\/span><!--[endif]--><span style=\"font-size: 12.5pt\">Subdirectora General Operaciones B:SM, Sra. Anna Xicoy Cruells<\/span><\/div>\n<div style=\"margin-left: 36.0pt;text-align: justify;text-indent: -18.0pt\">\n<!--[if !supportLists]--><span style=\"font-family: Symbol;font-size: 12.5pt\">\u00b7<span style=\"font-family: 'Times New Roman';font-size: 7pt\">&nbsp;&nbsp;&nbsp;&nbsp;&nbsp;&nbsp;&nbsp;<br \/>\n<\/span><\/span><!--[endif]--><span style=\"font-size: 12.5pt\">Subdirector General Econ\u00f3mico y Financiero, Sr. Pedro Bl\u00e1zquez L\u00f3pez<\/span><\/div>\n<div style=\"text-align: justify\">\n<\/div>\n<div style=\"text-align: justify\">\n<span style=\"font-size: 12.5pt\">En el a\u00f1o 2012, estas<br \/>\nmismas 3 personas fueron remuneradas por un total de 427.233 euros, lo que<br \/>\nsupone que <b>en 2013 se subieron sus<br \/>\nsueldos en casi un 11%.<\/b><\/span><\/div>\n<div style=\"text-align: justify\">\n<\/div>\n<div style=\"text-align: justify\">\n<span style=\"font-size: 12.5pt\">Recordamos que los trabajadores\/as<br \/>\nde B:SM en 2013 hemos tenido una subida de <b>0%<\/b>,<br \/>\ndebido a la congelaci\u00f3n salarial.<\/span><\/div>\n<div style=\"text-align: justify\">\n<\/div>\n<div style=\"text-align: justify\">\n<span style=\"font-size: 12.5pt\">\u00bfEs normal que 3 personas<br \/>\ncon cargo directivo en una empresa p\u00fablica se suban el salario casi un 11% en<br \/>\npleno a\u00f1o de congelaci\u00f3n salarial?.<\/span><\/div>\n<div style=\"text-align: justify\">\n<\/div>\n<div style=\"text-align: justify\">\n<span style=\"font-size: 12.5pt\">Recordamos que este pasado<br \/>\nmes de julio de 2014, esta secci\u00f3n sindical de CCOO_BSM le pregunt\u00f3<br \/>\ndirectamente al Director General, si era cierto las manifestaciones del miembro<br \/>\ndel consejo de administraci\u00f3n de B:SM, Sr. Javier Mulleras, que manifestaba que<br \/>\nla alta direcci\u00f3n se hab\u00eda subido el salario un 4,5% y el Director General nos<br \/>\ncontest\u00f3 que no y ahora entendemos que nos dijo la verdad, ya que no se lo<br \/>\nsubieron un 4,5% sino <b>un 11% nada menos<\/b>.<\/span><\/div>\n<div style=\"text-align: justify\">\n<\/div>\n<div style=\"text-align: justify\">\n<span style=\"font-size: 12.5pt\">Hay gente que todav\u00eda no<br \/>\nentiende la utilizaci\u00f3n del t\u00e9rmino <i>\u201cCASTA\u201d<\/i><br \/>\npara nombrar a determinados cargos p\u00fablicos, pero creemos que con estos datos<br \/>\ntodos los trabajadores\/as de B:SM saben a quienes nos referimos cuando hablamos<br \/>\nde la casta directiva en B:SM.<\/span><\/div>\n<div style=\"text-align: justify\">\n<\/div>\n<div style=\"text-align: justify\">\n<span style=\"font-size: 12.5pt\">Con que moralidad pueden<br \/>\nalgunos jefes\/as, decirnos que no podemos subir de categor\u00eda o salario a<br \/>\naquellos compa\u00f1eros\/as que no llegan a 20.000 euros brutos anuales, trabajando<br \/>\nhasta 3 fines de semana seguidos, aguantando frio, calor, lluvia y temporales<br \/>\nde aire.<\/span><\/div>\n<div style=\"text-align: justify\">\n<\/div>\n<div style=\"text-align: justify\">\n<span style=\"font-size: 12.5pt\">No nos olvidemos que<br \/>\ntrabajamos en Barcelona de Serveis Municipals S.A, empresa p\u00fablica del Ajuntament<br \/>\nde Barcelona, y que nuestros salarios nos los pagan los ciudadanos\/as de<br \/>\nBarcelona.<\/span><\/div>\n<div style=\"text-align: justify\">\n<\/div>\n<div style=\"text-align: justify\">\n<span style=\"font-size: 12.5pt\">Esperamos que devuelvan a<br \/>\nlas arcas p\u00fablicas de nuestra empresa el 11% de subida en 2013 y el que posiblemente<br \/>\nhayan efectuado en 2014, para adecuarse a lo mismo que los trabajadores\/as de<br \/>\nB:SM, <b>0%<\/b> de subida por congelaci\u00f3n<br \/>\nsalarial.<\/span><span style=\"font-size: 12.5pt\">&nbsp;<\/span><\/div>\n<p><\/p>\n<div style=\"text-align: justify\">\n<span style=\"font-size: 12.5pt\">Esta Direcci\u00f3n de B:SM<br \/>\nnecesita un cambio de pol\u00edticas dr\u00e1stico y no s\u00f3lo en lo referente a cambiar de<br \/>\ncaras, sino a cambiar las formas de entender una empresa p\u00fablica y sobretodo la<br \/>\nforma de gestionarla, entre las que no se puede tolerar que 3 personas se<br \/>\nembolsen casi<b> medio mill\u00f3n de euros <\/b>ni<br \/>\nmucho menos que se suban<b> un 11% sus<br \/>\nsalarios.<\/b><\/span><\/div>\n<div style=\"text-align: justify\">\n<span style=\"font-size: 12.5pt\"><b><br \/><\/b><\/span><\/div>\n<div style=\"text-align: justify\">\n<span style=\"font-size: 12.5pt\"><b><br \/><\/b><\/span><\/div>\n<div style=\"clear: both;text-align: center\">\n<a href=\"http:\/\/4.bp.blogspot.com\/-9H1F1EKatBo\/VKVsk8xY8vI\/AAAAAAAAFIo\/i_rRIOYoZgg\/s1600\/seccio%2Bsindical%2BBSM.bmp\" style=\"margin-left: 1em;margin-right: 1em\"><img loading=\"lazy\" decoding=\"async\" border=\"0\" height=\"61\" src=\"http:\/\/4.bp.blogspot.com\/-9H1F1EKatBo\/VKVsk8xY8vI\/AAAAAAAAFIo\/i_rRIOYoZgg\/s200\/seccio%2Bsindical%2BBSM.bmp\" width=\"200\" \/><\/a><\/div>\n<div style=\"text-align: justify\">\n<span style=\"font-size: 12.5pt\"><b><br \/><\/b><\/span><\/div>\n","protected":false},"excerpt":{"rendered":"<p>En el a\u00f1o 2013 la Direcci\u00f3n General de B:SM obtuvo un total de 473.467 euros anuales entre 3 personas: \u00b7&nbsp;&nbsp;&nbsp;&nbsp;&nbsp;&nbsp;&nbsp; Director General B:SM Sr. Ignasi Armengol Villa \u00b7&nbsp;&nbsp;&nbsp;&nbsp;&nbsp;&nbsp;&nbsp; Subdirectora General &#8230; <a title=\"\u00bfCu\u00e1nto cobra la Direcci\u00f3n General de B:SM?\" class=\"read-more\" href=\"https:\/\/ccoo.app\/barcelona-serveis-municipals\/cuanto-cobra-la-direccion-general-de-bsm\/\" aria-label=\"M\u00e9s informaci\u00f3 sobre \u00bfCu\u00e1nto cobra la Direcci\u00f3n General de B:SM?\">Read more<\/a><\/p>\n","protected":false},"author":4519,"featured_media":0,"comment_status":"closed","ping_status":"closed","sticky":false,"template":"","format":"standard","meta":{"footnotes":""},"categories":[1],"tags":[],"class_list":["post-2929","post","type-post","status-publish","format-standard","hentry","category-sin-categoria","generate-columns","tablet-grid-50","mobile-grid-100","grid-parent","grid-33"],"_links":{"self":[{"href":"https:\/\/ccoo.app\/barcelona-serveis-municipals\/wp-json\/wp\/v2\/posts\/2929","targetHints":{"allow":["GET"]}}],"collection":[{"href":"https:\/\/ccoo.app\/barcelona-serveis-municipals\/wp-json\/wp\/v2\/posts"}],"about":[{"href":"https:\/\/ccoo.app\/barcelona-serveis-municipals\/wp-json\/wp\/v2\/types\/post"}],"author":[{"embeddable":true,"href":"https:\/\/ccoo.app\/barcelona-serveis-municipals\/wp-json\/wp\/v2\/users\/4519"}],"replies":[{"embeddable":true,"href":"https:\/\/ccoo.app\/barcelona-serveis-municipals\/wp-json\/wp\/v2\/comments?post=2929"}],"version-history":[{"count":0,"href":"https:\/\/ccoo.app\/barcelona-serveis-municipals\/wp-json\/wp\/v2\/posts\/2929\/revisions"}],"wp:attachment":[{"href":"https:\/\/ccoo.app\/barcelona-serveis-municipals\/wp-json\/wp\/v2\/media?parent=2929"}],"wp:term":[{"taxonomy":"category","embeddable":true,"href":"https:\/\/ccoo.app\/barcelona-serveis-municipals\/wp-json\/wp\/v2\/categories?post=2929"},{"taxonomy":"post_tag","embeddable":true,"href":"https:\/\/ccoo.app\/barcelona-serveis-municipals\/wp-json\/wp\/v2\/tags?post=2929"}],"curies":[{"name":"wp","href":"https:\/\/api.w.org\/{rel}","templated":true}]}}