{"id":2928,"date":"2015-05-22T10:37:00","date_gmt":"2015-05-22T08:37:00","guid":{"rendered":"https:\/\/ccoo.app\/barcelona-serveis-municipals\/area-dum-la-otra-cara-de-la-smart-city\/"},"modified":"2015-05-22T10:37:00","modified_gmt":"2015-05-22T08:37:00","slug":"area-dum-la-otra-cara-de-la-smart-city","status":"publish","type":"post","link":"https:\/\/ccoo.app\/barcelona-serveis-municipals\/area-dum-la-otra-cara-de-la-smart-city\/","title":{"rendered":"AREA DUM la otra cara de la Smart City"},"content":{"rendered":"<p><!--[if gte mso 9]&gt;--><\/p>\n<p>\n<!--[if gte mso 9]&gt;--><\/p>\n<p>  Normal<br \/>\n  0<\/p>\n<p>  21<\/p>\n<p>  false<br \/>\n  false<br \/>\n  false<\/p>\n<p>  ES<br \/>\n  X-NONE<br \/>\n  X-NONE<\/p>\n<p><!--[if gte mso 9]&gt;--><\/p>\n<p><!--[if gte mso 10]&gt;--><\/p>\n<p><\/p>\n<div style=\"text-align: justify\">\n<\/div>\n<div style=\"text-align: justify\">\nEl Ayuntamiento de Barcelona<br \/>\nha anunciado que el pr\u00f3ximo mes de julio estar\u00e1 plenamente operativo el AREA<br \/>\nDUM (Distribuci\u00f3n Urbana de Mercanc\u00edas). CCOO manifiesta su m\u00e1s absoluto<br \/>\nrechazo a este sistema de control en las reservas de carga\/descarga por ser, a<br \/>\ntodas luces, un sistema que deshumaniza la ciudad, y la deja al servicio de la<br \/>\nrecaudaci\u00f3n mediante la sanci\u00f3n indiscriminada a los transportistas.<\/div>\n<div style=\"text-align: justify\">\n<\/div>\n<div style=\"text-align: justify\">\n<a href=\"http:\/\/2.bp.blogspot.com\/-P5Rn9KeJIWU\/VV7qCu8fEuI\/AAAAAAAAAdc\/2Qx4Lx-niCE\/s1600\/Area%2BDum%2Bsi%2Bno%2Btienes%2Bsmartphone.jpg\" style=\"clear: right;float: right;margin-bottom: 1em;margin-left: 1em\"><img loading=\"lazy\" decoding=\"async\" border=\"0\" height=\"200\" src=\"http:\/\/2.bp.blogspot.com\/-P5Rn9KeJIWU\/VV7qCu8fEuI\/AAAAAAAAAdc\/2Qx4Lx-niCE\/s200\/Area%2BDum%2Bsi%2Bno%2Btienes%2Bsmartphone.jpg\" width=\"183\" \/><\/a>Cuando este sistema est\u00e9<br \/>\noperativo, los usuarios de las reservas de carga\/descarga estar\u00e1n obligados a indicar el momento en que estacionan mediante SMS o utilizando la App \u00c1rea DUM<br \/>\npara Smart Phone, convirti\u00e9ndose en su propio vigilante. Esto a la pr\u00e1ctica se<br \/>\ntraduce que s\u00f3lo los transportistas que tengan un tel\u00e9fono m\u00f3vil operativo<br \/>\npodr\u00e1n trabajar en Barcelona, ya que de no enviar el SMS o poner en marcha la<br \/>\nApp ser\u00e1n denunciados.<\/div>\n<div style=\"text-align: justify\">\n<\/div>\n<div style=\"text-align: justify\">\nEsta aplicaci\u00f3n ser\u00e1 una<br \/>\nmaravilla conseguir aumentar la recaudaci\u00f3n municipal, pero supone una total y<br \/>\nabsoluta desconsideraci\u00f3n hacia el colectivo de transportistas que habr\u00e1n de<br \/>\nlidiar con un sinf\u00edn de problemas diariamente.<\/div>\n<div style=\"text-align: justify\">\n<\/div>\n<div style=\"margin-left: 36pt;text-align: justify;text-indent: -18pt\">\n<span style=\"font-family: Symbol\"><span>\u00b7<span>&nbsp;&nbsp;&nbsp;&nbsp;&nbsp;&nbsp;&nbsp;&nbsp;<br \/>\n<\/span><\/span><\/span>Quien no tenga tel\u00e9fono m\u00f3vil no podr\u00e1 trabajar<br \/>\nen Barcelona o se habr\u00e1 de dejar una fortuna en la zona azul.<\/div>\n<div style=\"margin-left: 36pt;text-align: justify;text-indent: -18pt\">\n<span style=\"font-family: Symbol\"><span>\u00b7<span>&nbsp;&nbsp;&nbsp;&nbsp;&nbsp;&nbsp;&nbsp;&nbsp;<br \/>\n<\/span><\/span><\/span>Cuando se termine la bater\u00eda del m\u00f3vil se habr\u00e1<br \/>\nterminado tambi\u00e9n su jornada de trabajo.<\/div>\n<div style=\"margin-left: 36pt;text-align: justify;text-indent: -18pt\">\n<span style=\"font-family: Symbol\"><span>\u00b7<span>&nbsp;&nbsp;&nbsp;&nbsp;&nbsp;&nbsp;&nbsp;&nbsp;<br \/>\n<\/span><\/span><\/span>Si en durante la jornada se rompe o extrav\u00eda el<br \/>\nm\u00f3vil no se podr\u00e1 seguir trabajando.<\/div>\n<div style=\"margin-left: 36pt;text-align: justify;text-indent: -18pt\">\n<span style=\"font-family: Symbol\"><span>\u00b7<span>&nbsp;&nbsp;&nbsp;&nbsp;&nbsp;&nbsp;&nbsp;&nbsp;<br \/>\n<\/span><\/span><\/span>Quien tenga problemas con las nuevas tecnolog\u00edas<br \/>\ntarde o temprano se ver\u00e1 con una denuncia en el parabrisas. <\/div>\n<div style=\"margin-left: 36pt;text-align: justify;text-indent: -18pt\">\n<span style=\"font-family: Symbol\"><span>\u00b7<span>&nbsp;&nbsp;&nbsp;&nbsp;&nbsp;&nbsp;&nbsp;&nbsp;<br \/>\n<\/span><\/span><\/span>Si un repartidor de paqueter\u00eda, que puede<br \/>\nefectuar perfectamente 40 paradas diarias, se olvida iniciar la aplicaci\u00f3n en<br \/>\nuna de ellas, ser\u00e1 denunciado por el simple hecho de olvidarse.<\/div>\n<div style=\"margin-left: 36pt;text-align: justify;text-indent: -18pt\">\n<span style=\"font-family: Symbol\"><span>\u00b7<span>&nbsp;&nbsp;&nbsp;&nbsp;&nbsp;&nbsp;&nbsp;&nbsp;<br \/>\n<\/span><\/span><\/span>Un veh\u00edculo comercial que estacione 5 minutos<br \/>\npara atender una llamada ser\u00e1 denunciado.<\/div>\n<div style=\"margin-left: 36pt;text-align: justify;text-indent: -18pt\">\n<span style=\"font-family: Symbol\"><span>\u00b7<span>&nbsp;&nbsp;&nbsp;&nbsp;&nbsp;&nbsp;&nbsp;&nbsp;<br \/>\n<\/span><\/span><\/span>Un transportista que no vive en la ciudad de<br \/>\nBarcelona viene a efectuar una entrega, desconocedor de la aplicaci\u00f3n y ante<br \/>\nuna se\u00f1al absolutamente incompresible, ser\u00e1 denunciado simplemente por no conocer<br \/>\nla existencia de la aplicaci\u00f3n, aunque s\u00f3lo haya estacionado 15 minutos.<\/div>\n<div style=\"margin-left: 36pt;text-align: justify;text-indent: -18pt\">\n<span style=\"font-family: Symbol\"><span>\u00b7<span>&nbsp;&nbsp;&nbsp;&nbsp;&nbsp;&nbsp;&nbsp;&nbsp;<br \/>\n<\/span><\/span><\/span>\u00bfCuantas horas habr\u00e1n de perder diariamente los<br \/>\nrepartidores de paqueter\u00eda, que efect\u00faan m\u00e1s de 40 paradas diarias? Ya que para<br \/>\nponer en marcha la aplicaci\u00f3n se necesita entre 1,5 \u2013 2 minutos por parada,<br \/>\nseg\u00fan la cobertura y la tarifa de datos contratada.<\/div>\n<div style=\"text-align: justify\">\n<\/div>\n<div style=\"text-align: justify\">\nA estos problemas se a\u00f1aden<br \/>\notras dudas que sindicalmente no podemos dejar pasar, \u00bfc\u00f3mo va a afectar la<br \/>\ndependencia absoluta del tel\u00e9fono a trabajadores cuya funci\u00f3n principal es<br \/>\nconducir? Mucho nos tememos que puedan aumentar el n\u00famero de accidentes, no<br \/>\ns\u00f3lo por incitar al uso del m\u00f3vil durante la conducci\u00f3n para ahorrar tiempo,<br \/>\ntambi\u00e9n por el aumento del nivel de stress al que se ver\u00e1n sometidos estos<br \/>\nconductores.<\/div>\n<div style=\"text-align: justify\">\n<\/div>\n<div style=\"text-align: justify\">\nOtro colectivo que con toda<br \/>\nseguridad sufrir\u00e1 las consecuencias del Are DUM es el de los vigilantes de la<br \/>\nzona azul, como as\u00ed manifiestan los delegados sindicales de CCOO, ya que se<br \/>\nver\u00e1n forzados por el sistema a denunciar situaciones que traspasan lo<br \/>\n\u00e9ticamente aceptable, como denunciar un veh\u00edculo por el simple hecho de<br \/>\nolvidarse iniciar la aplicaci\u00f3n aunque acabe de estacionar, lo que sin duda<br \/>\npuede derivar en un aumento de las agresiones, sufriendo adem\u00e1s, el stress y la<br \/>\nansiedad que provocar\u00e1 la p\u00e9rdida total de la capacidad de decisi\u00f3n sobre si<br \/>\nprocede o no denunciar.<\/div>\n<div style=\"text-align: justify\">\n<\/div>\n<div style=\"clear: both;text-align: center\">\n<a href=\"http:\/\/1.bp.blogspot.com\/-BzGdPHpwGt4\/VV7qVVCl4LI\/AAAAAAAAAdk\/bq6CUhczc9Y\/s1600\/AREA%2BDUM.jpg\" style=\"clear: left;float: left;margin-bottom: 1em;margin-right: 1em\"><img loading=\"lazy\" decoding=\"async\" border=\"0\" height=\"168\" src=\"http:\/\/1.bp.blogspot.com\/-BzGdPHpwGt4\/VV7qVVCl4LI\/AAAAAAAAAdk\/bq6CUhczc9Y\/s200\/AREA%2BDUM.jpg\" width=\"200\" \/><\/a><\/div>\n<div style=\"text-align: justify\">\nPor otro lado, se a\u00f1aden las<br \/>\ndudas sobre la utilizaci\u00f3n que se pueda hacer de los datos que quedar\u00e1n<br \/>\nregistrados, recordemos que la App es obligatoria, y para descargarla, es<br \/>\nobligatorio aceptar las condiciones de uso y ceder los datos, obteniendo as\u00ed un<br \/>\nregistro de los movimientos que efect\u00faan las flotas de las empresas.<\/div>\n<div style=\"text-align: justify\">\n<\/div>\n<div style=\"text-align: justify\">\nEl \u00c1rea DUM se vende como<br \/>\nparte de la Smart City<span>&nbsp; <\/span>(ciudad<br \/>\ninteligente) que Xavier Tr\u00edas est\u00e1 dise\u00f1ando para Barcelona, pero no parece muy<br \/>\ninteligente dise\u00f1ar un sistema de control sin contar con la opini\u00f3n de los<br \/>\ntransportistas, ni de los vigilantes de la zona azul, ya que son ellos quienes<br \/>\nconocen las miles de casu\u00edsticas diarias que se dan en la utilizaci\u00f3n de las<br \/>\nreservas de carga\/descarga. Sabiendo adem\u00e1s, que actualmente est\u00e1n<br \/>\nperfectamente controladas y que nos encontramos en m\u00ednimos hist\u00f3ricos de<br \/>\nindisciplina viaria al estacionar.<\/div>\n<div style=\"text-align: justify\">\n<\/div>\n<div style=\"text-align: justify\">\nDesde CCOO, solicitamos la<br \/>\nretirada inmediata del AREA DUM, que supone una deshumanizaci\u00f3n total en el<br \/>\ncontrol de las zonas de carga\/descarga, y demuestra que el Ayuntamiento de<br \/>\nBarcelona pretende utilizar la movilidad como un negocio y no como un servicio<br \/>\np\u00fablico para los trabajadores que operan en Barcelona.<\/div>\n","protected":false},"excerpt":{"rendered":"<p>Normal 0 21 false false false ES X-NONE X-NONE El Ayuntamiento de Barcelona ha anunciado que el pr\u00f3ximo mes de julio estar\u00e1 plenamente operativo el AREA DUM (Distribuci\u00f3n Urbana de &#8230; <a title=\"AREA DUM la otra cara de la Smart City\" class=\"read-more\" href=\"https:\/\/ccoo.app\/barcelona-serveis-municipals\/area-dum-la-otra-cara-de-la-smart-city\/\" aria-label=\"M\u00e9s informaci\u00f3 sobre AREA DUM la otra cara de la Smart City\">Read more<\/a><\/p>\n","protected":false},"author":4886,"featured_media":0,"comment_status":"closed","ping_status":"closed","sticky":false,"template":"","format":"standard","meta":{"footnotes":""},"categories":[1],"tags":[],"class_list":["post-2928","post","type-post","status-publish","format-standard","hentry","category-sin-categoria","generate-columns","tablet-grid-50","mobile-grid-100","grid-parent","grid-33"],"_links":{"self":[{"href":"https:\/\/ccoo.app\/barcelona-serveis-municipals\/wp-json\/wp\/v2\/posts\/2928","targetHints":{"allow":["GET"]}}],"collection":[{"href":"https:\/\/ccoo.app\/barcelona-serveis-municipals\/wp-json\/wp\/v2\/posts"}],"about":[{"href":"https:\/\/ccoo.app\/barcelona-serveis-municipals\/wp-json\/wp\/v2\/types\/post"}],"author":[{"embeddable":true,"href":"https:\/\/ccoo.app\/barcelona-serveis-municipals\/wp-json\/wp\/v2\/users\/4886"}],"replies":[{"embeddable":true,"href":"https:\/\/ccoo.app\/barcelona-serveis-municipals\/wp-json\/wp\/v2\/comments?post=2928"}],"version-history":[{"count":0,"href":"https:\/\/ccoo.app\/barcelona-serveis-municipals\/wp-json\/wp\/v2\/posts\/2928\/revisions"}],"wp:attachment":[{"href":"https:\/\/ccoo.app\/barcelona-serveis-municipals\/wp-json\/wp\/v2\/media?parent=2928"}],"wp:term":[{"taxonomy":"category","embeddable":true,"href":"https:\/\/ccoo.app\/barcelona-serveis-municipals\/wp-json\/wp\/v2\/categories?post=2928"},{"taxonomy":"post_tag","embeddable":true,"href":"https:\/\/ccoo.app\/barcelona-serveis-municipals\/wp-json\/wp\/v2\/tags?post=2928"}],"curies":[{"name":"wp","href":"https:\/\/api.w.org\/{rel}","templated":true}]}}