{"id":2927,"date":"2015-07-08T23:13:00","date_gmt":"2015-07-08T21:13:00","guid":{"rendered":"https:\/\/ccoo.app\/barcelona-serveis-municipals\/reunion-comision-uoer-8-de-julio-2015\/"},"modified":"2015-07-08T23:13:00","modified_gmt":"2015-07-08T21:13:00","slug":"reunion-comision-uoer-8-de-julio-2015","status":"publish","type":"post","link":"https:\/\/ccoo.app\/barcelona-serveis-municipals\/reunion-comision-uoer-8-de-julio-2015\/","title":{"rendered":"Reuni\u00f3n Comisi\u00f3n UOER 8 de julio 2015"},"content":{"rendered":"<p><!--[if gte mso 9]&gt;--><\/p>\n<p>\n<!--[if gte mso 9]&gt;--><\/p>\n<p>  Normal<br \/>\n  0<\/p>\n<p>  21<\/p>\n<p>  false<br \/>\n  false<br \/>\n  false<\/p>\n<p>  ES<br \/>\n  X-NONE<br \/>\n  X-NONE<\/p>\n<p><!--[if gte mso 9]&gt;--><\/p>\n<p><!--[if gte mso 10]&gt;--><\/p>\n<p><\/p>\n<div style=\"text-align: justify\">\nEl departamento jur\u00eddico nos ha explicado la afectaci\u00f3n a los trabajadores de la<br \/>\nreforma del C\u00f3digo Penal que entr\u00f3 en vigor el pasado 1 de julio.&nbsp;<\/div>\n<div style=\"text-align: justify\">\n<\/div>\n<div style=\"text-align: justify\">\nLa principal novedad es que anteriormente los procesos se<br \/>\ndivid\u00edan en faltas y delitos, con la entrada en vigor de <a href=\"http:\/\/noticias.juridicas.com\/base_datos\/Penal\/549720-lo-1-2015-de-30-mar-modifica-la-lo-10-1995-de-23-nov-del-codigo-penal.html\">Ley<br \/>\nOrg\u00e1nica 1\/2015<\/a>, desaparecen las faltas y se convierten en algunos casos en<br \/>\nsanciones administrativas y en otros en delitos leves.<\/div>\n<div style=\"text-align: justify\">\n<\/div>\n<div style=\"text-align: justify\">\nSeg\u00fan nos indica el servicio jur\u00eddico insultos y escupitajos<br \/>\nser\u00edan sanciones administrativas y las agresiones f\u00edsicas o amenazas en delitos<br \/>\nleves.&nbsp;<\/div>\n<div style=\"text-align: justify\">\n<a href=\"http:\/\/4.bp.blogspot.com\/-w9lbUU46bo0\/VZ2RnzfPgvI\/AAAAAAAAAd8\/8gaS0j_AbDI\/s1600\/multa-guardia-urbana-barcelona.jpg\" style=\"clear: right;float: right;margin-bottom: 1em;margin-left: 1em\"><img loading=\"lazy\" decoding=\"async\" border=\"0\" height=\"133\" src=\"http:\/\/4.bp.blogspot.com\/-w9lbUU46bo0\/VZ2RnzfPgvI\/AAAAAAAAAd8\/8gaS0j_AbDI\/s200\/multa-guardia-urbana-barcelona.jpg\" width=\"200\" \/><\/a>&nbsp;<\/div>\n<div style=\"text-align: justify\">\nEsta Secci\u00f3n Sindical ha solicitado una reuni\u00f3n con Guardia<br \/>\nUrbana, ya que si los insultos y escupitajos se pueden castigar mediante una<br \/>\nsanci\u00f3n administrativa, ser\u00eda deseable que los agentes de G. U. act\u00faen conforme a la ley y sancionen a quienes en su<br \/>\npresencia insulten a los trabajadores.<\/div>\n<div style=\"text-align: justify\">\n<\/div>\n<div style=\"text-align: justify\">\nLa unidad nos indica que aunque haya cambiado la<br \/>\nlegislaci\u00f3n, el protocolo de actuaci\u00f3n ante una agresi\u00f3n no var\u00eda, por lo que<br \/>\nlos vigilantes seguir\u00e1n teniendo la opci\u00f3n de interponer denuncia sea insulto,<br \/>\namenaza o agresi\u00f3n. El problema que nos indican los servicios jur\u00eddicos en<br \/>\ncuanto a los insultos, es que existe la posibilidad de que el juez pueda<br \/>\ndesestimar la denuncia por entender que no existe delito. Aunque por ahora es una posibilidad y ya se ver\u00e1 la actitud que toman los jueces al respecto, y nos indican que esto puede afectar tambien a los procesos ya abiertos.<\/div>\n<div style=\"text-align: justify\">\n<\/div>\n<div style=\"text-align: justify\">\nPara intentar evitar que los jueces desestimen las<br \/>\ndenuncias, desde otra secci\u00f3n sindical se ha pedido asesoramiento de los<br \/>\nservicios jur\u00eddicos a los trabajadores, lo que CCOO ha complementado<br \/>\nsolicitando que no se asesore, sino que directamente sean los abogados quienes<br \/>\nredacten las denuncias para que al llevarla a comisaria simplemente la<br \/>\ntramiten, propuesta que la empresa ha recibido de buen grado y se ha<br \/>\ncomprometido a consultar con el gabinete de abogados para estudiar su<br \/>\nviabilidad.<\/div>\n<div style=\"text-align: justify\">\n<\/div>\n<div style=\"clear: both;text-align: justify\">\n<a href=\"http:\/\/2.bp.blogspot.com\/-tmAZV3e8dxI\/VZ2SBu993aI\/AAAAAAAAAeE\/pY6XlBnp1_4\/s1600\/hammer-719066_640.jpg\" style=\"clear: left;float: left;margin-bottom: 1em;margin-right: 1em\"><img loading=\"lazy\" decoding=\"async\" border=\"0\" height=\"150\" src=\"http:\/\/2.bp.blogspot.com\/-tmAZV3e8dxI\/VZ2SBu993aI\/AAAAAAAAAeE\/pY6XlBnp1_4\/s200\/hammer-719066_640.jpg\" width=\"200\" \/><\/a><\/div>\n<div style=\"text-align: justify\">\nSobre el gabinete de abogados que llevar\u00e1 los casos de<br \/>\nagresi\u00f3n, decir que desde el pr\u00f3ximo 1 de agosto ser\u00e1 <a href=\"http:\/\/www.molins-silva.com\/\">Molins &amp; Silva<\/a>, bufete dedicado<br \/>\nexclusivamente al \u00e1mbito del derecho penal que gan\u00f3 la \u00faltima licitaci\u00f3n de<br \/>\neste servicio.<\/div>\n<div style=\"text-align: justify\">\n<\/div>\n<div style=\"text-align: justify\">\nDado que aparentemente sancionar los insultos puede ser m\u00e1s<br \/>\ndificultoso con la reforma del C\u00f3digo Penal, consideramos importante aconsejar<br \/>\nque no se caiga en la tentaci\u00f3n de decir que no ha sido un insulto, sino una<br \/>\namenaza, ya que el <a href=\"http:\/\/noticias.juridicas.com\/base_datos\/Penal\/lo10-1995.l2t20.html#a456\">art.<br \/>\n456<\/a> castiga la den\u00fancia falsa con sanciones<br \/>\nque puede ir de multas de 3 meses a prisi\u00f3n de 2 a\u00f1os.<\/div>\n<div style=\"text-align: justify\">\n<\/div>\n<div style=\"text-align: justify\">\nPor otra parte nos han entregado los datos de las agresiones desde abril de 2014 como hab\u00eda<br \/>\nsolicitado CCOO para poder continuar con el estudio de las agresiones, y<br \/>\nque los trabajadores han empezado a cumplimentar la<span>&nbsp; <\/span>ficha individual de recogida de datos que se<br \/>\naconsej\u00f3 en el curso se CIFE para unificar los datos necesarios para efectuar<br \/>\nun correcto estudio de dichos datos.<\/div>\n<div style=\"text-align: justify\">\n<\/div>\n<div style=\"text-align: justify\">\n<\/div>\n<div style=\"text-align: justify\">\nINFORMACI\u00d3N COMPLEMENTARIA <\/div>\n<div style=\"text-align: justify\">\n<\/div>\n<div style=\"text-align: justify\">\nUna vez terminada la<br \/>\nreuni\u00f3n, esta Secci\u00f3n Sindical ha querido revisar el articulado de la ley, y<br \/>\ntras leer detenidamente el <a href=\"http:\/\/noticias.juridicas.com\/base_datos\/Penal\/lo10-1995.l2t7.html#a173\">art.<br \/>\n173<\/a> que dice textualmente \u201cEl que infligiera a otra persona un trato<br \/>\ndegradante, menoscabando gravemente su integridad moral, ser\u00e1 castigado con la<br \/>\npena de prisi\u00f3n de seis meses a dos a\u00f1os\u201d, entendemos que ser\u00eda interesante que<br \/>\nel nuevo bufete de abogados estudiase la posibilidad de solicitar la aplicaci\u00f3n<br \/>\nde este art\u00edculo en los casos de insultos, especialmente aquellos insultos que<br \/>\nse refieran a la condici\u00f3n de g\u00e9nero, orientaci\u00f3n sexual, menosprecio por la<br \/>\nprofesi\u00f3n que se ejerza o por motivos de racismo.&nbsp;<\/div>\n<div style=\"text-align: justify\">\n<\/div>\n<div style=\"text-align: justify\">\nEn cuanto a las amenazas quedan reguladas<br \/>\nen el <a href=\"http:\/\/noticias.juridicas.com\/base_datos\/Penal\/lo10-1995.l2t6.html#c2\">art.<br \/>\n169<\/a> y con la reforma se penalizan de la siguiente forma:<\/div>\n<div style=\"text-align: justify\">\n<\/div>\n<div style=\"margin-left: 53.4pt;text-align: justify;text-indent: -18pt\">\n<span><span>&#8211;<span>&nbsp;&nbsp; <\/span><\/span><\/span>De uno a cinco a\u00f1os, si se hubiere hecho la<br \/>\namenaza exigiendo una cantidad o imponiendo cualquier otra condici\u00f3n. Por<br \/>\nejemplo \u201cme quitas la denuncia o te doy una paliza\u201d<\/div>\n<div style=\"margin-left: 53.4pt;text-align: justify;text-indent: -18pt\">\n<span><span>&#8211;<span>&nbsp;&nbsp; <\/span><\/span><\/span>De no conseguirlo, se impondr\u00e1 la pena de<br \/>\nprisi\u00f3n de seis meses a tres a\u00f1os, es decir \u201cme quitas la denuncia o te doy una<br \/>\npaliza\u201d y no se le retira la denuncia.<\/div>\n<div style=\"margin-left: 53.4pt;text-align: justify;text-indent: -18pt\">\n<span><span>&#8211;<span>&nbsp;&nbsp; <\/span><\/span><\/span>Las penas se impondr\u00e1n en su mitad superior si<br \/>\nlas amenazas se hicieren por escrito, por ejemplo las que aparecen escritas en<br \/>\nun aviso de denuncia.<\/div>\n<div style=\"margin-left: 53.4pt;text-align: justify;text-indent: -18pt\">\n<\/div>\n<div style=\"text-align: justify\">\nLas lesiones vienen tipificadas en el <a href=\"http:\/\/noticias.juridicas.com\/base_datos\/Penal\/lo10-1995.l2t3.html#l2t3\">art.<br \/>\n147<\/a> y las penas que se pueden imponer penas que van desde tres meses a tres a\u00f1os o multa de uno a doce meses seg\u00fan el caso.<\/div>\n<div style=\"text-align: justify\">\n<\/div>\n<div style=\"text-align: justify\">\nFinalmente indicar que tras el verano, habr\u00e1 una nueva<br \/>\nreuni\u00f3n para que nos informen de la reuni\u00f3n que tiene pendiente la empresa con<br \/>\nel nuevo bufete para tratar estos aspectos.<\/div>\n<div style=\"text-align: justify\">\n<\/div>\n<div style=\"text-align: justify\">\nPor supuesto, para cualquier duda pod\u00e9is poneros en<br \/>\ncontactos con nosotros.<\/div>\n<div style=\"text-align: justify\">\n<\/div>\n<div style=\"text-align: justify\">\nSeguiremos informando.<\/div>\n","protected":false},"excerpt":{"rendered":"<p>Normal 0 21 false false false ES X-NONE X-NONE El departamento jur\u00eddico nos ha explicado la afectaci\u00f3n a los trabajadores de la reforma del C\u00f3digo Penal que entr\u00f3 en vigor &#8230; <a title=\"Reuni\u00f3n Comisi\u00f3n UOER 8 de julio 2015\" class=\"read-more\" href=\"https:\/\/ccoo.app\/barcelona-serveis-municipals\/reunion-comision-uoer-8-de-julio-2015\/\" aria-label=\"M\u00e9s informaci\u00f3 sobre Reuni\u00f3n Comisi\u00f3n UOER 8 de julio 2015\">Read more<\/a><\/p>\n","protected":false},"author":4886,"featured_media":0,"comment_status":"closed","ping_status":"closed","sticky":false,"template":"","format":"standard","meta":{"footnotes":""},"categories":[1],"tags":[],"class_list":["post-2927","post","type-post","status-publish","format-standard","hentry","category-sin-categoria","generate-columns","tablet-grid-50","mobile-grid-100","grid-parent","grid-33"],"_links":{"self":[{"href":"https:\/\/ccoo.app\/barcelona-serveis-municipals\/wp-json\/wp\/v2\/posts\/2927","targetHints":{"allow":["GET"]}}],"collection":[{"href":"https:\/\/ccoo.app\/barcelona-serveis-municipals\/wp-json\/wp\/v2\/posts"}],"about":[{"href":"https:\/\/ccoo.app\/barcelona-serveis-municipals\/wp-json\/wp\/v2\/types\/post"}],"author":[{"embeddable":true,"href":"https:\/\/ccoo.app\/barcelona-serveis-municipals\/wp-json\/wp\/v2\/users\/4886"}],"replies":[{"embeddable":true,"href":"https:\/\/ccoo.app\/barcelona-serveis-municipals\/wp-json\/wp\/v2\/comments?post=2927"}],"version-history":[{"count":0,"href":"https:\/\/ccoo.app\/barcelona-serveis-municipals\/wp-json\/wp\/v2\/posts\/2927\/revisions"}],"wp:attachment":[{"href":"https:\/\/ccoo.app\/barcelona-serveis-municipals\/wp-json\/wp\/v2\/media?parent=2927"}],"wp:term":[{"taxonomy":"category","embeddable":true,"href":"https:\/\/ccoo.app\/barcelona-serveis-municipals\/wp-json\/wp\/v2\/categories?post=2927"},{"taxonomy":"post_tag","embeddable":true,"href":"https:\/\/ccoo.app\/barcelona-serveis-municipals\/wp-json\/wp\/v2\/tags?post=2927"}],"curies":[{"name":"wp","href":"https:\/\/api.w.org\/{rel}","templated":true}]}}