{"id":2871,"date":"2017-02-23T22:06:00","date_gmt":"2017-02-23T21:06:00","guid":{"rendered":"https:\/\/ccoo.app\/barcelona-serveis-municipals\/movilizacion-virtual-por-la-seguridad-de-los-trabajadores-de-zona-azul-gruas-y-agentes-civicos-de-catalunya\/"},"modified":"2017-02-23T22:06:00","modified_gmt":"2017-02-23T21:06:00","slug":"movilizacion-virtual-por-la-seguridad-de-los-trabajadores-de-zona-azul-gruas-y-agentes-civicos-de-catalunya","status":"publish","type":"post","link":"https:\/\/ccoo.app\/barcelona-serveis-municipals\/movilizacion-virtual-por-la-seguridad-de-los-trabajadores-de-zona-azul-gruas-y-agentes-civicos-de-catalunya\/","title":{"rendered":"Movilizaci\u00f3n virtual por la seguridad de los trabajadores de zona azul, gr\u00faas y agentes c\u00edvicos de Catalunya"},"content":{"rendered":"<p><!--[if gte mso 9]&gt;--><\/p>\n<p>\n<!--[if gte mso 9]&gt;--><\/p>\n<p>  Normal<br \/>\n  0<\/p>\n<p>  21<\/p>\n<p>  false<br \/>\n  false<br \/>\n  false<\/p>\n<p>  ES<br \/>\n  X-NONE<br \/>\n  X-NONE<\/p>\n<p><!--[if gte mso 9]&gt;--><\/p>\n<p><!--[if gte mso 10]&gt;--><\/p>\n<p><\/p>\n<div style=\"text-align: justify\">\nDesde hace unas semanas, estamos<br \/>\ncontactando con compa\u00f1eros de zona azul de todo Catalunya para organizarnos y<br \/>\nrealizar acciones conjuntas para luchar por una ley que nos reconozca la<br \/>\ncondici\u00f3n de Agentes de la Autoridad durante el ejercicio de nuestras funciones.<\/div>\n<div style=\"text-align: justify\">\n<\/div>\n<div style=\"text-align: justify\">\nComo ya sab\u00e9is, desde el<br \/>\nAyuntamiento est\u00e1n mirando si con un nombramiento de la alcald\u00eda es suficiente para los trabajadores de zona azul,<br \/>\npero tambi\u00e9n es verdad que a\u00fan no tenemos nada garantizado, y una ley dejar\u00eda<br \/>\nfuera de toda duda si lo somos o no, as\u00ed que consideramos que hemos de seguir<br \/>\nluchando por ello y darle otro empuj\u00f3n al asunto para que, adem\u00e1s, se incluyan a otros colectivos como el de gr\u00faas y agentes c\u00edvicos.<\/div>\n<div style=\"text-align: justify\">\n<\/div>\n<div style=\"text-align: justify\">\nPara ello (como primera acci\u00f3n)<br \/>\nhemos pensado en organizar una \u201cmanifestaci\u00f3n virtual\u201d en Twitter sobre el mes<br \/>\nde mayo. \u00bfPor qu\u00e9 en mayo? porque existen muchos municipios de costa que<br \/>\ninician la temporada alta el 1 de mayo y podremos contar con muchos m\u00e1s<br \/>\ncompa\u00f1eros.<\/div>\n<div style=\"text-align: justify\">\n<\/div>\n<div style=\"text-align: justify\">\nLa intenci\u00f3n de esta iniciativa<br \/>\nes presionar al President de la Generalitat, a los pol\u00edticos del Parlament <span>&nbsp;<\/span>y al Sindic de Greuges de Catalunya <span>&nbsp;<\/span>para que se mojen en este asunto. Si esta<br \/>\niniciativa tiene un buen seguimiento, es posible que salga en prensa, ya que no<br \/>\nnos consta que hasta ahora se hayan organizado \u201cmanifestaciones virtuales\u201d y<br \/>\npodr\u00eda ser noticia. Aunque la verdadera intenci\u00f3n, es provocar que se pronuncien<br \/>\nsobre un problema que a d\u00eda de hoy no tienen presente.<\/div>\n<div style=\"text-align: justify\">\n<\/div>\n<div style=\"text-align: justify\">\nEvidentemente, para que la<br \/>\nmovilizaci\u00f3n sea un \u00e9xito se ha de contar con el m\u00e1ximo n\u00famero de compa\u00f1eros\/as<br \/>\nposible, por lo que aunque la iniciativa parte de CCOO_BSM esperamos contar con<br \/>\nla participaci\u00f3n de todos los sindicatos y trabajadores sin afiliaci\u00f3n.<\/div>\n<div style=\"text-align: justify\">\n<\/div>\n<div style=\"text-align: justify\">\nPor esto, hemos creado una cuenta<br \/>\nde Twitter sin siglas sindicales, a fin de que todos se puedan sentir<br \/>\nidentificados con ella. La cuenta es @Mobilitat_Cat. <\/div>\n<div style=\"text-align: justify\">\n<\/div>\n<div style=\"text-align: justify\">\nTambi\u00e9n hemos creado un grupo<br \/>\ncerrado de Facebook con la intenci\u00f3n de poder estar tod@s en contacto, y donde<br \/>\npodr\u00e9is encontrar trabajadores de zona azul, gr\u00faas y agentes c\u00edvicos de todo<br \/>\nCatalunya, y como hemos dicho antes, <b>de<br \/>\ntodos los sindicatos y trabajadores sin afiliaci\u00f3n<\/b>, ya que esto es algo que<br \/>\nhemos de luchar entre tod@s.<\/div>\n<div style=\"text-align: justify\">\n<\/div>\n<div style=\"clear: both;text-align: center\">\n<a href=\"https:\/\/4.bp.blogspot.com\/-jcueMXwJlEE\/WK9AMrZap2I\/AAAAAAAABD0\/jkzWbj4pGHs724i6Iqam6PKsvOz_Wph2ACLcB\/s1600\/SEGURIDAD%2BZONAS%2BAZULES%2BY%2BGRUAS%2Bpara%2Bblog%2Bcatala%2Bcopy.jpg\" style=\"margin-left: 1em;margin-right: 1em\"><img loading=\"lazy\" decoding=\"async\" border=\"0\" height=\"225\" src=\"https:\/\/4.bp.blogspot.com\/-jcueMXwJlEE\/WK9AMrZap2I\/AAAAAAAABD0\/jkzWbj4pGHs724i6Iqam6PKsvOz_Wph2ACLcB\/s640\/SEGURIDAD%2BZONAS%2BAZULES%2BY%2BGRUAS%2Bpara%2Bblog%2Bcatala%2Bcopy.jpg\" width=\"640\" \/><\/a><\/div>\n<div style=\"text-align: justify\">\nSi quer\u00e9is ingresar en el grupo<br \/>\nde Facebook poneros en contacto con nosotros para deciros el nombre (no<br \/>\nconviene ponerlo en un blog p\u00fablico) o buscar el grupo directamente en el<br \/>\nperfil de alguno de nuestros delegados de AREA.<\/div>\n<div style=\"text-align: justify\">\n<\/div>\n<div style=\"text-align: justify\">\nM\u00e1s adelante informaremos de los<br \/>\npormenores de la campa\u00f1a, por ahora lo importante es seguir sumando compa\u00f1eros\/as<br \/>\nde todo Catalunya, ya hemos conseguido contactar (y van a participar en la<br \/>\nmovilizaci\u00f3n) con: Badalona, Balaguer, Barber\u00e0 del Vall\u00e8s, Barcelona, Blanes,<br \/>\nCastelldefels, Girona, Granollers, Hospitalet de Llobregat, La Seu d\u2019Urgell,<br \/>\nLleida, Manresa, Montcada i Reixac, Sant Sadurn\u00ed d&#8217;Anoia, Sitges, Vilafranca<br \/>\ndel Pened\u00e9s y Vilanova i la Geltr\u00fa. <\/div>\n<div style=\"text-align: justify\">\n<\/div>\n<div style=\"text-align: justify\">\nYa que lo importante de aqu\u00ed a<br \/>\nmayo es seguir contactando con compa\u00f1eros\/as, si conoc\u00e9is o pod\u00e9is contactar<br \/>\ncon compa\u00f1eros\/as de otros municipios, os pedimos que le coment\u00e9is la iniciativa<br \/>\ny le anim\u00e9is a participar, o directamente que le hag\u00e1is llegar nuestro contacto<br \/>\npara poder hablar con ellos.<\/div>\n<div style=\"text-align: justify\">\n<\/div>\n<div style=\"text-align: justify\">\nFinalmente, deciros tambi\u00e9n que hace<br \/>\nunos meses nos pusimos en contacto con la central de CCOO en Madrid para<br \/>\nexponerles la idea y, fruto de ello, se ha convocado un &nbsp;Congreso Estatal<br \/>\nde Delegados de Zona Azul de CCOO el pr\u00f3ximo 28 de febrero donde acudiremos<br \/>\ndelegados de toda Espa\u00f1a (2 de BSM), y esperamos poder organizar tambi\u00e9n una<br \/>\nmovilizaci\u00f3n similar a nivel estatal.<\/div>\n<div style=\"text-align: justify\">\n<\/div>\n<div style=\"text-align: justify\">\n<\/div>\n","protected":false},"excerpt":{"rendered":"<p>Normal 0 21 false false false ES X-NONE X-NONE Desde hace unas semanas, estamos contactando con compa\u00f1eros de zona azul de todo Catalunya para organizarnos y realizar acciones conjuntas para &#8230; <a title=\"Movilizaci\u00f3n virtual por la seguridad de los trabajadores de zona azul, gr\u00faas y agentes c\u00edvicos de Catalunya\" class=\"read-more\" href=\"https:\/\/ccoo.app\/barcelona-serveis-municipals\/movilizacion-virtual-por-la-seguridad-de-los-trabajadores-de-zona-azul-gruas-y-agentes-civicos-de-catalunya\/\" aria-label=\"M\u00e9s informaci\u00f3 sobre Movilizaci\u00f3n virtual por la seguridad de los trabajadores de zona azul, gr\u00faas y agentes c\u00edvicos de Catalunya\">Read more<\/a><\/p>\n","protected":false},"author":4886,"featured_media":0,"comment_status":"closed","ping_status":"closed","sticky":false,"template":"","format":"standard","meta":{"footnotes":""},"categories":[1],"tags":[],"class_list":["post-2871","post","type-post","status-publish","format-standard","hentry","category-sin-categoria","generate-columns","tablet-grid-50","mobile-grid-100","grid-parent","grid-33"],"_links":{"self":[{"href":"https:\/\/ccoo.app\/barcelona-serveis-municipals\/wp-json\/wp\/v2\/posts\/2871","targetHints":{"allow":["GET"]}}],"collection":[{"href":"https:\/\/ccoo.app\/barcelona-serveis-municipals\/wp-json\/wp\/v2\/posts"}],"about":[{"href":"https:\/\/ccoo.app\/barcelona-serveis-municipals\/wp-json\/wp\/v2\/types\/post"}],"author":[{"embeddable":true,"href":"https:\/\/ccoo.app\/barcelona-serveis-municipals\/wp-json\/wp\/v2\/users\/4886"}],"replies":[{"embeddable":true,"href":"https:\/\/ccoo.app\/barcelona-serveis-municipals\/wp-json\/wp\/v2\/comments?post=2871"}],"version-history":[{"count":0,"href":"https:\/\/ccoo.app\/barcelona-serveis-municipals\/wp-json\/wp\/v2\/posts\/2871\/revisions"}],"wp:attachment":[{"href":"https:\/\/ccoo.app\/barcelona-serveis-municipals\/wp-json\/wp\/v2\/media?parent=2871"}],"wp:term":[{"taxonomy":"category","embeddable":true,"href":"https:\/\/ccoo.app\/barcelona-serveis-municipals\/wp-json\/wp\/v2\/categories?post=2871"},{"taxonomy":"post_tag","embeddable":true,"href":"https:\/\/ccoo.app\/barcelona-serveis-municipals\/wp-json\/wp\/v2\/tags?post=2871"}],"curies":[{"name":"wp","href":"https:\/\/api.w.org\/{rel}","templated":true}]}}