{"id":2870,"date":"2017-03-23T09:14:00","date_gmt":"2017-03-23T08:14:00","guid":{"rendered":"https:\/\/ccoo.app\/barcelona-serveis-municipals\/reunion-comision-de-seguimiento-23-marzo-2017\/"},"modified":"2017-03-23T09:14:00","modified_gmt":"2017-03-23T08:14:00","slug":"reunion-comision-de-seguimiento-23-marzo-2017","status":"publish","type":"post","link":"https:\/\/ccoo.app\/barcelona-serveis-municipals\/reunion-comision-de-seguimiento-23-marzo-2017\/","title":{"rendered":"Reuni\u00f3n Comisi\u00f3n de Seguimiento 23 marzo 2017"},"content":{"rendered":"<p><!--[if gte mso 9]&gt;--><\/p>\n<p>\n<!--[if gte mso 9]&gt;--><\/p>\n<p>  Normal<br \/>\n  0<\/p>\n<p>  21<\/p>\n<p>  false<br \/>\n  false<br \/>\n  false<\/p>\n<p>  ES<br \/>\n  X-NONE<br \/>\n  X-NONE<\/p>\n<p><!--[if gte mso 9]&gt;--><\/p>\n<p><!--[if gte mso 10]&gt;--><\/p>\n<p><\/p>\n<div style=\"text-align: justify\">\nDebido a la alarma despertada<br \/>\nentre los vigilantes durante el d\u00eda de ayer por los rumores que se extendieron,<br \/>\ndesde esta Secci\u00f3n Sindical queremos hacer un llamamiento a la calma.<\/div>\n<div style=\"text-align: justify\">\n<\/div>\n<div style=\"text-align: justify\">\nEs indudable que en los \u00faltimos<br \/>\na\u00f1os, la empresa lleva una pol\u00edtica de ir vaciando AREA de vigilantes, sin<br \/>\nreponer aquellos que se jubilan, se marchan o promocionan, y tambi\u00e9n es<br \/>\nindudable que en el futuro existen posibilidades de digitalizaci\u00f3n del trabajo,<br \/>\ncomo el coche foto multa. Pero\u2026<\/div>\n<div style=\"text-align: justify\">\n<\/div>\n<div style=\"text-align: justify\">\n<\/div>\n<div style=\"text-align: justify\">\n1. Tambi\u00e9n es indudable que los resultados econ\u00f3micos de este<br \/>\na\u00f1o han sido poco menos que ESPECTACULARES, tanto a nivel de empresa como de<br \/>\ndepartamento, y no existe necesidad alguna de reducir plantilla por t\u00e9rminos econ\u00f3micos.<\/div>\n<div style=\"text-align: justify\">\n<\/div>\n<div style=\"text-align: justify\">\n2. Seg\u00fan reconocen los propios<br \/>\npresupuestos, en los \u00faltimos a\u00f1os la plantilla de BSM sigue creciendo, y desde<br \/>\nel Ayuntamiento se est\u00e1 siguiendo una pol\u00edtica de confianza en BSM para nuevos<br \/>\nencargos, como demuestra la obtenci\u00f3n del servicio de Agentes C\u00edvicos, Park<br \/>\nG\u00fcell, Visualizadores, ampliaci\u00f3n Zona BUS, etc\u2026 Barcelona Serveis Municipals<br \/>\nes un ente instrumental del Ayuntamiento, y como tal se le pueden encargar de<br \/>\nforma muy \u00e1gil la prestaci\u00f3n de cualquier servicio. Esto quiere decir que las<br \/>\noportunidades de promoci\u00f3n y recolocaci\u00f3n de la plantilla van a seguir<br \/>\nexistiendo.<\/div>\n<div style=\"text-align: justify\">\n<\/div>\n<div style=\"text-align: justify\">\n3. En cuanto a la \u201cdigitalizaci\u00f3n\u201d<br \/>\ndel servicio, es cierto que se puede estar pensando que en el futuro se<br \/>\nincorpore el coche fotomulta, pero desde esta Secci\u00f3n Sindical os garantizamos<br \/>\nque vamos a seguir luchando para que la digitalizaci\u00f3n no suponga la<br \/>\ndeshumanizaci\u00f3n de la ciudad. Precisamente ayer sali\u00f3 en la Vanguardia un<br \/>\nart\u00edculo (que pod\u00e9is leer <a href=\"http:\/\/www.lavanguardia.com\/local\/barcelona\/20170322\/421090989782\/sindica-normativa-carga-y-descarga-smartphone.html\" target=\"_blank\" rel=\"noopener\">pinchando aqu\u00ed<\/a>) donde la Sindica de Greuges de<br \/>\nBarcelona criticaba la implantaci\u00f3n del AREA DUM con la \u00fanica posibilidad de<br \/>\ncontrol mediante Smartphone, hecho que ya criticamos nosotros en su d\u00eda (pod\u00e9is leer el art\u00edculo <a href=\"http:\/\/ccoobsm.blogspot.com.es\/2015\/05\/area-dum-la-otra-cara-de-la-smart-city.html\" target=\"_blank\" rel=\"noopener\">pinchando aqu\u00ed<\/a>). Y sabiendo que falla<br \/>\nfrecuentemente, no descartamos que en el futuro, consigamos que las zonas de<br \/>\ncarga\/descarga las sigan vigilando trabajadores y no m\u00e1quinas (al menos ese es<br \/>\nnuestro objetivo).<\/div>\n<div style=\"text-align: justify\">\n<\/div>\n<div style=\"text-align: justify\">\n4. Tampoco es menos cierto que el<br \/>\ncoche fotomulta NO puede substituir al vigilante en todas sus funciones, el coche<br \/>\nno pasa incidencias, ni hace acto de presencia en la calle. Desde esta Secci\u00f3n<br \/>\nSindical, vamos a seguir luchando para que el Ayuntamiento entienda que los<br \/>\nvigilantes dan mucho m\u00e1s, y que sin duda alguna somos los ojos y los o\u00eddos del<br \/>\nAyuntamiento en la calle. <\/div>\n<div style=\"text-align: justify\">\n<\/div>\n<div style=\"text-align: justify\">\n5. Finalmente, entendemos que lo<br \/>\nrealmente importante es dotar de contenido nuestro trabajo, somos un colectivo<br \/>\ncon vocaci\u00f3n de servicio p\u00fablico, y siempre ser\u00e1 m\u00e1s rentable para las arcas<br \/>\nmunicipales un \u201cAuxiliar de Guardia Urbana\u201d que no un \u201cOficial de Guardia<br \/>\nUrbana\u201d. Podemos, y ser\u00eda deseable que se encomendaran a los vigilantes de AREA<br \/>\ntareas que de otra forma se deber\u00eda contratar personal espec\u00edfico con un coste a\u00f1adido (como se hizo son el SIU, con el recuento de contenedores cuando se cambiaron, etc&#8230;), y ser\u00eda<br \/>\nperfectamente compaginable con nuestro trabajo.<\/div>\n<div style=\"text-align: justify\">\n<\/div>\n<div style=\"text-align: justify\">\nDicho todo esto, lo que no<br \/>\npermitiremos jam\u00e1s es que se intente obligar a los trabajadores a presentarse a<br \/>\npromociones mediante la pol\u00edtica del miedo, o de apretar las tuercas a los<br \/>\nvigilantes con medidas tan desquiciantes como la de tener que salir del tramo antes<br \/>\nde meterse en el siguiente o fijarse si la ropa interior que no se ve, es la<br \/>\nproporcionada por la empresa o una comprada en un centro comercial. La excesiva fiscalizaci\u00f3n del<br \/>\ntrabajo, el desespero de los trabajadores y la pol\u00edtica del miedo, no puede ser<br \/>\nel camino.<\/div>\n<div style=\"text-align: justify\">\n<\/div>\n<div style=\"text-align: justify\">\nDebe quedar claro, que la reuni\u00f3n<br \/>\nde ayer con la empresa para tratar este tema, se llev\u00f3 adelante en un ambiente<br \/>\nrealmente bueno y de entendimiento. Aceptando la empresa varias propuestas de<br \/>\nCCOO para incentivar al personal a <span>&nbsp;<\/span>presentarse<br \/>\na promociones desde un punto de vista positivo, generando ilusi\u00f3n y no miedo<br \/>\nentre los trabajadores, medidas como:<\/div>\n<div style=\"text-align: justify\">\n<\/div>\n<div style=\"text-align: justify\">\n1. En la promoci\u00f3n de<br \/>\nvisualizadores, substituir la frecuencia de 1 s\u00e1bado cada 3 y 1 domingo cada 5,<br \/>\npor una frecuencia de 1 s\u00e1bado cada 4 y domingo cada 4. De esta forma el s\u00e1bado<br \/>\ny domingo coinciden, dejando 3 fines de semana libres hasta el siguiente. Adem\u00e1s,<br \/>\nel personal de AREA sigue con su frecuencia de 1 \u2013 4.<\/div>\n<div style=\"text-align: justify\">\n<\/div>\n<div style=\"text-align: justify\">\n2. Se implanta la garant\u00eda que al<br \/>\ncabo de 1 a\u00f1o, el vigilante pueda valorar si est\u00e1 a gusto en el nuevo<br \/>\ndepartamento, y de no ser as\u00ed volver al AREA.<\/div>\n<div style=\"text-align: justify\">\n<\/div>\n<div style=\"text-align: justify\">\n3. Se garantiza de que, en caso de<br \/>\nque desaparezca la unidad donde vaya destinado el trabajador, volver\u00e1 al AREA.<\/div>\n<div style=\"text-align: justify\">\n<\/div>\n<div style=\"text-align: justify\">\n4. El complemento personal que se<br \/>\nadquiere al cambiar la categor\u00eda, no ser\u00e1 compensable ni absorbible, por lo que<br \/>\nno habr\u00e1 p\u00e9rdida real de salario a largo plazo.<\/div>\n<div style=\"text-align: justify\">\n<\/div>\n<div style=\"text-align: justify\">\nEvidentemente, el trabajador deja<br \/>\nalgo por el camino (1 d\u00eda de vacaciones, media fiesta anual, plus chupito,<br \/>\ntrabajar domingos\u2026), pero entendemos que potenciando lo positivo, e implantando<br \/>\nmedidas como las propuestas aceptadas en la reuni\u00f3n de ayer, <span>&nbsp;<\/span>puede ser m\u00e1s que suficiente para motivar al<br \/>\npersonal, no s\u00f3lo a presentarse a promociones, sino a hacerlo con ilusi\u00f3n, hecho<br \/>\ninfinitamente m\u00e1s productivo para todos.<\/div>\n<div style=\"text-align: justify\">\n<\/div>\n<div style=\"text-align: justify\">\nPor descontado, ten\u00e9is el<br \/>\ncompromiso de CCOO para luchar contra las pol\u00edticas del miedo, y seguir<br \/>\ntrabajando en un enfoque positivo. Lo visto ayer con la expansi\u00f3n de<br \/>\nrumorolog\u00eda negativa es algo que no debe volver a ocurrir y que pensamos combatir<br \/>\nen la medida de nuestras posibilidades, porque si alg\u00fan d\u00eda llegasen mal dadas,<br \/>\nya nos encargar\u00edamos que fuesen mal dadas para todos, no s\u00f3lo para los<br \/>\nvigilantes.<\/div>\n<div style=\"text-align: justify\">\n<\/div>\n<div style=\"text-align: justify\">\nFinalmente, insistir en este<br \/>\nmensaje de tranquilidad y animar a quienes quieran presentarse a promociones, a<br \/>\nhacerlo exclusivamente desde la ilusi\u00f3n por iniciar un nuevo proyecto con<br \/>\ngarant\u00edas de futuro.<\/div>\n<div style=\"text-align: justify\"><\/div>\n<div style=\"text-align: justify\">Desde nuestra parte, deseamos que la empresa siga negociando<br \/>\ncon la positividad que lo hizo en la reuni\u00f3n de ayer, y esperamos tenga esa misma predisposici\u00f3n para modificar alg\u00fan aspecto sobre el sistema de tramos, algo sin duda ser\u00e1<br \/>\nmucho m\u00e1s productivo para todos\/as.<\/div>\n","protected":false},"excerpt":{"rendered":"<p>Normal 0 21 false false false ES X-NONE X-NONE Debido a la alarma despertada entre los vigilantes durante el d\u00eda de ayer por los rumores que se extendieron, desde esta &#8230; <a title=\"Reuni\u00f3n Comisi\u00f3n de Seguimiento 23 marzo 2017\" class=\"read-more\" href=\"https:\/\/ccoo.app\/barcelona-serveis-municipals\/reunion-comision-de-seguimiento-23-marzo-2017\/\" aria-label=\"M\u00e9s informaci\u00f3 sobre Reuni\u00f3n Comisi\u00f3n de Seguimiento 23 marzo 2017\">Read more<\/a><\/p>\n","protected":false},"author":4886,"featured_media":0,"comment_status":"closed","ping_status":"closed","sticky":false,"template":"","format":"standard","meta":{"footnotes":""},"categories":[1],"tags":[],"class_list":["post-2870","post","type-post","status-publish","format-standard","hentry","category-sin-categoria","generate-columns","tablet-grid-50","mobile-grid-100","grid-parent","grid-33"],"_links":{"self":[{"href":"https:\/\/ccoo.app\/barcelona-serveis-municipals\/wp-json\/wp\/v2\/posts\/2870","targetHints":{"allow":["GET"]}}],"collection":[{"href":"https:\/\/ccoo.app\/barcelona-serveis-municipals\/wp-json\/wp\/v2\/posts"}],"about":[{"href":"https:\/\/ccoo.app\/barcelona-serveis-municipals\/wp-json\/wp\/v2\/types\/post"}],"author":[{"embeddable":true,"href":"https:\/\/ccoo.app\/barcelona-serveis-municipals\/wp-json\/wp\/v2\/users\/4886"}],"replies":[{"embeddable":true,"href":"https:\/\/ccoo.app\/barcelona-serveis-municipals\/wp-json\/wp\/v2\/comments?post=2870"}],"version-history":[{"count":0,"href":"https:\/\/ccoo.app\/barcelona-serveis-municipals\/wp-json\/wp\/v2\/posts\/2870\/revisions"}],"wp:attachment":[{"href":"https:\/\/ccoo.app\/barcelona-serveis-municipals\/wp-json\/wp\/v2\/media?parent=2870"}],"wp:term":[{"taxonomy":"category","embeddable":true,"href":"https:\/\/ccoo.app\/barcelona-serveis-municipals\/wp-json\/wp\/v2\/categories?post=2870"},{"taxonomy":"post_tag","embeddable":true,"href":"https:\/\/ccoo.app\/barcelona-serveis-municipals\/wp-json\/wp\/v2\/tags?post=2870"}],"curies":[{"name":"wp","href":"https:\/\/api.w.org\/{rel}","templated":true}]}}