{"id":2869,"date":"2017-04-14T21:58:00","date_gmt":"2017-04-14T19:58:00","guid":{"rendered":"https:\/\/ccoo.app\/barcelona-serveis-municipals\/evaluacion-de-riesgos-psicosociales-bsm\/"},"modified":"2017-04-14T21:58:00","modified_gmt":"2017-04-14T19:58:00","slug":"evaluacion-de-riesgos-psicosociales-bsm","status":"publish","type":"post","link":"https:\/\/ccoo.app\/barcelona-serveis-municipals\/evaluacion-de-riesgos-psicosociales-bsm\/","title":{"rendered":"Evaluaci\u00f3n de Riesgos Psicosociales BSM"},"content":{"rendered":"<div style=\"text-align: justify\">\nDurante estos d\u00edas se est\u00e1 efectuando la evaluaci\u00f3n de<br \/>\nriesgos psicosociales en BSM, lo que nos debe quedar muy claro es que no se<br \/>\ntrata de una encuesta m\u00e1s.<\/div>\n<div style=\"text-align: justify\">\n<\/div>\n<div style=\"text-align: justify\">\nLa evaluaci\u00f3n de riesgos es EL \u00daNICO ARMA PARA TRATAR TEMAS<br \/>\nCOMO EL ESTR\u00c9S, ANSIEDAD, DEPRESI\u00d3N, BURNING, ETC..<\/div>\n<div style=\"text-align: justify\">\n<\/div>\n<div style=\"text-align: justify\">\nEs realmente importante que antes\u200b de rellenar la evaluaci\u00f3n,<br \/>\nteng\u00e1is presente todos aquellos aspectos de vuestro trabajo que os hacen sentir mal,<br \/>\nlos que os puedan provocar problemas de nervios, enfados, etc\u2026 No se trata de inventar nada, pero s\u00ed, de que no os dej\u00e9is<br \/>\nnada en el tintero.<\/div>\n<div style=\"text-align: justify\">\n<\/div>\n<div>\n<\/div>\n<div style=\"text-align: justify\">Si al realizar la evaluaci\u00f3n no ponemos de<br \/>\nmanifiesto \u00e9stos problemas, el resultado ser\u00e1 que en la empresa todo es<br \/>\nmaravilloso, y se perpetuar\u00e1n los problemas sin poder luchar contra ellos, por lo que es imprescindible sacarlos a la luz, y la \u00fanica forma, es que los manifesteis en la evaluaci\u00f3n de riesgos psicosociales.<\/div>\n<div style=\"text-align: justify\">\n<\/div>\n<div style=\"text-align: justify\">\nSi por ejemplo, un 75% de los trabajadores y trabajadoras de un<br \/>\ndepartamento dijesen que les produce tristeza<\/div>\n<div style=\"clear: both;text-align: center\">\n<a href=\"https:\/\/4.bp.blogspot.com\/-YoAvKUMNXO4\/WPEpsKdQs8I\/AAAAAAAABEU\/sngJbkDdn8E6N_NZFv_MNQx1lniS-4hUQCLcB\/s1600\/EEPP3.jpg\" style=\"clear: right;float: right;margin-bottom: 1em;margin-left: 1em\"><img loading=\"lazy\" decoding=\"async\" border=\"0\" height=\"320\" src=\"https:\/\/4.bp.blogspot.com\/-YoAvKUMNXO4\/WPEpsKdQs8I\/AAAAAAAABEU\/sngJbkDdn8E6N_NZFv_MNQx1lniS-4hUQCLcB\/s320\/EEPP3.jpg\" width=\"240\" \/><\/a><\/div>\n<div style=\"text-align: justify\">\n tener que hacer su trabajo sin<br \/>\nver a alg\u00fan compa\u00f1ero durante muchos d\u00edas, la empresa deber\u00eda tomar medidas<br \/>\npara solucionar el problema de soledad o, cuando menos, tratar de reducirlos.<br \/>\nEn caso de obtener un resultado as\u00ed, los sindicatos tendr\u00edamos un arma para<br \/>\nhacer propuestas enfocadas a solventar ese problema, y si la empresa no tomase cartas<br \/>\nen el asunto, se podr\u00eda denunciar ante la inspecci\u00f3n de trabajo.<\/div>\n<div style=\"text-align: justify\">\n<\/div>\n<div style=\"text-align: justify\">\nEvidentemente, lo dicho anteriormente es un ejemplo, cada<br \/>\nuno debe contestar en funci\u00f3n de aquello que realmente le produzca alguna<br \/>\npreocupaci\u00f3n, ansiedad, tristeza, depresi\u00f3n, enfado, lo que le indigne o cualquier otro problema<br \/>\nque le pueda generar alg\u00fan tipo de malestar psicol\u00f3gico.<\/div>\n<div style=\"text-align: justify\">\n<\/div>\n<div style=\"text-align: justify\">\nComo hemos apuntado anteriormente, NO SE TRATA DE INVENTAR<br \/>\nNADA, PERO S\u00cd DE QUE NO QUEDE NADA SIN DECIR. Por lo que os pedimos que antes<br \/>\nde rellenar la evaluaci\u00f3n de riesgos, pens\u00e9is en todo aquello que os pueda<br \/>\nafectar y que lo reflej\u00e9is en la evaluaci\u00f3n.<\/div>\n<div style=\"text-align: justify\">\n<\/div>\n<p><\/p>\n<div style=\"text-align: justify\">\nCon vuestra colaboraci\u00f3n, tendremos algo sobre lo que<br \/>\ntrabajar, sino algunos problemas quedar\u00e1n enquistados para siempre.<\/div>\n","protected":false},"excerpt":{"rendered":"<p>Durante estos d\u00edas se est\u00e1 efectuando la evaluaci\u00f3n de riesgos psicosociales en BSM, lo que nos debe quedar muy claro es que no se trata de una encuesta m\u00e1s. La &#8230; <a title=\"Evaluaci\u00f3n de Riesgos Psicosociales BSM\" class=\"read-more\" href=\"https:\/\/ccoo.app\/barcelona-serveis-municipals\/evaluacion-de-riesgos-psicosociales-bsm\/\" aria-label=\"M\u00e9s informaci\u00f3 sobre Evaluaci\u00f3n de Riesgos Psicosociales BSM\">Read more<\/a><\/p>\n","protected":false},"author":4886,"featured_media":0,"comment_status":"closed","ping_status":"closed","sticky":false,"template":"","format":"standard","meta":{"footnotes":""},"categories":[1],"tags":[],"class_list":["post-2869","post","type-post","status-publish","format-standard","hentry","category-sin-categoria","generate-columns","tablet-grid-50","mobile-grid-100","grid-parent","grid-33"],"_links":{"self":[{"href":"https:\/\/ccoo.app\/barcelona-serveis-municipals\/wp-json\/wp\/v2\/posts\/2869","targetHints":{"allow":["GET"]}}],"collection":[{"href":"https:\/\/ccoo.app\/barcelona-serveis-municipals\/wp-json\/wp\/v2\/posts"}],"about":[{"href":"https:\/\/ccoo.app\/barcelona-serveis-municipals\/wp-json\/wp\/v2\/types\/post"}],"author":[{"embeddable":true,"href":"https:\/\/ccoo.app\/barcelona-serveis-municipals\/wp-json\/wp\/v2\/users\/4886"}],"replies":[{"embeddable":true,"href":"https:\/\/ccoo.app\/barcelona-serveis-municipals\/wp-json\/wp\/v2\/comments?post=2869"}],"version-history":[{"count":0,"href":"https:\/\/ccoo.app\/barcelona-serveis-municipals\/wp-json\/wp\/v2\/posts\/2869\/revisions"}],"wp:attachment":[{"href":"https:\/\/ccoo.app\/barcelona-serveis-municipals\/wp-json\/wp\/v2\/media?parent=2869"}],"wp:term":[{"taxonomy":"category","embeddable":true,"href":"https:\/\/ccoo.app\/barcelona-serveis-municipals\/wp-json\/wp\/v2\/categories?post=2869"},{"taxonomy":"post_tag","embeddable":true,"href":"https:\/\/ccoo.app\/barcelona-serveis-municipals\/wp-json\/wp\/v2\/tags?post=2869"}],"curies":[{"name":"wp","href":"https:\/\/api.w.org\/{rel}","templated":true}]}}