{"id":2868,"date":"2017-05-01T02:17:00","date_gmt":"2017-05-01T00:17:00","guid":{"rendered":"https:\/\/ccoo.app\/barcelona-serveis-municipals\/derechos-para-todos-los-trabajadores-as-de-bsm\/"},"modified":"2017-05-01T02:17:00","modified_gmt":"2017-05-01T00:17:00","slug":"derechos-para-todos-los-trabajadores-as-de-bsm","status":"publish","type":"post","link":"https:\/\/ccoo.app\/barcelona-serveis-municipals\/derechos-para-todos-los-trabajadores-as-de-bsm\/","title":{"rendered":"DERECHOS PARA TODOS LOS TRABAJADORES\/AS DE BSM"},"content":{"rendered":"<p><!--[if gte mso 9]&gt;--><\/p>\n<p><!--[if gte mso 9]&gt;--><\/p>\n<p>\n<!--[if gte mso 9]&gt;--><\/p>\n<p>  Normal<br \/>\n  0<\/p>\n<p>  21<\/p>\n<p>  false<br \/>\n  false<br \/>\n  false<\/p>\n<p>  ES<br \/>\n  X-NONE<br \/>\n  X-NONE<\/p>\n<p><!--[if gte mso 9]&gt;--><\/p>\n<p><!--[if gte mso 10]&gt;--><\/p>\n<p><\/p>\n<div style=\"text-align: justify\">\nEn CCOO consideramos que la informaci\u00f3n es uno de<br \/>\nlos derechos m\u00e1s importantes del trabajador, especialmente para los reci\u00e9n<br \/>\nllegados a la empresa, y es por esto que queremos informaros de los derechos<br \/>\nque ten\u00e9is como trabajadores\/as de BSM.<\/div>\n<div style=\"text-align: justify\">\n<\/div>\n<div style=\"text-align: justify\">\nPara solventar cualquier duda, pod\u00e9is poneros en<br \/>\ncontacto con los delegados de CCOO, enviar un correo a bsm@ccoo.cat o llamarnos<br \/>\nal tel\u00e9fono 677636056. &nbsp;Por supuesto, garantizamos la total<br \/>\nconfidencialidad de las consultas, quejas o sugerencias que nos hag\u00e1is.<\/div>\n<div style=\"text-align: justify\">\n<\/div>\n<div style=\"text-align: justify\">\n<b>DERECHOS QUE TIENE TODOS LOS TRABAJADORES\/AS<br \/>\nDE BSM (independientemente del tipo de contrato o antig\u00fcedad).<\/b><\/div>\n<div style=\"text-align: justify\">\n<\/div>\n<div style=\"text-align: justify\">\n<b>PERMISOS RETRIBUIDOS<\/b><\/div>\n<div style=\"text-align: justify\">\n<\/div>\n<div style=\"text-align: justify\">\n2 d\u00edas por asuntos personales.&nbsp;&nbsp;<\/div>\n<div style=\"text-align: justify\">\n<\/div>\n<div style=\"text-align: justify\">\n3 d\u00edas&nbsp; naturales&nbsp; por enfermedad&nbsp;<br \/>\ngrave, &nbsp;intervenci\u00f3n quir\u00fargica u &nbsp;hospitalizaci\u00f3n&nbsp; hermanos,&nbsp;<br \/>\nc\u00f3nyuge,&nbsp; hijos,&nbsp; y&nbsp; padres&nbsp; del trabajador\/a (2 d\u00edas para<br \/>\nfamiliares de segundo grado del trabajador o c\u00f3nyuge). Aclarar que la empresa<br \/>\nno considera intervenci\u00f3n quir\u00fargica las intervenciones ambulatorias, y s\u00f3lo<br \/>\nconcede el permiso si la intervenci\u00f3n requiere reposo domiciliario, por lo que<br \/>\nos recomendamos que en estos casos se indique de forma clara en el<br \/>\njustificante. (Fuera de la provincia de Barcelona son 5 d\u00edas)<\/div>\n<div style=\"text-align: justify\">\n<\/div>\n<div style=\"text-align: justify\">\n3&nbsp; d\u00edas&nbsp; naturales&nbsp; en&nbsp; caso&nbsp;<br \/>\nde&nbsp; fallecimiento&nbsp; de&nbsp; los&nbsp; parientes&nbsp; indicados&nbsp;<br \/>\nanteriormente, as\u00ed como padres y hermanos pol\u00edticos. (Fuera de la provincia de<br \/>\nBarcelona, ser\u00e1n de 6 d\u00edas).&nbsp;&nbsp;<\/div>\n<div style=\"text-align: justify\">\n<\/div>\n<div style=\"text-align: justify\">\n8 horas anuales por causas imputables al estado<br \/>\nde salud de cada uno de los hijos menores de 14 a\u00f1os del trabajador, as\u00ed como<br \/>\npara padres discapacitados o mayores de 65 a\u00f1os dependientes cuyo tutor legal<br \/>\nsea el trabajador.&nbsp;<\/div>\n<div style=\"text-align: justify\">\n<\/div>\n<div style=\"text-align: justify\">\n2 d\u00edas por traslado del domicilio habitual.<\/div>\n<div style=\"text-align: justify\">\n<\/div>\n<div style=\"text-align: justify\">\n17 d\u00edas naturales por matrimonio (a contar desde<br \/>\nel primer d\u00eda laborable.&nbsp;<\/div>\n<div style=\"text-align: justify\">\n<\/div>\n<div style=\"text-align: justify\">\n1 d\u00eda en caso de boda de padres, hermanos o hijos<br \/>\ndel trabajador\/a.&nbsp;<\/div>\n<div style=\"text-align: justify\">\n<\/div>\n<div style=\"text-align: justify\">\n4 d\u00edas naturales por nacimiento de hijo del<br \/>\ntrabajador\/a &nbsp;(m\u00e1s las 4 semanas de la Ley 9\/2009).<\/div>\n<div style=\"text-align: justify\">\n<\/div>\n<div style=\"text-align: justify\">\nEl tiempo necesario para asistir a m\u00e9dico<br \/>\nespecialista de la Seguridad Social (no hay permiso para especialistas de mutua<br \/>\nprivada).<\/div>\n<div style=\"text-align: justify\">\n<\/div>\n<div style=\"text-align: justify\">\nEl tiempo necesario para el cumplimiento de un<br \/>\ndeber inexcusable de car\u00e1cter p\u00fablico y personal. (Citaci\u00f3n a juicio, etc..)<\/div>\n<div style=\"text-align: justify\">\n<\/div>\n<div style=\"text-align: justify\">\n<b>PERMISOS NO RETRIBUIDOS<\/b><\/div>\n<div style=\"text-align: justify\">\n<\/div>\n<div style=\"text-align: justify\">\n5 d\u00edas de permiso no retribuido. Para disfrutar<br \/>\nun d\u00eda no remunerado, se debe comunicar a la empresa con una antelaci\u00f3n m\u00ednima<br \/>\nde 48 horas laborales y no se pueden acumular a las vacaciones.<\/div>\n<div style=\"text-align: justify\">\n<\/div>\n<div style=\"text-align: justify\">\n<b>GIMNASIO<\/b><\/div>\n<div style=\"text-align: justify\">\n<\/div>\n<div style=\"text-align: justify\">\nTodos los trabajadores de BSM pueden utilizar las<br \/>\ninstalaciones del Centre Esportiu Maresme, situado en la Calle Pallars 484,<br \/>\n08019 Barcelona (Telf. 933083553), para ello s\u00f3lo deb\u00e9is presentar la tarjeta<br \/>\nde trabajador de BSM en recepci\u00f3n.<\/div>\n<div style=\"text-align: justify\">\n<\/div>\n<div style=\"text-align: justify\">\n<b>DESCANSOS<\/b><\/div>\n<div style=\"text-align: justify\">\n<\/div>\n<div style=\"text-align: justify\">\nTienen derecho a 25 minutos de descanso aquellas<br \/>\njornadas superiores a 6 horas.<\/div>\n<div style=\"text-align: justify\">\n<\/div>\n<div style=\"text-align: justify\">\n<b>VACACIONES<\/b><\/div>\n<div style=\"text-align: justify\">\n<\/div>\n<div style=\"text-align: justify\">\nLas&nbsp; vacaciones anuales&nbsp; ser\u00e1n&nbsp; de&nbsp;<br \/>\n22&nbsp; d\u00edas&nbsp; laborables&nbsp; para&nbsp; el&nbsp; personal&nbsp; con<br \/>\njornada&nbsp; de&nbsp; lunes&nbsp; a&nbsp; viernes. Importante remarcar que los<br \/>\n22 d\u00edas son para el personal con jornada de lunes a viernes, no pudiendo ser<br \/>\njam\u00e1s inferior a 30 d\u00edas naturales (art. 38 E.T.), por lo que no se contar\u00e1n<br \/>\ncomo laborales los s\u00e1bados, domingos o festivos dentro del periodo solicitado.<\/div>\n<div style=\"text-align: justify\">\n<\/div>\n<div style=\"text-align: justify\">\nLas vacaciones, previo acuerdo con el<br \/>\ndepartamento, se podr\u00e1n partir en 2 periodos, de forma que 21 d\u00edas naturales,&nbsp;<br \/>\ncomo &nbsp;m\u00ednimo,&nbsp; se&nbsp; realicen&nbsp; en&nbsp; forma&nbsp; seguida,<br \/>\ny el resto a lo largo del a\u00f1o.<\/div>\n<div style=\"text-align: justify\">\n<\/div>\n<div style=\"text-align: justify\">\nAdem\u00e1s, si la partici\u00f3n es a propuesta de la<br \/>\nempresa las vacaciones ser\u00e1n de 32 d\u00edas naturales.<\/div>\n<div style=\"text-align: justify\">\n<\/div>\n<div style=\"text-align: justify\">\nSi a petici\u00f3n de la empresa, las vacaciones se<br \/>\ndisfrutan fuera del per\u00edodo que va del 1 de junio al 30 de septiembre, la<br \/>\nduraci\u00f3n ser\u00e1 de 35 d\u00edas naturales.<\/div>\n<div style=\"text-align: justify\">\n&nbsp; <\/div>\n<div style=\"text-align: justify\">\n<b>MINIVACACIONES<\/b><\/div>\n<div style=\"text-align: justify\">\n<\/div>\n<div style=\"text-align: justify\">\nTodos los trabajadores\/as de BSM tienen derecho a<br \/>\nunos d\u00edas de minivacaciones, cuyo tiempo se debe recuperar ampliando unos<br \/>\nminutos su jornada. Los d\u00edas en que se disfrutan estas minivacaciones vienen<br \/>\nreflejados cada a\u00f1o en los calendarios anuales de cada departamento, siendo el<br \/>\nperiodo de disfrute habitual en Semana Santa o Navidad, aunque en casos<br \/>\nexcepcionales de necesidad se puede pactar con la unidad el disfrute en otras<br \/>\nfechas.<\/div>\n<div style=\"text-align: justify\">\n<\/div>\n<div style=\"text-align: justify\">\n<b>ANTICIPOS<\/b><\/div>\n<div style=\"text-align: justify\">\n<\/div>\n<div style=\"text-align: justify\">\nSe puede solicitar un anticipo de hasta una<br \/>\nmensualidad, que ser\u00e1 abonado el d\u00eda 7 o 15 del mes que se solicite. En caso de urgencia, se debe solicitar<br \/>\na la direcci\u00f3n de Recursos Humanos (y se abonar\u00eda en 72 horas). El anticipo se<br \/>\ndescontar\u00e1 de la siguiente n\u00f3mina (sea mensualidad o paga extra).<\/div>\n<div style=\"text-align: justify\">\n<\/div>\n<div style=\"text-align: justify\">\nLa solicitud de un anticipo se puede efectuar<br \/>\nmediante el Portal del Empleado en la pesta\u00f1a \u201cSol\u00b7licituds &gt; Avan\u00e7ament<br \/>\nMensualitats\u201d.<\/div>\n<div style=\"text-align: justify\">\n<\/div>\n<div style=\"text-align: justify\">\n<b>COMPLEMENTO IT (Incapacidad temporal o baja)<\/b><\/div>\n<div style=\"text-align: justify\">\n<\/div>\n<div style=\"text-align: justify\">\nLa empresa complementa la prestaci\u00f3n de la<br \/>\nSeguridad Social hasta el 100% del salario.<\/div>\n<div style=\"text-align: justify\">\n<\/div>\n<div style=\"text-align: justify\">\nEn caso de enfermedad com\u00fan, s\u00f3lo se abona el<br \/>\ncomplemento si no se supera el&nbsp; 6% de absentismo&nbsp; anual (22 d\u00edas<br \/>\nnaturales). En el c\u00f3mputo del 6% anual no se tendr\u00e1n en cuenta las bajas de 30<br \/>\no m\u00e1s d\u00edas.<\/div>\n<div style=\"text-align: justify\">\n<\/div>\n<div style=\"text-align: justify\">\n<b>FONDO DE AYUDA ECON\u00d3MICA<\/b><\/div>\n<div style=\"text-align: justify\">\n<\/div>\n<div style=\"text-align: justify\">\nAquellos trabajadores que necesiten una ayuda<br \/>\necon\u00f3mica, previa justificaci\u00f3n podr\u00e1n solicitar hasta 900&nbsp; euros.<br \/>\nDevolviendo la cantidad, sin intereses, en un m\u00ednimo de 10 pagos iguales, pudiendo<br \/>\nsolicitarla una sola vez al a\u00f1o.&nbsp;<\/div>\n<div style=\"text-align: justify\">\n<\/div>\n<div style=\"text-align: justify\">\n<b>AYUDA ESCOLAR<\/b><\/div>\n<div style=\"text-align: justify\">\n<\/div>\n<div style=\"text-align: justify\">\nSe podr\u00e1 solicitar una ayuda por cada hijo menor<br \/>\nde 18 a\u00f1os que realice estudios oficiales o que asista a jard\u00edn de infancia.<br \/>\n(La empresa suele avisar de los d\u00edas en que se debe solicitar la ayuda). El<br \/>\nimporte de esta ayuda en 2017 es de 90,46 euros.<\/div>\n<div style=\"text-align: justify\">\n<\/div>\n<div style=\"text-align: justify\">\n<b>AYUDA A DISCAPACITADOS<\/b><\/div>\n<div style=\"text-align: justify\">\n<\/div>\n<div style=\"text-align: justify\">\nLa empresa complementa la ayuda de la Seguridad<br \/>\nSocial por tener hijos con minusval\u00eda reconocida. El importe de esta ayuda en<br \/>\n2017 es de 212,86 euros, y se cobra cada mes junto a la n\u00f3mina.<\/div>\n<div style=\"text-align: justify\">\nPara recibirla es necesario efectuar la petici\u00f3n<br \/>\nal departamento de n\u00f3minas, pudiendo hacerlo desde el mismo momento que la<br \/>\nSeguridad Social reconoce el derecho al cobro de la ayuda.<\/div>\n<div style=\"text-align: justify\">\n<\/div>\n<div style=\"text-align: justify\">\n<b>EN CASO DE MATERNIDAD<\/b><\/div>\n<div style=\"text-align: justify\">\n<\/div>\n<div style=\"text-align: justify\">\n1 hora diaria por lactancia hasta que el beb\u00e9<br \/>\ntenga 9 meses, o si se prefiere acumular estas horas para disfrutar de 15 d\u00edas<br \/>\nde permiso. (Tambi\u00e9n se concede a parejas de hecho que cumplan los requisitos<br \/>\nde la Ley 10\/1998).<\/div>\n<div style=\"text-align: justify\">\n<\/div>\n<div style=\"text-align: justify\">\nCuando el puesto de trabajo pueda perjudicar el<br \/>\nembarazo, la empresa est\u00e1 obligada a recolocar a la trabajadora a partir del<br \/>\ntercer mes.<\/div>\n<div style=\"text-align: justify\">\n<\/div>\n<div style=\"text-align: justify\">\n<b>REDUCCI\u00d3N DE JORNADA<\/b><\/div>\n<div style=\"text-align: justify\">\n<\/div>\n<div style=\"text-align: justify\">\nLos trabajadores\/as podr\u00e1n reducirse la jornada<br \/>\nde trabajo para el cuidado de hijos menores de 12 a\u00f1os o para familiares<br \/>\ndiscapacitados o dependientes a su cargo, entre 1\/8 y la mitad de su jornada.<\/div>\n<div style=\"text-align: justify\">\n<\/div>\n<div style=\"text-align: justify\">\nLa reducci\u00f3n de jornada se puede solicitar a<br \/>\ntrav\u00e9s del Portal del Empleado, pero no os lo aconsejamos, ya que caso de ser denegada<br \/>\nla concreci\u00f3n horaria y se tuviese que ir a juicio ser\u00eda necesaria una prueba<br \/>\nde solicitud, por lo que recomendamos que la solicitud la efectu\u00e9is por escrito<br \/>\ncon un duplicado en que os firmen el acuse de recibi\u00f3.<\/div>\n<div style=\"text-align: justify\">\n<\/div>\n<div style=\"text-align: justify\">\n<b>P\u00d3LIZA DE SEGUROS<\/b><\/div>\n<div style=\"text-align: justify\">\n<\/div>\n<div style=\"text-align: justify\">\nLa empresa tiene contratada una p\u00f3liza para<br \/>\ncubrir casos de muerte, incapacidad absoluta o incapacidad total para la<br \/>\nprofesi\u00f3n habitual por accidente (laboral o no) y enfermedades profesionales.<br \/>\nEsperamos que no hay\u00e1is de utilizarlo nunca, pero deb\u00e9is saber que existe.<\/div>\n<div style=\"text-align: justify\">\n<\/div>\n<div style=\"text-align: justify\">\n<b>RENOVACI\u00d3N DEL CARNET DE CONDUCIR<\/b><\/div>\n<div style=\"text-align: justify\">\n<\/div>\n<div style=\"text-align: justify\">\nLos trabajadores\/as que por&nbsp; su&nbsp;<br \/>\ncategor\u00eda&nbsp; o&nbsp; necesidades&nbsp; del&nbsp; trabajo est\u00e9 obligado a<br \/>\nconducir veh\u00edculos de la empresa, tendr\u00e1 derecho a ser remunerado por el tiempo<br \/>\nutilizado para su renovaci\u00f3n, as\u00ed como el coste de la renovaci\u00f3n (incluida la<br \/>\nrevisi\u00f3n m\u00e9dica, fotograf\u00edas y tasas), aportando las correspondientes facturas.<\/div>\n<div style=\"text-align: justify\">\n<\/div>\n<div style=\"text-align: justify\">\n<b>ASISTENCIA A JUICIOS<\/b><\/div>\n<div style=\"text-align: justify\">\n<\/div>\n<div style=\"text-align: justify\">\nCuando un trabajador\/a estuviera citado a un<br \/>\njuicio relacionado con su trabajo en&nbsp; la&nbsp; empresa, adem\u00e1s de su<br \/>\nsalario se le abonar\u00e1 4 horas a prorrata. Caso de que la salida del juicio y el<br \/>\ninicio de su jornada pasaran menos de 2 horas, tendr\u00e1 derecho a un ticket de<br \/>\ncomida.<\/div>\n<div style=\"text-align: justify\">\n<\/div>\n<div style=\"text-align: justify\">\n<b>ESTUDIOS<\/b><\/div>\n<div style=\"text-align: justify\">\n<\/div>\n<div style=\"text-align: justify\">\nLos&nbsp; trabajadores\/as&nbsp; que&nbsp; realicen&nbsp;<br \/>\nestudios&nbsp; podr\u00e1n,&nbsp; de&nbsp; com\u00fan&nbsp; acuerdo&nbsp; con&nbsp; la<br \/>\nempresa, establecer los horarios que permitan el desarrollo de los mismos. Aqu\u00ed<br \/>\nes importante aclarar que si se necesita un cambio de turno, la empresa<br \/>\nrequiere que los estudios sean reglados y que no exista la posibilidad de<br \/>\nefectuarlos en otro horario, ya que de lo contrario es muy posible que se<br \/>\ndeniegue el cambio solicitado.<\/div>\n<div style=\"text-align: justify\">\n<\/div>\n<div style=\"text-align: justify\">\n<b>FORMACI\u00d3N<\/b><\/div>\n<div style=\"text-align: justify\">\n<\/div>\n<div style=\"text-align: justify\">\nTodos los trabajadores tienen derecho a<br \/>\nparticipar del plan de formaci\u00f3n anual de la empresa.<\/div>\n<div style=\"text-align: justify\">\nDecir que \u00faltimamente la empresa s\u00f3lo permite<br \/>\nparticipar a aquellos que (seg\u00fan la empresa) cubren un puesto de trabajo<br \/>\nindefinido, por lo que de tener alg\u00fan problema al respecto, pod\u00e9is poneros en<br \/>\ncontacto con nosotros.<\/div>\n<div style=\"text-align: justify\">\n<\/div>\n<div style=\"text-align: justify\">\nTen\u00e9is toda la informaci\u00f3n referente a los cursos<br \/>\nformativos en el Portal del Empleado en la pesta\u00f1a \u201cDesenvolupament&nbsp;&gt; Formaci\u00f3&nbsp;&gt;<br \/>\n<span>Pla de formaci\u00f3\u201d.<\/span><\/div>\n<div style=\"text-align: justify\">\n<\/div>\n<div style=\"text-align: justify\">\n<b>REVISI\u00d3N M\u00c9DICA<\/b><\/div>\n<div style=\"text-align: justify\">\n<\/div>\n<div style=\"text-align: justify\">\nCada a\u00f1o se efect\u00faa una revisi\u00f3n m\u00e9dica. Deciros<br \/>\nque el trabajador tiene el derecho, pero no la obligaci\u00f3n de efectuarla.<\/div>\n<div style=\"text-align: justify\">\n<\/div>\n<div style=\"text-align: justify\">\n<b>ACTUACI\u00d3N ANTE COMPORTAMIENTOS INADECUADOS<\/b><\/div>\n<div style=\"text-align: justify\">\n<\/div>\n<div style=\"text-align: justify\">\nEs importante saber que cuando un trabajador\/a<br \/>\nest\u00e1 sufriendo alg\u00fan tipo de acoso, desprecio, perjuicio, malestar, etc\u2026<br \/>\nderivado del comportamiento inadecuado de un compa\u00f1ero, jefe, subordinado o<br \/>\nincluso de personas ajenas a la empresa, tiene derecho a que la empresa efect\u00fae<br \/>\nuna investigaci\u00f3n para determinar si dicho comportamiento requiere alg\u00fan tipo<br \/>\nde correcci\u00f3n.<\/div>\n<div style=\"text-align: justify\">\n<\/div>\n<div style=\"text-align: justify\">\nPara ello existe un protocolo denominado<br \/>\n\u201cProcedimiento de actuaci\u00f3n ante los riesgos psicosociales derivados de<br \/>\ncomportamientos inadecuados\u201d.<\/div>\n<div style=\"text-align: justify\">\n<\/div>\n<div style=\"text-align: justify\">\nEs importante que antes de iniciar este proceso,<br \/>\nos pong\u00e1is en contacto con alg\u00fan delegado sindical o miembro del Comit\u00e9, para<br \/>\nque os orientemos sobre cualquier aspecto del protocolo, solventar las dudas<br \/>\nque pod\u00e1is tener y de informaros de c\u00f3mo ponerlo en marcha.<\/div>\n<div style=\"text-align: justify\">\n<\/div>\n<div style=\"text-align: justify\">\nEvidentemente, la finalidad de este protocolo es<br \/>\ngarantizar un buen ambiente de trabajo, y erradicar las actitudes que puedan<br \/>\nocasionar perjuicios a la salud mental y emocional de los trabajadores\/as.<\/div>\n<div style=\"text-align: justify\">\n<\/div>\n<div style=\"text-align: justify\">\n<b>OTROS<br \/>\nBENEFICIOS SOCIALES<\/b><\/div>\n<div style=\"text-align: justify\">\n<\/div>\n<div style=\"text-align: justify\">\nEn el Portal del Empleado podr\u00e9is acceder a<br \/>\ndescuentos que nos ofrecen algunas empresas y entidades como Apartaments<br \/>\nMenorca, Optiques Sanabre, &nbsp;Icoftalmologia, Avancar, Europcar, Prosegur, Sony,<br \/>\nVodafone, Caixa Bank, Club Nataci\u00f3 Catalunya, &nbsp;Instituts odontol\u00f2gics, Freeel<br \/>\nBicis el\u00e8ctriques, etc..<\/div>\n<div style=\"text-align: justify\">\n<\/div>\n<div style=\"text-align: justify\">\nTen\u00e9is toda la informaci\u00f3n actualizada en el<br \/>\nPortal del Empleado, clicando en la imagen de la tarjeta de empleado en la<br \/>\nparte inferior de la pantalla, junto a la frase \u201cBeneficis Socials del Grup\u201d.<\/p>\n<p><!--[if gte mso 9]&gt;--><\/p>\n<p>\n<!--[if gte mso 9]&gt;--><\/p>\n<p>  Normal<br \/>\n  0<\/p>\n<p>  21<\/p>\n<p>  false<br \/>\n  false<br \/>\n  false<\/p>\n<p>  ES<br \/>\n  X-NONE<br \/>\n  X-NONE<\/p>\n<p><!--[if gte mso 9]&gt;--><\/p>\n<p><!--[if gte mso 10]&gt;--><\/p>\n<p><b><\/p>\n<p><\/b><\/p>\n<div>\n<b>DESCUENTOS EN LA RED DE APARCAMIENTOS BSM<\/b><\/div>\n<div>\n<\/div>\n<div>\nComo empleados, tenemos derecho a un 50% de descuento en los<br \/>\naparcamientos de la red BSM para el uso puntual, y un 35% en los abonos.&nbsp;<\/div>\n<div>\n<\/div>\n<div>\nPara aplicar el 50% de descuento, introducir la tarjeta de<br \/>\nempleado en el cajero autom\u00e1tico.<\/div>\n<p>&nbsp;<\/p><\/div>\n<div style=\"text-align: justify\">\n<\/div>\n<div style=\"text-align: justify\">\n<b>DERECHOS PARA TRABAJADORES\/AS CON M\u00c1S DE UN<br \/>\nA\u00d1O DE ANTIG\u00dcEDAD O INDEFINIDOS<\/b><\/div>\n<div style=\"text-align: justify\">\n<\/div>\n<div style=\"text-align: justify\">\n<b>PLAN DE PENSIONES<\/b><\/div>\n<div style=\"text-align: justify\">\n<\/div>\n<div style=\"text-align: justify\">\nLos trabajadores\/as indefinidos con un a\u00f1o de<br \/>\nantig\u00fcedad en la empresa, pueden acogerse voluntariamente al plan de pensiones<br \/>\nde la empresa. Para ello deber\u00e1 rellenar la hoja de inscripci\u00f3n que pod\u00e9is<br \/>\nencontrar en el portal del empleado.<\/div>\n<div style=\"text-align: justify\">\n<\/div>\n<div style=\"text-align: justify\">\nDecir que la empresa efect\u00faa una aportaci\u00f3n anual<br \/>\n(cuando la Ley de Presupuestos Generales del Estado lo permite), sin que exista<br \/>\nla obligaci\u00f3n del trabajador de aportar un solo euro, por lo que os aconsejamos<br \/>\na todos\/as que rellen\u00e9is la solicitud de inscripci\u00f3n al plan de pensiones<br \/>\ncuando os hagan contrato indefinido y llev\u00e9is m\u00e1s de un a\u00f1o en la empresa.<\/div>\n<div style=\"text-align: justify\">\n<\/div>\n<div style=\"text-align: justify\">\nLa aportaci\u00f3n de la empresa se revaloriza cada<br \/>\na\u00f1o con el IPC (104,64\u20ac en 2016).<\/div>\n<div style=\"text-align: justify\">\n<\/div>\n<div style=\"text-align: justify\">\nEncontrar\u00e9is el bolet\u00edn de adhesi\u00f3n en el Portal<br \/>\ndel Empleado, en la pesta\u00f1a \u201cModels i Formularis\u201d, o pod\u00e9is descargarlo pinchando <a href=\"https:\/\/drive.google.com\/open?id=0B6-hRCOOm8U3Q0U5MWsyaWNKalk\" target=\"_blank\" rel=\"noopener\">aqu\u00ed<\/a>, rellenarlo y entregarlo a la l\u00ednea de mando. <\/div>\n<div style=\"text-align: justify\">\n<\/div>\n<div style=\"text-align: justify\">\n<b>MUTUA PRIVADA (ASISA)<\/b><\/div>\n<div style=\"text-align: justify\">\n<\/div>\n<div style=\"text-align: justify\">\nBSM paga a todos sus empleados con contrato<br \/>\nindefinido, una p\u00f3liza de cobertura b\u00e1sica con la Mutua ASISA. Esta p\u00f3liza se<br \/>\npuede ampliar voluntariamente mediante el pago de una cuota mensual a trav\u00e9s de<br \/>\nla n\u00f3mina (21,32 \u20ac mes en 2017), pudiendo ampliarla tambi\u00e9n a familiares (43,46<br \/>\n\u20ac).<\/div>\n<div style=\"text-align: justify\">\n<\/div>\n<div style=\"text-align: justify\">\nPod\u00e9is encontrar los formularios para ampliar la<br \/>\np\u00f3liza en el Portal del Empleado, en la pesta\u00f1a \u201cModels i Formularis\u201d.<\/div>\n<div style=\"text-align: justify\">\n<\/div>\n<div style=\"text-align: justify\">\nSi dese\u00e1is comprobar los servicios que cubre la p\u00f3liza b\u00e1sica que paga la empresa pod\u00e9is descargarla pinchando <a href=\"https:\/\/drive.google.com\/open?id=0B6-hRCOOm8U3Sy1ZOVc3dTlJQjA\" target=\"_blank\" rel=\"noopener\">aqu\u00ed<\/a>.&nbsp; Si lo que dese\u00e1is conocer las coberturas de la p\u00f3liza ampliada pod\u00e9is descargarla pinchando <a href=\"https:\/\/drive.google.com\/open?id=0B6-hRCOOm8U3S3cyVVd0Z0dycFU\" target=\"_blank\" rel=\"noopener\">aqu\u00ed<\/a>.<\/div>\n<div style=\"text-align: justify\">\n<\/div>\n<div style=\"text-align: justify\">\n<b>EXCEDENCIAS<\/b><\/div>\n<div style=\"text-align: justify\">\n<\/div>\n<div style=\"text-align: justify\">\nPara solicitar una excedencia voluntaria, es<br \/>\nnecesario tener 1 a\u00f1o de antig\u00fcedad en la empresa, y debe ser de entre 4 meses<br \/>\ny 5 a\u00f1os. Importante aclarar que s\u00f3lo las excedencias inferiores a 1 a\u00f1o dan<br \/>\nderecho a conservar el puesto de trabajo. Las superiores a un a\u00f1o, s\u00f3lo guardan<br \/>\nuna preferencia para el reingreso si se producen vacantes de igual o similar<br \/>\ncategor\u00eda.<\/div>\n<div style=\"text-align: justify\">\n<\/div>\n<div style=\"text-align: justify\">\nSe puede solicitar excedencia de hasta 3 a\u00f1os<br \/>\npara atender&nbsp; al&nbsp; cuidado&nbsp; de&nbsp; cada&nbsp; hijo (natural o<br \/>\nadoptado), a contar desde&nbsp; la&nbsp; fecha&nbsp; de&nbsp; nacimiento,<br \/>\nguardando reserva de puesto de trabajo los 2 primeros a\u00f1os.<\/div>\n<div style=\"text-align: justify\">\n<\/div>\n<div style=\"text-align: justify\">\nTambi\u00e9n se puede solicitar una excedencia de<br \/>\nm\u00e1ximo 2 a\u00f1os para el cuidado de familiares de hasta&nbsp; el&nbsp; segundo&nbsp;<br \/>\ngrado que por edad, accidente, enfermedad o discapacidad no pueda valerse por<br \/>\ns\u00ed mismo, siempre que no desempe\u00f1e actividad retribuida.<\/div>\n<div style=\"text-align: justify\">\n<\/div>\n<div style=\"text-align: justify\">\nComo hemos indicado al principio, para cualquier<br \/>\nduda que pod\u00e1is tener respecto al disfrute de estos derechos, o de cualquier<br \/>\notro tipo, ten\u00e9is a vuestra disposici\u00f3n los delegados y delegadas de CCOO,<br \/>\nconsult\u00e1ndoles personalmente, enviando un correo a bsm@ccoo.cat o llamando al<br \/>\ntel\u00e9fono 677636056, garantizando siempre la m\u00e1xima confidencialidad de lo que<br \/>\nnos quer\u00e1is exponer.<\/div>\n<div style=\"text-align: justify\">\n<\/div>\n<div style=\"text-align: justify\">\nPod\u00e9is obtener m\u00e1s informaci\u00f3n de cuestiones<br \/>\nrelacionadas con BSM en nuestra p\u00e1gina de Facebook, siguiendo este blog o en la<br \/>\ncuenta de Twitter @CCOO_BSM.<\/div>\n<div style=\"text-align: justify\">\n<\/div>\n<p><\/p>\n<div style=\"text-align: justify\">\n<\/div>\n<div style=\"clear: both;text-align: center\">\n<a href=\"https:\/\/4.bp.blogspot.com\/-1aXSKQkMfQs\/WQZ9gLUNtnI\/AAAAAAAABEk\/KBmyHg41voErdYF8Tzj6h8706XU7bJL0gCLcB\/s1600\/Portada%2BFacebook.jpg\" style=\"margin-left: 1em;margin-right: 1em\"><img loading=\"lazy\" decoding=\"async\" border=\"0\" height=\"235\" src=\"https:\/\/4.bp.blogspot.com\/-1aXSKQkMfQs\/WQZ9gLUNtnI\/AAAAAAAABEk\/KBmyHg41voErdYF8Tzj6h8706XU7bJL0gCLcB\/s640\/Portada%2BFacebook.jpg\" width=\"640\" \/><\/a><\/div>\n<div style=\"text-align: justify\">\n<\/div>\n","protected":false},"excerpt":{"rendered":"<p>Normal 0 21 false false false ES X-NONE X-NONE En CCOO consideramos que la informaci\u00f3n es uno de los derechos m\u00e1s importantes del trabajador, especialmente para los reci\u00e9n llegados a &#8230; <a title=\"DERECHOS PARA TODOS LOS TRABAJADORES\/AS DE BSM\" class=\"read-more\" href=\"https:\/\/ccoo.app\/barcelona-serveis-municipals\/derechos-para-todos-los-trabajadores-as-de-bsm\/\" aria-label=\"M\u00e9s informaci\u00f3 sobre DERECHOS PARA TODOS LOS TRABAJADORES\/AS DE BSM\">Read more<\/a><\/p>\n","protected":false},"author":4886,"featured_media":0,"comment_status":"closed","ping_status":"closed","sticky":false,"template":"","format":"standard","meta":{"footnotes":""},"categories":[1],"tags":[],"class_list":["post-2868","post","type-post","status-publish","format-standard","hentry","category-sin-categoria","generate-columns","tablet-grid-50","mobile-grid-100","grid-parent","grid-33"],"_links":{"self":[{"href":"https:\/\/ccoo.app\/barcelona-serveis-municipals\/wp-json\/wp\/v2\/posts\/2868","targetHints":{"allow":["GET"]}}],"collection":[{"href":"https:\/\/ccoo.app\/barcelona-serveis-municipals\/wp-json\/wp\/v2\/posts"}],"about":[{"href":"https:\/\/ccoo.app\/barcelona-serveis-municipals\/wp-json\/wp\/v2\/types\/post"}],"author":[{"embeddable":true,"href":"https:\/\/ccoo.app\/barcelona-serveis-municipals\/wp-json\/wp\/v2\/users\/4886"}],"replies":[{"embeddable":true,"href":"https:\/\/ccoo.app\/barcelona-serveis-municipals\/wp-json\/wp\/v2\/comments?post=2868"}],"version-history":[{"count":0,"href":"https:\/\/ccoo.app\/barcelona-serveis-municipals\/wp-json\/wp\/v2\/posts\/2868\/revisions"}],"wp:attachment":[{"href":"https:\/\/ccoo.app\/barcelona-serveis-municipals\/wp-json\/wp\/v2\/media?parent=2868"}],"wp:term":[{"taxonomy":"category","embeddable":true,"href":"https:\/\/ccoo.app\/barcelona-serveis-municipals\/wp-json\/wp\/v2\/categories?post=2868"},{"taxonomy":"post_tag","embeddable":true,"href":"https:\/\/ccoo.app\/barcelona-serveis-municipals\/wp-json\/wp\/v2\/tags?post=2868"}],"curies":[{"name":"wp","href":"https:\/\/api.w.org\/{rel}","templated":true}]}}