{"id":2867,"date":"2017-05-04T16:03:00","date_gmt":"2017-05-04T14:03:00","guid":{"rendered":"https:\/\/ccoo.app\/barcelona-serveis-municipals\/ccoo-bsm-presenta-queja-ante-la-sindica-de-greuges-de-barcelona-por-el-area-dum\/"},"modified":"2017-05-04T16:03:00","modified_gmt":"2017-05-04T14:03:00","slug":"ccoo-bsm-presenta-queja-ante-la-sindica-de-greuges-de-barcelona-por-el-area-dum","status":"publish","type":"post","link":"https:\/\/ccoo.app\/barcelona-serveis-municipals\/ccoo-bsm-presenta-queja-ante-la-sindica-de-greuges-de-barcelona-por-el-area-dum\/","title":{"rendered":"CCOO BSM presenta queja ante la Sindica de Greuges de Barcelona por el AREA DUM"},"content":{"rendered":"<p><!--[if gte mso 9]&gt;--><\/p>\n<p>\n<!--[if gte mso 9]&gt;--><\/p>\n<p>  Normal<br \/>\n  0<\/p>\n<p>  21<\/p>\n<p>  false<br \/>\n  false<br \/>\n  false<\/p>\n<p>  ES<br \/>\n  X-NONE<br \/>\n  X-NONE<\/p>\n<p><!--[if gte mso 9]&gt;--><\/p>\n<p><!--[if gte mso 10]&gt;--><\/p>\n<p><\/p>\n<div style=\"text-align: justify\">\n<span style=\"font-size: 13.0pt;line-height: 115%\">Esta ma\u00f1ana, la Secci\u00f3n Sindical de CCOO hemos tenido una<br \/>\nreuni\u00f3n con la Sindica de Greuges de Barcelona, M. Assumpci\u00f3 Vil\u00e0 i Planas, y<br \/>\nle hemos presentado una queja sobre el sistema de carga\/descarga AREA DUM, ya<br \/>\nque lo consideramos muy perjudicial para los intereses de los vigilantes y de<br \/>\nlos transportistas.&nbsp;<\/span><\/div>\n<div style=\"text-align: justify\">\n<\/div>\n<div style=\"text-align: justify\">\n<a href=\"https:\/\/2.bp.blogspot.com\/-xwsZO_8R81U\/WQs0QC9IqTI\/AAAAAAAABFY\/LlO3M91KmqY0g1fqQJYR9B-_uYkzv2yrACLcB\/s1600\/1%2B%252897%2529.jpg\" style=\"clear: right;float: right;margin-bottom: 1em;margin-left: 1em\"><img decoding=\"async\" border=\"0\" src=\"https:\/\/2.bp.blogspot.com\/-xwsZO_8R81U\/WQs0QC9IqTI\/AAAAAAAABFY\/LlO3M91KmqY0g1fqQJYR9B-_uYkzv2yrACLcB\/s1600\/1%2B%252897%2529.jpg\" \/><\/a><span style=\"font-size: 13.0pt;line-height: 115%\">Como no pod\u00eda ser de otra forma, en primer lugar le hemos<br \/>\ndado las gracias por la labor que est\u00e1 efectuando ella y su equipo para<br \/>\nconseguir que se nos reconozca la consideraci\u00f3n de Agentes de la Autoridad, un<br \/>\nagradecimiento que no es un formalismo, sino un agradecimiento sincero, ya que fueron<br \/>\nlas primeras personas ajenas a la empresa en preocuparse por nuestra seguridad<br \/>\ny es evidente que la Sindicatura ha sido la art\u00edfice de todo lo ocurrido posteriormente en el<br \/>\nAyuntamiento de Barcelona.<\/span><\/div>\n<div style=\"text-align: justify\">\n<\/div>\n<div style=\"text-align: justify\">\n<span style=\"font-size: 13.0pt;line-height: 115%\">Sobre el AREA DUM, le hemos expuesto que este sistema no<br \/>\nbeneficia a nadie, y cuyo \u00fanico objetivo es la implantaci\u00f3n del coche foto multa,<br \/>\nlo que seg\u00fan la direcci\u00f3n de Recursos Humanos puede poner en peligro puestos de<br \/>\ntrabajo. Desconocemos si la afirmaci\u00f3n que realiz\u00f3 la directora de<br \/>\nRecursos Humanos sobre las consecuencias en el empleo del coche foto multa son<br \/>\nreales, o si responden a una \u201cmotivaci\u00f3n\u201d para que los compa\u00f1eros\/as se<br \/>\npresenten a promociones, o si se quiere usar como m\u00e9todo de presi\u00f3n a la hora<br \/>\nde negociar convenio.<\/span><\/div>\n<div style=\"text-align: justify\">\n<\/div>\n<div style=\"text-align: justify\">\n<span style=\"font-size: 13.0pt;line-height: 115%\">Por nuestra parte tenemos claro que si el coche foto<br \/>\nmulta puede poner en peligro 1 s\u00f3lo puesto de trabajo, es nuestra obligaci\u00f3n<br \/>\ndirigirnos a la Sindica de Greuges y exponerle todo lo que est\u00e1 ocurriendo con<br \/>\nel AREA DUM, y solicitar que se retire este sistema de control de cargas. No<br \/>\ns\u00f3lo porque garantizar\u00eda muchos puestos de trabajo adem\u00e1s, y sobre todo, porque<br \/>\nes realmente injusto y provoca multitud de problemas que nos encontramos todos<br \/>\nlos d\u00edas en la calle, tanto vigilantes como transportistas.<\/span><\/div>\n<div style=\"text-align: justify\">\n<\/div>\n<div style=\"text-align: justify\">\n<span style=\"font-size: 13.0pt;line-height: 115%\">Deciros que el pasado 22 de marzo, la Sindica de Greuges, ya efectu\u00f3<br \/>\nuna nota de prensa <a href=\"http:\/\/www.sindicadegreugesbcn.cat\/pdf\/premsa\/nota_791490176198.pdf\" target=\"_blank\" rel=\"noopener\">(descargar pinchando aqu\u00ed)<\/a> en la que denunciaba que el AREA DUM, vulnera el principio<br \/>\nde Igualdad al que debe ajustarse la administraci\u00f3n, ya que s\u00f3lo puede usarse<br \/>\nmediante un tel\u00e9fono m\u00f3vil.<\/span><\/div>\n<div style=\"text-align: justify\">\n<\/div>\n<div style=\"text-align: justify\">\n<span style=\"font-size: 13.0pt;line-height: 115%\">Como sab\u00e9is, este tema viene de lejos, y ya lo denunciemos en<br \/>\n2015 en otro art\u00edculo de nuestro blog <\/span><a href=\"http:\/\/ccoobsm.blogspot.com.es\/2015\/05\/area-dum-la-otra-cara-de-la-smart-city.html\" target=\"_blank\" rel=\"noopener\"><span style=\"font-size: 13.0pt;line-height: 115%\">(ver pinchando aqu\u00ed)<\/span><\/a><span style=\"font-size: 13.0pt;line-height: 115%\"><span style=\"font-size: 13.0pt;line-height: 115%\"><\/span>, y una nota de prensa de CCOO Catalunya&nbsp;<\/span><span style=\"font-size: 13.0pt;line-height: 115%\"><a href=\"http:\/\/www.ccoo.cat\/noticia\/192201\/ccoo-critica-la-manca-de-coherencia-de-lajuntament-de-barcelona-que-pot-complicar-mes-la-gestio-de-les-zones-de-carrega-i-descarrega-i-penalitzar-els-repartidors#.WQsn19wlHIU\" target=\"_blank\" rel=\"noopener\"><span style=\"font-size: 13.0pt;line-height: 115%\"><span style=\"font-size: 13.0pt;line-height: 115%\">(ver pinchando aqu\u00ed)<\/span><\/span><\/a>.<\/span><\/div>\n<div style=\"text-align: justify\">\n<\/div>\n<div style=\"text-align: justify\">\n<\/div>\n<div style=\"clear: both;text-align: center\">\n<\/div>\n<p><a href=\"https:\/\/2.bp.blogspot.com\/-DnkvIHGWQbU\/WQswMgDa8yI\/AAAAAAAABFA\/LOOENTrDWpcMXb9W6095BY9Q7Iiap4bRgCLcB\/s1600\/a.jpg\" style=\"clear: right;float: right;margin-bottom: 1em;margin-left: 1em\"><img loading=\"lazy\" decoding=\"async\" border=\"0\" height=\"158\" src=\"https:\/\/2.bp.blogspot.com\/-DnkvIHGWQbU\/WQswMgDa8yI\/AAAAAAAABFA\/LOOENTrDWpcMXb9W6095BY9Q7Iiap4bRgCLcB\/s200\/a.jpg\" width=\"200\" \/><\/a><span style=\"font-size: 13.0pt;line-height: 115%\">En la reuni\u00f3n mantenida hoy, he hemos entregado dos fotos que<br \/>\ndejan muy clara la crispaci\u00f3n <\/span><span style=\"font-size: 13.0pt;line-height: 115%\">que existe en la calle por la implantaci\u00f3n de<br \/>\neste sistema, le hemos pedido que solicite un listado con todas las denuncias<br \/>\npuestas para poder comprobar cuantos veh\u00edculos han sido denunciados<br \/>\nreiteradamente por los problemas que tiene la aplicaci\u00f3n o por los problemas<br \/>\nque tienen algunos usuarios de las carga\/descarga con las nuevas tecnolog\u00edas y<br \/>\nle hemos entregado un texto donde se expone toda la realidad del<br \/>\nproblema.<\/span><\/p>\n<p><\/p>\n<div style=\"text-align: justify\">\n<b><span style=\"font-size: 13.0pt;line-height: 115%\">Texto entregado a la Sindica esta ma\u00f1ana:<\/span><\/b><\/div>\n<div style=\"text-align: justify\">\n<\/div>\n<div style=\"text-align: justify\">\n<br \/>\n<b><span style=\"font-size: 13.0pt;line-height: 115%\">LA VERDAD DEL AREA DUM<\/span><\/b><\/div>\n<div style=\"text-align: justify\">\n<\/div>\n<div style=\"text-align: justify\">\n<span style=\"font-size: 13.0pt;line-height: 115%\">El objetivo real del AREA DUM no es una mejor regulaci\u00f3n de<br \/>\nlas carga\/descarga, el AREA DUM es parte de un plan para poder implantar en<br \/>\nBarcelona un coche foto multa denominado \u201cscancar\u201d, y el objetivo del \u201cscancar\u201d<br \/>\nes <b>PODER MULTAR MUCHO M\u00c1S Y DESPEDIR<br \/>\nTRABAJADORES.<\/b><\/span><\/div>\n<div style=\"text-align: justify\">\n<\/div>\n<div style=\"text-align: justify\">\n<span style=\"font-size: 13.0pt;line-height: 115%\">Para ver el funcionamiento de este prodigio de veh\u00edculo, el 2<br \/>\nde octubre de 2014 se adjudic\u00f3 la licitaci\u00f3n de una prueba piloto de 3 meses<br \/>\npor valor de 87.721 \u20ac (sin IVA), a la empresa holandesa ABSTRACT<span>&nbsp; <\/span>COMPUTING<span>&nbsp;<br \/>\n<\/span>INTERNATIONAL.<\/span><\/p>\n<p><span style=\"font-size: 13.0pt;line-height: 115%\">Licitaci\u00f3n a la que, por cierto, se presentaron 3<br \/>\nempresas, adjudic\u00e1ndose a la m\u00e1s cara, la SOCIEDAD IB\u00c9RICA DE CONSTRUCCIONES<br \/>\nEL\u00c9CTRICAS, S.A. (SICE) ofert\u00f3 85.326,54 \u20ac y la empresa TRADESEGUR ofert\u00f3<br \/>\n64.750,00 \u20ac.<\/span><\/div>\n<div style=\"text-align: justify\">\n<\/div>\n<div style=\"text-align: justify\">\n<a href=\"https:\/\/3.bp.blogspot.com\/-NOLYvdyuieU\/WQsxBuW_xeI\/AAAAAAAABFM\/nlWuDdC33igld91g-yioG5NwlKq13svYgCLcB\/s1600\/COCHE%2BDENUNCIA.jpg\" style=\"clear: left;float: left;margin-bottom: 1em;margin-right: 1em\"><img loading=\"lazy\" decoding=\"async\" border=\"0\" height=\"172\" src=\"https:\/\/3.bp.blogspot.com\/-NOLYvdyuieU\/WQsxBuW_xeI\/AAAAAAAABFM\/nlWuDdC33igld91g-yioG5NwlKq13svYgCLcB\/s640\/COCHE%2BDENUNCIA.jpg\" width=\"640\" \/><\/a><\/div>\n<div style=\"text-align: justify\">\n<span style=\"font-size: 13.0pt;line-height: 115%\">Este coche foto multa, viene equipado con 10 c\u00e1maras, y es<br \/>\ncapaz de leer 1500 matr\u00edculas por hora, seg\u00fan indica la propia Abstract<br \/>\nComputing en su <a href=\"http:\/\/translate.google.com\/translate?hl=es&amp;sl=auto&amp;tl=es&amp;u=http%3A%2F%2Fwww.abstractcomputing.nl%2F\" target=\"_blank\" rel=\"noopener\">p\u00e1gina web<\/a>.<\/span><\/div>\n<div style=\"text-align: justify\">\n<\/div>\n<div style=\"text-align: justify\">\n<span style=\"font-size: 13.0pt;line-height: 115%\">Pero para que Barcelona pueda multar mucho m\u00e1s y despedir<br \/>\ntrabajadores de la zona azul, este coche necesita que todos los veh\u00edculos registren<br \/>\nsu matr\u00edcula al utilizar la zona azul, verde o la carga y descarga y ah\u00ed es<br \/>\ndonde entra el AREA DUM.<\/span><\/div>\n<div style=\"text-align: justify\">\n<\/div>\n<div style=\"text-align: justify\">\n<span style=\"font-size: 13.0pt;line-height: 115%\">Lo m\u00e1s triste y pat\u00e9tico de todo este asunto es el desprecio<br \/>\ncon el que se est\u00e1 tratando al ciudadano desde el Ayuntamiento, obviando por<br \/>\ncompleto las molestias que pueda causar la implantaci\u00f3n de este sistema,<br \/>\npongamos algunos ejemplos.<\/span><\/div>\n<div style=\"text-align: justify\">\n<\/div>\n<div style=\"text-align: justify\">\n<b><span style=\"font-size: 13.0pt;line-height: 115%\">PARQU\u00cdMETROS<\/span><\/b><span style=\"font-size: 13.0pt;line-height: 115%\"><span><\/span> <\/span><\/div>\n<div style=\"text-align: justify\">\n<span style=\"font-size: 13.0pt;line-height: 115%\"><br \/><\/span><\/div>\n<div style=\"text-align: justify\">\n<span style=\"font-size: 13.0pt;line-height: 115%\">Se han adjudicado a la empresa UTE PARKEON la substituci\u00f3n de los<br \/>\nactuales parqu\u00edmetros, ya que no est\u00e1n preparados para que los usuarios de la zona<br \/>\nazul introduzcan la matr\u00edcula con las letras incluidas (actualmente s\u00f3lo<br \/>\naceptan los 4 n\u00fameros). La substituci\u00f3n va a costar 11.010.397 euros (sin IVA),<br \/>\npero lo m\u00e1s grave no es que a partir de agosto se deba introducir la matr\u00edcula<br \/>\ncompleta para obtener el ticket, lo grave es que Barcelona contar\u00e1 con <b>1.101 parqu\u00edmetros menos<\/b>, pasando de<br \/>\nlos 3.258 parqu\u00edmetros actuales a 2.157 parqu\u00edmetros, d<b>e los que 762 s\u00f3lo se<br \/>\npodr\u00e1 pagar mediante tarjeta<\/b>. Si ya hay quejas para encontrar un parqu\u00edmetro\u2026 a<br \/>\npartir de agosto ser\u00e1 peor. Y \u00bfpara qu\u00e9? Para fomentar el pago por el m\u00f3vil y<br \/>\npara que el coche foto multa pueda tener registrados todos los pagos efectuados<br \/>\nen la zona azul y verde y poder saber que coches ha de multar.<\/span><\/div>\n<div style=\"text-align: justify\">\n<\/div>\n<div style=\"text-align: justify\">\n<b><span style=\"font-size: 13.0pt;line-height: 115%\">SCANCAR ALGO INHUMANO<\/span><\/b><\/div>\n<div style=\"text-align: justify\">\n<\/div>\n<div style=\"text-align: justify\">\n<span style=\"font-size: 13.0pt;line-height: 115%\">En la actualidad, la zona azul, verde y carga\/descarga <b>la vigilan trabajadores con los que se<br \/>\npuede hablar<\/b>, por lo que se pueden hacer cargo de muy diferentes<br \/>\nsituaciones que se dan en la calle. Si un usuario comunica al vigilante que<br \/>\nhab\u00eda ido a por cambio, que estaba en una urgencia m\u00e9dica, etc\u2026 el vigilante<br \/>\npuede escuchar al ciudadano y no denunciarle. Esto <b>con el scancar<\/b> desaparece<br \/>\npor completo, simplemente lee la matr\u00edcula y <b>si no tiene ticket se denuncia y<br \/>\npunto, no importa que circunstancia le ocurra al ciudadano<\/b>.<\/span><\/div>\n<div style=\"text-align: justify\">\n<\/div>\n<div style=\"text-align: justify\">\n<b><span style=\"font-size: 13.0pt;line-height: 115%\">SCANCAR ALGO<br \/>\nEXCLUSIVAMENTE RECAUDATORIO<\/span><\/b><\/div>\n<div style=\"text-align: justify\">\n<\/div>\n<div style=\"text-align: justify\">\n<span style=\"font-size: 13.0pt;line-height: 115%\">Cuando se estaciona un veh\u00edculo en doble fila causando un<br \/>\natasco, lo primero que hace el vigilante es acercarse al conductor y<br \/>\nsolicitarle que retire el veh\u00edculo para que el atasco se deshaga. <b>Scancar no evita los atascos<\/b>, su \u00fanico<br \/>\nobjetivo es denunciar al veh\u00edculo mal estacionado.<\/span><\/div>\n<div style=\"text-align: justify\">\n<\/div>\n<div style=\"text-align: justify\">\n<b><span style=\"font-size: 13.0pt;line-height: 115%\">AREA DUM, un sistema\u2026 INJUSTO<\/span><\/b><\/div>\n<div style=\"text-align: justify\">\n<\/div>\n<div style=\"text-align: justify\">\n<span style=\"font-size: 13.0pt;line-height: 115%\">Porque no es moralmente aceptable denunciar a <b>quien no disponga de un Smartphone<\/b> en<br \/>\npleno funcionamiento, y decimos en pleno funcionamiento porque si se acaba la<br \/>\nbater\u00eda del m\u00f3vil, si se rompe durante la jornada laboral y si lo roban, <b>no queda otra que dejar de trabajar o<br \/>\naceptar las denuncias<\/b> que caigan seg\u00fan la cantidad de carga\/descarga que se<br \/>\ndeban usar.<\/span><\/div>\n<div style=\"text-align: justify\">\n<\/div>\n<div style=\"text-align: justify\">\n<a href=\"https:\/\/3.bp.blogspot.com\/-YgwLI_bcoXs\/WQs0iiNTzXI\/AAAAAAAABFc\/Qdr4LIErXNYElU9RHWSdxKB5CY9ohXGRwCLcB\/s1600\/1%2B%252885%2529.jpg\" style=\"clear: right;float: right;margin-bottom: 1em;margin-left: 1em\"><img loading=\"lazy\" decoding=\"async\" border=\"0\" height=\"200\" src=\"https:\/\/3.bp.blogspot.com\/-YgwLI_bcoXs\/WQs0iiNTzXI\/AAAAAAAABFc\/Qdr4LIErXNYElU9RHWSdxKB5CY9ohXGRwCLcB\/s200\/1%2B%252885%2529.jpg\" width=\"178\" \/><\/a><span style=\"font-size: 13.0pt;line-height: 115%\">Para poder utilizar la aplicaci\u00f3n se ha de disponer de una cuenta<br \/>\nde <b>correo electr\u00f3nico<\/b>, <b>registrarse<\/b><br \/>\n(<b>sin tener en cuenta la Ley de Protecci\u00f3n de Datos<\/b>, porque los cedes o no te<br \/>\npuedes <span>registrar<\/span>, es decir no podr\u00e1s<br \/>\naparcar si no los cedes), y posteriormente utilizar una <b>contrase\u00f1a<\/b> proporcionada por el sistema, que caso de olvidar al<br \/>\ncambiar de m\u00f3vil a la pr\u00e1ctica se hace una labor tit\u00e1nica poder recuperarla. En<br \/>\ndefinitiva, <b>hay que tener conocimientos<br \/>\nde nuevas tecnolog\u00edas o pagar multas<\/b>.<\/span><\/div>\n<div style=\"text-align: justify\">\n<\/div>\n<div style=\"text-align: justify\">\n<b><span style=\"font-size: 13.0pt;line-height: 115%\">AREA DUM, un sistema\u2026 ANTISOCIAL<\/span><\/b><\/div>\n<div style=\"text-align: justify\">\n<\/div>\n<div style=\"text-align: justify\">\n<span style=\"font-size: 13.0pt;line-height: 115%\">Como hemos explicado antes, el <b>verdadero objetivo<\/b> del AREA DUM, es que se puedan controlar las<br \/>\ncargas con el \u201cscancar\u201d, es decir, <b>multar<br \/>\nmucho m\u00e1s y <\/b><span>despedir trabajadores<\/span>, ya que quieren <b>cambiar los trabajadores<br \/>\nactuales por coches <\/b>con el objetivo de despedir para ahorrar en sueldos.<\/span><\/div>\n<div style=\"text-align: justify\">\n<\/div>\n<div style=\"text-align: justify\">\n<b><span style=\"font-size: 13.0pt;line-height: 115%\">AREA DUM, un sistema\u2026 INSEGURO<\/span><\/b><\/div>\n<div style=\"text-align: justify\">\n<\/div>\n<div style=\"text-align: justify\">\n<b><span style=\"font-size: 13.0pt;line-height: 115%\">El servidor de la<br \/>\naplicaci\u00f3n se ha ca\u00eddo varias veces<\/span><\/b><span style=\"font-size: 13.0pt;line-height: 115%\">, sin que el usuario sea consciente que el sistema est\u00e1<br \/>\nfallando, incluso durante un tiempo, el vigilante tampoco es consciente, por lo<br \/>\nque sigue denunciando sin saber que no deber\u00eda hacerlo en ese momento.<\/span><\/p>\n<p><span style=\"font-size: 13.0pt;line-height: 115%\">Adem\u00e1s,<br \/>\nproduce una preocupaci\u00f3n importante en los transportistas cuando no funciona,<br \/>\nporque s\u00f3lo ve que en su tel\u00e9fono no funciona, sin saber si le van a denunciar<br \/>\no no, <\/span><span style=\"font-size: 13.0pt;line-height: 115%\"><span style=\"font-size: 13.0pt;line-height: 115%\">causandole un estr\u00e9s innecesario<\/span>.<\/span><\/p>\n<p><span style=\"font-size: 13.0pt;line-height: 115%\"><!--[if gte mso 9]&gt;--><\/p>\n<p><!--[if gte mso 9]&gt;--><\/p>\n<p>  Normal<br \/>\n  0<\/p>\n<p>  21<\/p>\n<p>  false<br \/>\n  false<br \/>\n  false<\/p>\n<p>  ES<br \/>\n  X-NONE<br \/>\n  X-NONE<\/p>\n<p><!--[if gte mso 9]&gt;--><\/p>\n<p><!--[if gte mso 10]&gt;--><\/p>\n<p><\/span><\/p>\n<div>\n<span style=\"font-size: 13.0pt;line-height: 115%\">Cuando menos, resulta curioso que la DGT se gaste un dineral<br \/>\nen campa\u00f1as para que los conductores no utilicen el m\u00f3vil, y el Ayuntamiento de<br \/>\nBarcelona les obligue a utilizarlo cuando trabajas conduciendo.<\/span><\/div>\n<\/div>\n<div style=\"text-align: justify\">\n<\/div>\n<div style=\"text-align: justify\">\n<b><span style=\"font-size: 13.0pt;line-height: 115%\">AREA DUM, un sistema\u2026 TRAMPOSO<\/span><\/b><\/div>\n<div style=\"text-align: justify\">\n<\/div>\n<div style=\"text-align: justify\">\n<span style=\"font-size: 13.0pt;line-height: 115%\">Cuando el <b>sistema no<br \/>\nfunciona<\/b>, se da orden a los vigilantes que efect\u00faen el <b>control como se hac\u00eda anteriormente<\/b>, es decir, <b>salt\u00e1ndose la normativa municipal<\/b> que se cambi\u00f3 para poder poner en<br \/>\nmarcha este nefasto sistema.<\/span><\/div>\n<div style=\"text-align: justify\">\n<\/div>\n<div style=\"text-align: justify\">\n<b><span style=\"font-size: 13.0pt;line-height: 115%\">AREA DUM, un sistema\u2026 TRAICIONERO<\/span><\/b><\/div>\n<div style=\"text-align: justify\">\n<\/div>\n<div style=\"text-align: justify\">\n<span style=\"font-size: 13.0pt;line-height: 115%\">El AREA DUM <b>permite<br \/>\nsin problemas renovar el \u201cticket virtual\u201d<\/b> para estacionar en la<br \/>\ncarga\/descarga, pero s\u00f3lo los vigilantes sabemos que s\u00f3lo se puede utilizar el<br \/>\nprimero, por lo que es muy frecuente que los usuarios de la carga\/descarga<br \/>\nencadenen tickets pensando que est\u00e1n utilizando correctamente la aplicaci\u00f3n, s\u00f3lo <b>saben que eso no es correcto <\/b><b>despu\u00e9s de encontrarse la multa<\/b> en el<br \/>\nparabrisas.<\/span><\/div>\n<div style=\"text-align: justify\">\n<\/div>\n<div style=\"text-align: justify\">\n<b><span style=\"font-size: 13.0pt;line-height: 115%\">AREA DUM, un sistema\u2026 PELIGROSO<\/span><\/b><\/div>\n<div style=\"text-align: justify\">\n<\/div>\n<div style=\"text-align: justify\">\n<span style=\"font-size: 13.0pt;line-height: 115%\">Es frecuente que aquellos <b>usuarios<\/b> de las carga\/descarga <b>que<br \/>\ntienen problemas con la tecnolog\u00eda, se les denuncie muchas veces<\/b>, y<br \/>\nevidentemente, cuando un ciudadano recibe 10, 15 o 20 denuncias por algo que no<br \/>\npuede controlar, la impotencia de la situaci\u00f3n le puede llevar a perder los<br \/>\nnervios, lo que sin duda<b>, acabar\u00e1<br \/>\npagando el vigilante<\/b> de la zona azul y no quienes han puesto en marcha este<br \/>\nsistema.<\/span><\/div>\n<div style=\"text-align: justify\">\n<\/div>\n<div style=\"text-align: justify\">\n<b><span style=\"font-size: 13.0pt;line-height: 115%\">AREA DUM, un sistema\u2026 INTRANSIGENTE<\/span><\/b><\/div>\n<div style=\"text-align: justify\">\n<\/div>\n<div style=\"text-align: justify\">\n<span style=\"font-size: 13.0pt;line-height: 115%\">Los propios <b>vigilantes<br \/>\nhan efectuado propuestas de mejora<\/b> con el objetivo de paliar algunos de los<br \/>\nefectos negativos del AREA DUM, <b>siendo<br \/>\nrechazadas<\/b> por la empresa. Por ejemplo, se ha propuesto que se pueda<br \/>\nobtener el ticket desde los parqu\u00edmetros de forma gratuita, para dar una<br \/>\nalternativa al m\u00f3vil, o que se puedan anular en el parqu\u00edmetro las denunicas por desconocimiento de la existencia de este sistema para los veh\u00edculos de fuera de Barcelona, quienes tengan problemas con el m\u00f3vil, etc&#8230;<\/span><\/div>\n<div style=\"text-align: justify\">\n<\/div>\n<div style=\"text-align: justify\">\n<b><span style=\"font-size: 13.0pt;line-height: 115%\">EL SINDROME DE PROCUSTO<br \/>\nDEL AYUNTAMIENTO DE BARCELONA Y BSM<\/span><\/b><\/div>\n<div style=\"text-align: justify\">\n<\/div>\n<div style=\"text-align: justify\">\n<span style=\"font-size: 13.0pt;line-height: 115%\">Seg\u00fan la mitolog\u00eda griega, Procusto ten\u00eda una posada con una<br \/>\nsola cama, si el viajero que se alojaba era m\u00e1s grande que su cama, le cortaba<br \/>\nlas piernas hasta que el viajero se adaptaba a la medida de su cama, y si era<br \/>\nm\u00e1s peque\u00f1o, lo estiraba, porque la medida de su cama es la correcta, es verdadero problema es el tama\u00f1o<br \/>\nde los viajeros.<\/span><\/div>\n<div style=\"text-align: justify\">\n<\/div>\n<div style=\"text-align: justify\">\n<span style=\"font-size: 13.0pt;line-height: 115%\">Tanto el Ayuntamiento de Barcelona como la empresa municipal<br \/>\nBSM, est\u00e1n demostrando una dosis importante del s\u00edndrome de Procusto en la<br \/>\nimplantaci\u00f3n del AREA DUM, y la preparaci\u00f3n de la ciudad para que pueda<br \/>\nfuncionar el scancar.<\/span><\/div>\n<div style=\"text-align: justify\">\n<\/div>\n<div style=\"text-align: justify\">\n<span style=\"font-size: 13.0pt;line-height: 115%\">Porque lo realmente importante no es si el usuario tiene<br \/>\nconocimientos sobre las nuevas tecnolog\u00edas, no importa si el usuario de las cargas<br \/>\ntiene m\u00f3vil o no, no importa si los vigilantes sufren m\u00e1s agresiones o ser\u00e1n<br \/>\ndespedidos en el futuro\u2026 <b>Lo \u00fanico que<br \/>\nrealmente les importa es poner en marcha su juguetito del coche foto multa,<br \/>\npara multar m\u00e1s y ahorrar dinero en sueldos.<\/b><\/span><\/div>\n","protected":false},"excerpt":{"rendered":"<p>Normal 0 21 false false false ES X-NONE X-NONE Esta ma\u00f1ana, la Secci\u00f3n Sindical de CCOO hemos tenido una reuni\u00f3n con la Sindica de Greuges de Barcelona, M. Assumpci\u00f3 Vil\u00e0 &#8230; <a title=\"CCOO BSM presenta queja ante la Sindica de Greuges de Barcelona por el AREA DUM\" class=\"read-more\" href=\"https:\/\/ccoo.app\/barcelona-serveis-municipals\/ccoo-bsm-presenta-queja-ante-la-sindica-de-greuges-de-barcelona-por-el-area-dum\/\" aria-label=\"M\u00e9s informaci\u00f3 sobre CCOO BSM presenta queja ante la Sindica de Greuges de Barcelona por el AREA DUM\">Read more<\/a><\/p>\n","protected":false},"author":4886,"featured_media":0,"comment_status":"closed","ping_status":"closed","sticky":false,"template":"","format":"standard","meta":{"footnotes":""},"categories":[1],"tags":[],"class_list":["post-2867","post","type-post","status-publish","format-standard","hentry","category-sin-categoria","generate-columns","tablet-grid-50","mobile-grid-100","grid-parent","grid-33"],"_links":{"self":[{"href":"https:\/\/ccoo.app\/barcelona-serveis-municipals\/wp-json\/wp\/v2\/posts\/2867","targetHints":{"allow":["GET"]}}],"collection":[{"href":"https:\/\/ccoo.app\/barcelona-serveis-municipals\/wp-json\/wp\/v2\/posts"}],"about":[{"href":"https:\/\/ccoo.app\/barcelona-serveis-municipals\/wp-json\/wp\/v2\/types\/post"}],"author":[{"embeddable":true,"href":"https:\/\/ccoo.app\/barcelona-serveis-municipals\/wp-json\/wp\/v2\/users\/4886"}],"replies":[{"embeddable":true,"href":"https:\/\/ccoo.app\/barcelona-serveis-municipals\/wp-json\/wp\/v2\/comments?post=2867"}],"version-history":[{"count":0,"href":"https:\/\/ccoo.app\/barcelona-serveis-municipals\/wp-json\/wp\/v2\/posts\/2867\/revisions"}],"wp:attachment":[{"href":"https:\/\/ccoo.app\/barcelona-serveis-municipals\/wp-json\/wp\/v2\/media?parent=2867"}],"wp:term":[{"taxonomy":"category","embeddable":true,"href":"https:\/\/ccoo.app\/barcelona-serveis-municipals\/wp-json\/wp\/v2\/categories?post=2867"},{"taxonomy":"post_tag","embeddable":true,"href":"https:\/\/ccoo.app\/barcelona-serveis-municipals\/wp-json\/wp\/v2\/tags?post=2867"}],"curies":[{"name":"wp","href":"https:\/\/api.w.org\/{rel}","templated":true}]}}