{"id":2865,"date":"2017-07-08T17:34:00","date_gmt":"2017-07-08T15:34:00","guid":{"rendered":"https:\/\/ccoo.app\/barcelona-serveis-municipals\/informacion-sobre-el-plan-de-pensiones-bsm\/"},"modified":"2017-07-08T17:34:00","modified_gmt":"2017-07-08T15:34:00","slug":"informacion-sobre-el-plan-de-pensiones-bsm","status":"publish","type":"post","link":"https:\/\/ccoo.app\/barcelona-serveis-municipals\/informacion-sobre-el-plan-de-pensiones-bsm\/","title":{"rendered":"Informaci\u00f3n sobre el Plan de Pensiones BSM"},"content":{"rendered":"<p><!--[if gte mso 9]&gt;--><\/p>\n<p>\n<!--[if gte mso 9]&gt;--><\/p>\n<p>  Normal<br \/>\n  0<\/p>\n<p>  21<\/p>\n<p>  false<br \/>\n  false<br \/>\n  false<\/p>\n<p>  ES<br \/>\n  X-NONE<br \/>\n  X-NONE<\/p>\n<p><!--[if gte mso 9]&gt;--><\/p>\n<p><!--[if gte mso 10]&gt;--><\/p>\n<p><\/p>\n<div style=\"text-align: justify\">\nDado que muchos compa\u00f1eros\/as hab\u00e9is cumplido ya<br \/>\nel primer a\u00f1o de antig\u00fcedad y ya ten\u00e9is contrato indefinido, ya pod\u00e9is<br \/>\nsubscribiros al plan de pensiones de BSM.<\/div>\n<div style=\"text-align: justify\">\n<\/div>\n<div style=\"text-align: justify\">\nYa que esta informaci\u00f3n va dirigida<br \/>\nprincipalmente a los compa\u00f1eros de reciente incorporaci\u00f3n, pod\u00e9is descargaros<br \/>\n<b><a href=\"https:\/\/drive.google.com\/open?id=0B6-hRCOOm8U3UkhMLV9jR1RYTG8\" target=\"_blank\" rel=\"noopener\">pinchando aqu\u00ed la Gu\u00eda de los derechos que tienen todos los trabajadores\/as de BSM.<\/a><\/b><\/div>\n<div style=\"text-align: justify\">\n<\/div>\n<div style=\"text-align: justify\">\n<a href=\"https:\/\/1.bp.blogspot.com\/-Xf1dfP7HN6I\/WWD7GVdyEiI\/AAAAAAAABJM\/vyzQf83KflYT8C1SnE2n4rMLIAm2QYsAQCLcBGAs\/s1600\/1%2B%252877%2529.jpg\" style=\"clear: right;float: right;margin-bottom: 1em;margin-left: 1em\"><img loading=\"lazy\" decoding=\"async\" border=\"0\" data-original-height=\"279\" data-original-width=\"641\" height=\"139\" src=\"https:\/\/1.bp.blogspot.com\/-Xf1dfP7HN6I\/WWD7GVdyEiI\/AAAAAAAABJM\/vyzQf83KflYT8C1SnE2n4rMLIAm2QYsAQCLcBGAs\/s320\/1%2B%252877%2529.jpg\" width=\"320\" \/><\/a>En primer lugar deciros que los trabajadores que<br \/>\nno est\u00e9n suscritos en el Plan de Pensiones <b><u>est\u00e1n perdiendo dinero cada<br \/>\na\u00f1o<\/u><\/b>, ya que es absolutamente gratuito, <b><u>el trabajador no tiene obligaci\u00f3n de efectuar ninguna aportaci\u00f3n si<br \/>\nno lo desea<\/u><\/b>, y que el art. 76 de nuestro convenio obliga a la empresa a<br \/>\nefectuar una aportaci\u00f3n anual (cuando los Presupuestos Generales del Estado lo<br \/>\npermiten).<\/div>\n<div style=\"text-align: justify\">\n<\/div>\n<div style=\"text-align: justify\">\n<b>\u00bfQui\u00e9n tiene derecho a suscribir el Plan de<br \/>\nPensiones?<\/b><\/div>\n<div style=\"text-align: justify\">\n<b>&nbsp;<\/b> <\/div>\n<div style=\"text-align: justify\">\nSeg\u00fan el reglamento, todos los trabajadores<br \/>\nindefinidos con un a\u00f1o de antig\u00fcedad en la empresa y los trabajadores<br \/>\ntemporales con dos a\u00f1os de antig\u00fcedad, <span>que<br \/>\nmanifiesten su voluntad de adhesi\u00f3n rellenando el bolet\u00edn de Adhesi\u00f3n<\/span>. <b>Es decir, hay que entregar el bolet\u00edn de<br \/>\nadhesi\u00f3n a la empresa.<\/b><\/div>\n<div style=\"text-align: justify\">\n<\/div>\n<div style=\"text-align: justify\">\n<b>\u00bfD\u00f3nde conseguir el bolet\u00edn de adhesi\u00f3n?<\/b><\/div>\n<div style=\"text-align: justify\">\n<\/div>\n<div style=\"text-align: justify\">\n<b>Pod\u00e9is <a href=\"https:\/\/drive.google.com\/open?id=0B6-hRCOOm8U3ZXpDaHNudU9obG8\" target=\"_blank\" rel=\"noopener\">descargarlo pinchando aqu\u00ed<\/a>, <\/b>rellenarlo<br \/>\ny entregarlo a vuestro encargado\/a para que lo mande a recursos humanos. Si no<br \/>\npod\u00e9is imprimirlo desde este enlace, tambi\u00e9n pod\u00e9is solicitarlo a vuestra l\u00ednea<br \/>\nde mando, o bajarlo del Portal del Empleado, en el apartado &#8220;Models i<br \/>\nFormularis&#8221; &#8211; &#8220;Pla de Pensions&#8221;.&nbsp;<\/div>\n<div style=\"text-align: justify\">\n<\/div>\n<div style=\"text-align: justify\">\nSi trabaj\u00e1is en BSM bajar el formulario del<br \/>\nSUBPLAN1.<\/div>\n<div style=\"text-align: justify\">\nSi trabaj\u00e1is en el Zoo bajar el formulario del<br \/>\nSUBPLAN2.<\/div>\n<div style=\"text-align: justify\">\n<\/div>\n<div style=\"text-align: justify\">\n<b>\u00bfDe cu\u00e1nto es la aportaci\u00f3n que hace BSM al<br \/>\nplan de pensiones?<\/b><\/div>\n<div style=\"text-align: justify\">\n<\/div>\n<div style=\"text-align: justify\">\nLa aportaci\u00f3n que hace la empresa anualmente, se<br \/>\nfij\u00f3 en 2009 por un valor de 99,40 \u20ac y cada a\u00f1o se revaloriza con el IPC, por<br \/>\nlo que a finales de 2017 se podr\u00eda situar entorno a los 115 euros apoximadamente.<\/div>\n<div style=\"text-align: justify\">\n<\/div>\n<div style=\"text-align: justify\">\n<b>\u00bfPor qu\u00e9 hay trabajadores que no se han<br \/>\nsuscrito a\u00fan al Plan de Pensiones?<\/b><\/div>\n<div style=\"text-align: justify\">\n<\/div>\n<div style=\"text-align: justify\">\nPues porque a pesar de ser un derecho recogido en<br \/>\nnuestro Convenio Colectivo, debe ser el trabajador quien solicite adherirse al<br \/>\nPlan, la empresa no los <span>inscribe <\/span>por<br \/>\niniciativa propia para ahorrarse un dinero, y si nadie avisa a los trabajadores<br \/>\nque se han de apuntar&#8230; se quedan sin Plan.<\/div>\n<div style=\"text-align: justify\"><\/div>\n<div style=\"text-align: justify\">\nEn octubre de 2015, CCOO detectamos que 110<br \/>\ntrabajadores de BSM no ten\u00edan suscrito el Plan de Pensiones, y desde entonces<br \/>\nvamos haciendo campa\u00f1as regularmente para que todos los trabajadores\/as tengan<br \/>\nconocimiento de su derecho a adscribirse gratuitamente.<\/div>\n<div style=\"text-align: justify\">\n<\/div>\n<div style=\"text-align: justify\">\nPor supuesto y como siempre, para cualquier<br \/>\ninformaci\u00f3n, duda o queja, ten\u00e9is a vuestra disposici\u00f3n a los delegados y<br \/>\ndelegadas de CCOO.<\/div>\n","protected":false},"excerpt":{"rendered":"<p>Normal 0 21 false false false ES X-NONE X-NONE Dado que muchos compa\u00f1eros\/as hab\u00e9is cumplido ya el primer a\u00f1o de antig\u00fcedad y ya ten\u00e9is contrato indefinido, ya pod\u00e9is subscribiros al &#8230; <a title=\"Informaci\u00f3n sobre el Plan de Pensiones BSM\" class=\"read-more\" href=\"https:\/\/ccoo.app\/barcelona-serveis-municipals\/informacion-sobre-el-plan-de-pensiones-bsm\/\" aria-label=\"M\u00e9s informaci\u00f3 sobre Informaci\u00f3n sobre el Plan de Pensiones BSM\">Read more<\/a><\/p>\n","protected":false},"author":4886,"featured_media":0,"comment_status":"closed","ping_status":"closed","sticky":false,"template":"","format":"standard","meta":{"footnotes":""},"categories":[1],"tags":[],"class_list":["post-2865","post","type-post","status-publish","format-standard","hentry","category-sin-categoria","generate-columns","tablet-grid-50","mobile-grid-100","grid-parent","grid-33"],"_links":{"self":[{"href":"https:\/\/ccoo.app\/barcelona-serveis-municipals\/wp-json\/wp\/v2\/posts\/2865","targetHints":{"allow":["GET"]}}],"collection":[{"href":"https:\/\/ccoo.app\/barcelona-serveis-municipals\/wp-json\/wp\/v2\/posts"}],"about":[{"href":"https:\/\/ccoo.app\/barcelona-serveis-municipals\/wp-json\/wp\/v2\/types\/post"}],"author":[{"embeddable":true,"href":"https:\/\/ccoo.app\/barcelona-serveis-municipals\/wp-json\/wp\/v2\/users\/4886"}],"replies":[{"embeddable":true,"href":"https:\/\/ccoo.app\/barcelona-serveis-municipals\/wp-json\/wp\/v2\/comments?post=2865"}],"version-history":[{"count":0,"href":"https:\/\/ccoo.app\/barcelona-serveis-municipals\/wp-json\/wp\/v2\/posts\/2865\/revisions"}],"wp:attachment":[{"href":"https:\/\/ccoo.app\/barcelona-serveis-municipals\/wp-json\/wp\/v2\/media?parent=2865"}],"wp:term":[{"taxonomy":"category","embeddable":true,"href":"https:\/\/ccoo.app\/barcelona-serveis-municipals\/wp-json\/wp\/v2\/categories?post=2865"},{"taxonomy":"post_tag","embeddable":true,"href":"https:\/\/ccoo.app\/barcelona-serveis-municipals\/wp-json\/wp\/v2\/tags?post=2865"}],"curies":[{"name":"wp","href":"https:\/\/api.w.org\/{rel}","templated":true}]}}