{"id":2864,"date":"2017-08-18T17:25:00","date_gmt":"2017-08-18T15:25:00","guid":{"rendered":"https:\/\/ccoo.app\/barcelona-serveis-municipals\/manifiesto-del-comite-de-empresa-de-bsm-ante-los-atentados-terroristas-de-ayer\/"},"modified":"2017-08-18T17:25:00","modified_gmt":"2017-08-18T15:25:00","slug":"manifiesto-del-comite-de-empresa-de-bsm-ante-los-atentados-terroristas-de-ayer","status":"publish","type":"post","link":"https:\/\/ccoo.app\/barcelona-serveis-municipals\/manifiesto-del-comite-de-empresa-de-bsm-ante-los-atentados-terroristas-de-ayer\/","title":{"rendered":"Manifiesto del Comit\u00e9 de Empresa de B:SM ante los atentados terroristas de ayer"},"content":{"rendered":"<div style=\"clear: both;text-align: center\">\n<!--[if gte mso 9]&gt;--><\/p>\n<\/div>\n<div style=\"clear: both;text-align: center\">\n<!--[if gte mso 9]&gt;--><\/p>\n<p>  Normal<br \/>\n  0<\/p>\n<p>  21<\/p>\n<p>  false<br \/>\n  false<br \/>\n  false<\/p>\n<p>  ES<br \/>\n  X-NONE<br \/>\n  X-NONE<\/p>\n<p><!--[if gte mso 9]&gt;--><\/p>\n<p><!--[if gte mso 10]&gt;--><\/p>\n<\/div>\n<div align=\"center\" style=\"text-align: center\">\n<b><span style=\"font-size: 42.0pt\">COMIT\u00c9 DE EMPRESA<\/span><\/b><\/div>\n<div align=\"center\" style=\"text-align: center\">\n<b><span style=\"font-size: 42.0pt\"><\/span><\/b><\/div>\n<div align=\"center\" style=\"text-align: center\">\n<b><span style=\"font-size: 42.0pt\"><\/span><\/b><\/div>\n<div style=\"clear: both;text-align: center\">\n<b><a href=\"https:\/\/2.bp.blogspot.com\/-z6oZPQWlaMo\/WZcGZgnQXoI\/AAAAAAAABJ8\/2_2992K9UX4G-JGlZ5vyhJfki8WKe6EJACLcBGAs\/s1600\/BSM%2Blazo%2Bnegro%2Bcopy.jpg\" style=\"margin-left: 1em;margin-right: 1em\"><img loading=\"lazy\" decoding=\"async\" border=\"0\" data-original-height=\"241\" data-original-width=\"960\" height=\"100\" src=\"https:\/\/2.bp.blogspot.com\/-z6oZPQWlaMo\/WZcGZgnQXoI\/AAAAAAAABJ8\/2_2992K9UX4G-JGlZ5vyhJfki8WKe6EJACLcBGAs\/s400\/BSM%2Blazo%2Bnegro%2Bcopy.jpg\" width=\"400\" \/>&nbsp;<\/a><\/b><\/div>\n<div style=\"clear: both;text-align: center\">\n<!--[if gte mso 9]&gt;--><\/p>\n<\/div>\n<div style=\"clear: both;text-align: center\">\n<!--[if gte mso 9]&gt;--><\/p>\n<p>  Normal<br \/>\n  0<\/p>\n<p>  21<\/p>\n<p>  false<br \/>\n  false<br \/>\n  false<\/p>\n<p>  ES<br \/>\n  X-NONE<br \/>\n  X-NONE<\/p>\n<p><!--[if gte mso 9]&gt;--><\/p>\n<p><!--[if gte mso 10]&gt;--><\/p>\n<\/div>\n<div align=\"center\" style=\"text-align: center\">\n<b><span style=\"font-size: 24.0pt\">Manifiesto contra el atentado de<br \/>\nBarcelona<\/span><\/b><\/div>\n<div style=\"text-align: justify\">\n<\/div>\n<div style=\"text-align: justify\">\n<span style=\"font-size: 14.0pt\">Los<br \/>\ntrabajadores\/as de B:SM manifestamos nuestra m\u00e1s absoluta repulsa a los<br \/>\natentados de ayer en Barcelona y Cambrils, y condenamos cualquier tipo de<br \/>\nviolencia o acto terrorista.<\/span><\/div>\n<div style=\"text-align: justify\">\n<\/div>\n<div style=\"text-align: justify\">\n<span style=\"font-size: 14.0pt\">Decir<br \/>\nque al poco tiempo de cometerse los atentados, miembros de este Comit\u00e9 se<br \/>\ndirigieron a algunos centros de trabajo, donde pudimos comprobar la entereza<br \/>\ncon la que afrontaron esta situaci\u00f3n los trabajadores y trabajadoras de B:SM.<\/span><\/div>\n<div style=\"text-align: justify\">\n<\/div>\n<div style=\"text-align: justify\">\n<span style=\"font-size: 14.0pt\">Adem\u00e1s,<br \/>\nnos consta que algunos compa\u00f1eros no dudaron en ponerse a disposici\u00f3n de<br \/>\nGuardia Urbana para colaborar durante los momentos m\u00e1s tensos, yendo mucho m\u00e1s<br \/>\nall\u00e1 del cumplimiento de sus obligaciones, sin duda un ejemplo que agradecer y<br \/>\nponer en valor.<\/span><\/div>\n<div style=\"text-align: justify\">\n<\/div>\n<div style=\"text-align: justify\">\n<span style=\"font-size: 14.0pt\">Durante<br \/>\nel minuto de silencio de esta ma\u00f1ana, Barcelona ha dicho de forma un\u00e1nime \u201cno<br \/>\ntenim por\u201d. Siendo plenamente conscientes de lo dif\u00edcil que resulta seguir<br \/>\nprestando servicio en estas condiciones, desde el Comit\u00e9 nos queremos sumar a<br \/>\neste grito de repulsa a todo acto terrorista, y la mejor forma de hacerlo es<br \/>\nsubrayar la valent\u00eda de nuestros compa\u00f1eros\/as durante el d\u00eda de ayer.<\/span><\/div>\n<div style=\"text-align: justify\">\n<\/div>\n<div style=\"text-align: justify\">\n<span style=\"font-size: 13.0pt\">A<br \/>\nlos trabajadores\/as, informaros que ya est\u00e1 convocada una reuni\u00f3n de urgencia<br \/>\ncon la direcci\u00f3n de la empresa para analizar el pormenor de todo lo sucedido<br \/>\nayer y durante el d\u00eda de hoy, e informaros tambi\u00e9n que estamos en contacto<br \/>\npermanente con CECOR (Centro de Coordinaci\u00f3n de Mossos d\u2019Esquadra).<\/span><\/div>\n<div style=\"text-align: justify\">\n<\/div>\n<p><\/p>\n<div style=\"clear: both;text-align: center\">\n<\/div>\n<div style=\"clear: both;text-align: center\">\n<a href=\"https:\/\/1.bp.blogspot.com\/-gXXkLVWr_RU\/WZcGxpPR2dI\/AAAAAAAABKA\/Fts5Thw3RbsFXmF8_lvEpvSoU5d5wxCFACLcBGAs\/s1600\/Logos%2Bsindicatos%2Bcon%2Busoc.jpg\" style=\"margin-left: 1em;margin-right: 1em\"><img loading=\"lazy\" decoding=\"async\" border=\"0\" data-original-height=\"101\" data-original-width=\"699\" height=\"91\" src=\"https:\/\/1.bp.blogspot.com\/-gXXkLVWr_RU\/WZcGxpPR2dI\/AAAAAAAABKA\/Fts5Thw3RbsFXmF8_lvEpvSoU5d5wxCFACLcBGAs\/s640\/Logos%2Bsindicatos%2Bcon%2Busoc.jpg\" width=\"640\" \/><\/a><\/div>\n<div align=\"center\" style=\"text-align: center\">\n<\/div>\n<div align=\"center\" style=\"text-align: center\">\n<\/div>\n<div align=\"center\" style=\"text-align: center\">\n<\/div>\n","protected":false},"excerpt":{"rendered":"<p>Normal 0 21 false false false ES X-NONE X-NONE COMIT\u00c9 DE EMPRESA &nbsp; Normal 0 21 false false false ES X-NONE X-NONE Manifiesto contra el atentado de Barcelona Los trabajadores\/as &#8230; <a title=\"Manifiesto del Comit\u00e9 de Empresa de B:SM ante los atentados terroristas de ayer\" class=\"read-more\" href=\"https:\/\/ccoo.app\/barcelona-serveis-municipals\/manifiesto-del-comite-de-empresa-de-bsm-ante-los-atentados-terroristas-de-ayer\/\" aria-label=\"M\u00e9s informaci\u00f3 sobre Manifiesto del Comit\u00e9 de Empresa de B:SM ante los atentados terroristas de ayer\">Read more<\/a><\/p>\n","protected":false},"author":4886,"featured_media":0,"comment_status":"closed","ping_status":"closed","sticky":false,"template":"","format":"standard","meta":{"footnotes":""},"categories":[1],"tags":[],"class_list":["post-2864","post","type-post","status-publish","format-standard","hentry","category-sin-categoria","generate-columns","tablet-grid-50","mobile-grid-100","grid-parent","grid-33"],"_links":{"self":[{"href":"https:\/\/ccoo.app\/barcelona-serveis-municipals\/wp-json\/wp\/v2\/posts\/2864","targetHints":{"allow":["GET"]}}],"collection":[{"href":"https:\/\/ccoo.app\/barcelona-serveis-municipals\/wp-json\/wp\/v2\/posts"}],"about":[{"href":"https:\/\/ccoo.app\/barcelona-serveis-municipals\/wp-json\/wp\/v2\/types\/post"}],"author":[{"embeddable":true,"href":"https:\/\/ccoo.app\/barcelona-serveis-municipals\/wp-json\/wp\/v2\/users\/4886"}],"replies":[{"embeddable":true,"href":"https:\/\/ccoo.app\/barcelona-serveis-municipals\/wp-json\/wp\/v2\/comments?post=2864"}],"version-history":[{"count":0,"href":"https:\/\/ccoo.app\/barcelona-serveis-municipals\/wp-json\/wp\/v2\/posts\/2864\/revisions"}],"wp:attachment":[{"href":"https:\/\/ccoo.app\/barcelona-serveis-municipals\/wp-json\/wp\/v2\/media?parent=2864"}],"wp:term":[{"taxonomy":"category","embeddable":true,"href":"https:\/\/ccoo.app\/barcelona-serveis-municipals\/wp-json\/wp\/v2\/categories?post=2864"},{"taxonomy":"post_tag","embeddable":true,"href":"https:\/\/ccoo.app\/barcelona-serveis-municipals\/wp-json\/wp\/v2\/tags?post=2864"}],"curies":[{"name":"wp","href":"https:\/\/api.w.org\/{rel}","templated":true}]}}