{"id":2863,"date":"2017-09-06T02:48:00","date_gmt":"2017-09-06T00:48:00","guid":{"rendered":"https:\/\/ccoo.app\/barcelona-serveis-municipals\/informacion-sobre-nuevo-vestuario-bsm\/"},"modified":"2017-09-06T02:48:00","modified_gmt":"2017-09-06T00:48:00","slug":"informacion-sobre-nuevo-vestuario-bsm","status":"publish","type":"post","link":"https:\/\/ccoo.app\/barcelona-serveis-municipals\/informacion-sobre-nuevo-vestuario-bsm\/","title":{"rendered":"INFORMACI\u00d3N SOBRE NUEVO VESTUARIO B:SM"},"content":{"rendered":"<p><!--[if !mso]&gt;--><\/p>\n<p>\n<!--[if gte mso 9]&gt;--><\/p>\n<p>  Normal<br \/>\n  0<br \/>\n  false<\/p>\n<p>  21<\/p>\n<p>  false<br \/>\n  false<br \/>\n  false<\/p>\n<p>  ES<br \/>\n  X-NONE<br \/>\n  X-NONE<\/p>\n<p><!--[if gte mso 9]&gt;--><\/p>\n<p><!--[if gte mso 10]&gt;--><\/p>\n<p><!--[if gte mso 9]&gt;--><\/p>\n<p><!--[if gte mso 9]&gt;--><\/p>\n<p> <!--[if !mso]&gt;--><\/p>\n<p>\n<!--[if gte mso 9]&gt;--><\/p>\n<p>  Normal<br \/>\n  0<br \/>\n  false<\/p>\n<p>  21<\/p>\n<p>  false<br \/>\n  false<br \/>\n  false<\/p>\n<p>  ES<br \/>\n  X-NONE<br \/>\n  X-NONE<\/p>\n<p><!--[if gte mso 9]&gt;--><\/p>\n<p><!--[if gte mso 10]&gt;--><\/p>\n<p><\/p>\n<div style=\"text-align: justify\">\n<span style=\"font-size: 13.0pt\">A fin de demostrar a la direcci\u00f3n de<br \/>\nB:SM que el descontento con el nuevo vestuario no es una pataleta sindical,<br \/>\nsino algo palpable entre la plantilla, CCOO hemos efectuado una encuesta entre<br \/>\nlos trabajadores cuyos resultados os exponemos a continuaci\u00f3n y que, por<br \/>\nsupuesto, llevaremos al pr\u00f3ximo Comit\u00e9 de Seguridad y Salud Laboral.<\/span><\/div>\n<div style=\"text-align: justify\">\n<\/div>\n<div style=\"text-align: justify\">\n<span style=\"font-size: 13.0pt\">Para profundizar m\u00e1s en este problema,<br \/>\nCCOO tambi\u00e9n ha estudiado a fondo y comparado las dos \u00faltimas licitaciones de<br \/>\nvestuario, composici\u00f3n de tejidos, etc..<\/span><\/div>\n<div style=\"text-align: justify\">\n<\/div>\n<div style=\"text-align: justify\">\n<span style=\"font-size: 13.0pt\">Evidentemente, el objetivo de todo esto<br \/>\nno es la simple exposici\u00f3n de hechos, el objetivo es hacer entender a la<br \/>\ndirecci\u00f3n que es necesario un cambio en la pol\u00edtica de adquisici\u00f3n de vestuario<br \/>\npara evitar, por ejemplo, las numerosas asistencias m\u00e9dicas que han precisado<br \/>\nlos trabajadores\/as debido a las rozaduras, irritaciones, salpullidos y otros<br \/>\nproblemas derivados de la composici\u00f3n de las prendas entregadas.<\/span><\/div>\n<div style=\"text-align: justify\">\n<\/div>\n<div style=\"text-align: justify\">\n<b><span style=\"font-size: 13.0pt\">RESULTADOS<br \/>\nDE LA ENCUESTA<\/span><\/b><\/div>\n<div style=\"text-align: justify\">\n<\/div>\n<div style=\"text-align: justify\">\n<a href=\"https:\/\/3.bp.blogspot.com\/-tvwAcP2NGYo\/Wa9DiU2h6GI\/AAAAAAAABKQ\/V7VXUtd6XKUHviYU4t3xljHcU49SJS8EwCLcBGAs\/s1600\/1.jpg\" style=\"clear: right;float: right;margin-bottom: 1em;margin-left: 1em\"><img decoding=\"async\" border=\"0\" data-original-height=\"233\" data-original-width=\"175\" src=\"https:\/\/3.bp.blogspot.com\/-tvwAcP2NGYo\/Wa9DiU2h6GI\/AAAAAAAABKQ\/V7VXUtd6XKUHviYU4t3xljHcU49SJS8EwCLcBGAs\/s1600\/1.jpg\" \/><\/a><span style=\"font-size: 13.0pt\">En primer lugar, agradecer a los 207<br \/>\ntrabajadores\/as que han contestado a las preguntas realizadas, ya que sin duda,<br \/>\nesto nos permitir\u00e1 exigir con m\u00e1s fuerza un mejor vestuario. Los resultados<br \/>\nhablan por s\u00ed solos, la plantilla no aprueba el nuevo vestuario, que ha<br \/>\nobtenido una nota de 2 puntos sobre 5.<\/span><\/div>\n<div style=\"text-align: justify\">\n<\/div>\n<div style=\"text-align: justify\">\n<span style=\"font-size: 13.0pt\">El departamento de Prevenci\u00f3n de Riesgos<br \/>\nno deber\u00eda pasar por alto datos como que <b>el<br \/>\n89% considera que el polo da m\u00e1s calor<\/b> de lo que deber\u00eda, que <b>el 43%<\/b> indican que <b>el polo les pica o irrita la piel<\/b>, o que <b>el 42% le produce alg\u00fan tipo de problemas<\/b> el nuevo pantal\u00f3n.<\/span><\/div>\n<div style=\"text-align: justify\">\n<\/div>\n<div style=\"text-align: justify\">\n<a href=\"https:\/\/1.bp.blogspot.com\/-Owbu-588jhA\/Wa9DrnWYd7I\/AAAAAAAABKU\/QHu-a03OLBkSQCK3jXFJ7MZ7AGJixeAGACLcBGAs\/s1600\/2.jpg\" style=\"clear: right;float: right;margin-bottom: 1em;margin-left: 1em\"><img loading=\"lazy\" decoding=\"async\" border=\"0\" data-original-height=\"194\" data-original-width=\"327\" height=\"189\" src=\"https:\/\/1.bp.blogspot.com\/-Owbu-588jhA\/Wa9DrnWYd7I\/AAAAAAAABKU\/QHu-a03OLBkSQCK3jXFJ7MZ7AGJixeAGACLcBGAs\/s320\/2.jpg\" width=\"320\" \/><\/a><span style=\"font-size: 13.0pt\">El departamento de compras, tampoco<br \/>\ndeber\u00eda dejar pasar por alto que el <b>80%<br \/>\nquiere un pantal\u00f3n de verano y otro de invierno<\/b> diferentes, que <b>el 77% considera que 3 polos de verano no<br \/>\nson suficientes<\/b>, o que <b>al 65% no le<br \/>\ngustan las cremalleras en los bolsillos laterales<\/b>.<\/span><\/div>\n<div style=\"text-align: justify\">\n<\/div>\n<div style=\"text-align: justify\">\n<span style=\"font-size: 13.0pt\">Tampoco hay que pasar por alto que a<b> 80<br \/>\nde los 100 trabajadores\/as<\/b> de AREA que han rellenado la encuesta, <b>les gustar\u00eda poder<br \/>\nseguir utilizando el jersey azul de cuello alto<\/b>. Por lo que pediremos se retire<br \/>\nla orden de no utilizarlo y solicitaremos que se vuelvan a incluir en la compra<br \/>\nde vestuario.<\/span><\/div>\n<div style=\"text-align: justify\">\n<span style=\"font-size: 13.0pt\">&nbsp; <\/span><\/div>\n<div style=\"clear: both;text-align: center\">\n<a href=\"https:\/\/2.bp.blogspot.com\/-jhvRfOW1UHk\/Wa9D4NAFcWI\/AAAAAAAABKY\/sxo-_BsdUUUu6YW32m4rD0GSb0NKDIt-ACLcBGAs\/s1600\/3.jpg\" style=\"margin-left: 1em;margin-right: 1em\"><img decoding=\"async\" border=\"0\" data-original-height=\"1460\" data-original-width=\"646\" src=\"https:\/\/2.bp.blogspot.com\/-jhvRfOW1UHk\/Wa9D4NAFcWI\/AAAAAAAABKY\/sxo-_BsdUUUu6YW32m4rD0GSb0NKDIt-ACLcBGAs\/s1600\/3.jpg\" \/><\/a><\/div>\n<p><\/p>\n<div style=\"text-align: justify\">\n<\/div>\n<div style=\"text-align: justify\">\n<span style=\"font-size: 13.0pt\">&nbsp;<\/span><b><span style=\"font-size: 13.0pt\">COMENTARIOS<br \/>\nDE LOS TRABAJADORES\/AS<\/span><\/b><\/div>\n<div style=\"text-align: justify\">\n<\/div>\n<div style=\"text-align: justify\">\n<span style=\"font-size: 13.0pt\">95 trabajadores\/as han aportado alg\u00fan<br \/>\ntipo de comentario al margen de las preguntas realizadas, destacando las<br \/>\nreferentes al excesivo calor, falta de transpiraci\u00f3n y exceso de sudoraci\u00f3n con<br \/>\nel nuevo vestuario (27 de los 95 comentarios). <\/span><\/div>\n<div style=\"text-align: justify\">\n<span style=\"font-size: 13.0pt\">&nbsp; <\/span><\/div>\n<div style=\"text-align: justify\">\n<span style=\"font-size: 13.0pt\">Tambi\u00e9n es importante el n\u00famero de<br \/>\nquejas recibidas sobre la falta de material, lo corto que resulta el bolsillo<br \/>\ndel bol\u00edgrafo, que los trabajadores\/as deber\u00edan probar las prendas antes de<br \/>\ncomprar el vestuario, problemas con los cambios de ropa y la necesidad de<br \/>\ncortar las etiquetas, ya que rozan.<\/span><\/div>\n<div style=\"text-align: justify\">\n<\/div>\n<div style=\"text-align: justify\">\n<span style=\"font-size: 13.0pt\">Por nuestra parte, solicitamos que el<br \/>\ntrabajador\/as pueda escoger en verano pantal\u00f3n largo, pantal\u00f3n corto o<br \/>\nbermudas, ya que sin duda alguna ayudar\u00edan mucho a disminuir la sensaci\u00f3n de<br \/>\ncalor y son prendas socialmente aceptadas que, frecuentemente, usan otros<br \/>\ntrabajadores uniformados como polic\u00eda, servicios de emergencias, etc\u2026<\/span><\/div>\n<div style=\"text-align: justify\">\n<\/div>\n<div style=\"text-align: justify\">\n<b><span style=\"font-size: 13.0pt\">COMPARATIVA<br \/>\nDE LICITACIONES (ITUTTI vs VESTILAB)<\/span><\/b><\/div>\n<div style=\"text-align: justify\">\n<\/div>\n<div style=\"text-align: justify\">\n<span style=\"font-size: 13.0pt\">CCOO hemos querido comparar las dos<br \/>\n\u00faltimas licitaciones de vestuario, la concedida a ITURRI en 2013 y la concedida<br \/>\na Vestilab en 2016, obteniendo las siguientes apreciaciones.<\/span><\/div>\n<div style=\"text-align: justify\">\n<\/div>\n<div style=\"text-align: justify\">\n<b><span style=\"font-size: 13.0pt\">DIFERENCIA<br \/>\nECON\u00d3MICA<\/span><\/b><\/div>\n<div style=\"text-align: justify\">\n<\/div>\n<div style=\"text-align: justify\">\n<span style=\"font-size: 13.0pt\">En primer lugar, llama poderosamente la<br \/>\natenci\u00f3n la diferencia en el importe de la misma, en 2013 se adjudic\u00f3 a ITURRI<br \/>\nel vestuario y almacenamiento por un valor de 1.021.829 \u20ac (antes de IVA), y en<br \/>\n2016 se adjudic\u00f3 a Vestilab por un importe de 1.831.880\u20ac (antes de IVA), es<br \/>\ndecir 810.000\u20ac m\u00e1s.<\/span><\/div>\n<div style=\"text-align: justify\">\n<\/div>\n<div style=\"text-align: justify\">\n<span style=\"font-size: 13.0pt\">Evidentemente, ante este dato se podr\u00eda<br \/>\nalegar que la de Vestilab fue la mejor oferta, pero para situar el tema,<br \/>\ntambi\u00e9n deber\u00edamos decir que el presupuesto que se aceptaba en el anuncio de la<br \/>\nlicitaci\u00f3n era de 1.046.356,60&nbsp;\u20ac en 2013 y 2.524.013,73&nbsp;\u20ac en 2016.<\/span><\/div>\n<div style=\"text-align: justify\">\n<\/div>\n<div style=\"text-align: justify\">\n<a href=\"https:\/\/3.bp.blogspot.com\/-tW6WZruXSAo\/Wa9EOdE-qvI\/AAAAAAAABKc\/185hVzFwp0ctb543XlcMrTICfSWviDgkwCLcBGAs\/s1600\/4.jpg\" style=\"clear: right;float: right;margin-bottom: 1em;margin-left: 1em\"><img loading=\"lazy\" decoding=\"async\" border=\"0\" data-original-height=\"325\" data-original-width=\"328\" height=\"317\" src=\"https:\/\/3.bp.blogspot.com\/-tW6WZruXSAo\/Wa9EOdE-qvI\/AAAAAAAABKc\/185hVzFwp0ctb543XlcMrTICfSWviDgkwCLcBGAs\/s320\/4.jpg\" width=\"320\" \/><\/a><span style=\"font-size: 13.0pt\">De hecho, en la licitaci\u00f3n de 2013 que<br \/>\ngan\u00f3 ITURRI, se presupuestaba la entrega de un total de 63.081 piezas de ropa<br \/>\n(Es decir una media de 16,20 \u20ac la pieza), y en la de 2016 adjudicada a Vestilab<br \/>\nun total de 66.982 ( 27,35 \u20ac la pieza de media).<\/span><\/div>\n<div style=\"text-align: justify\">\n<\/div>\n<div style=\"text-align: justify\">\n<span style=\"font-size: 13.0pt\">Si los datos expuestos pueden<br \/>\nsorprender, el precio por unidad que BSM estaba dispuesto a pagar por cada<br \/>\npieza, es digno de estudio. Los datos del cuadro adjunto se han extra\u00eddo del documento<br \/>\nde \u201cpreus m\u00e1xims\u201d que se publica junto a la licitaci\u00f3n. Entendemos que el hecho<br \/>\nde que se incremente el precio porque el uniforme requiera de ciertas<br \/>\nadaptaciones de la prenda por parte del proveedor, pero aun as\u00ed nos sorprende<br \/>\nmucho el precio, ya que hemos podido encontrar la mayor\u00eda de piezas por la<br \/>\nmitad de coste en una sencilla b\u00fasqueda por Internet.<\/span><\/div>\n<div style=\"text-align: justify\">\n<span style=\"font-size: 13.0pt\">&nbsp; <\/span><\/div>\n<div style=\"text-align: justify\">\n<span style=\"font-size: 13.0pt\">Se podr\u00eda pensar que esto es debido a un<br \/>\nmayor n\u00famero de trabajadores, pero se ha de decir que seg\u00fan los documentos de<br \/>\nlas licitaciones en 2016 s\u00f3lo hab\u00eda 53 trabajadores m\u00e1s. Por lo que el gasto<br \/>\npor trabajador sigue siendo superior, concretamente 771 euros m\u00e1s. Bueno, de<br \/>\npor s\u00ed s\u00f3lo llama la atenci\u00f3n que el vestuario de cada trabajador valga una<br \/>\nmedia de 1.880 euros\u2026<\/span><\/div>\n<div style=\"text-align: justify\">\n<span style=\"font-size: 13.0pt\"><\/span><\/div>\n<div style=\"clear: both;text-align: center\">\n<a href=\"https:\/\/2.bp.blogspot.com\/-YMGyETR7koI\/Wa9EYpPd_LI\/AAAAAAAABKg\/nW6yRVseqvQU0kMpSV8CdDMM3zkwYWSCwCLcBGAs\/s1600\/5.jpg\" style=\"margin-left: 1em;margin-right: 1em\"><img decoding=\"async\" border=\"0\" data-original-height=\"68\" data-original-width=\"410\" src=\"https:\/\/2.bp.blogspot.com\/-YMGyETR7koI\/Wa9EYpPd_LI\/AAAAAAAABKg\/nW6yRVseqvQU0kMpSV8CdDMM3zkwYWSCwCLcBGAs\/s1600\/5.jpg\" \/><\/a><\/div>\n<p><\/p>\n<div style=\"text-align: justify\">\n<span style=\"font-size: 13.0pt\"><\/span><\/div>\n<div style=\"text-align: justify\">\n<span style=\"font-size: 13.0pt\">Tambi\u00e9n hemos de decir que ha subido el<br \/>\nprecio de la lavander\u00eda, ya que seg\u00fan se desprende de las licitaciones, el vestuario<br \/>\nque devolvemos a la empresa, es para lavarlo y entreg\u00e1rselo a un trabajador<br \/>\ntemporal.<\/span><\/div>\n<div style=\"clear: both;text-align: center\">\n<a href=\"https:\/\/3.bp.blogspot.com\/-BWunxCj_qsQ\/Wa9Fe7JEnsI\/AAAAAAAABLA\/zX2DEPSe5IcgqLxKf8_uxOpEQu7JIYvSgCLcBGAs\/s1600\/7.jpg\" style=\"margin-left: 1em;margin-right: 1em\"><img loading=\"lazy\" decoding=\"async\" border=\"0\" data-original-height=\"385\" data-original-width=\"241\" height=\"320\" src=\"https:\/\/3.bp.blogspot.com\/-BWunxCj_qsQ\/Wa9Fe7JEnsI\/AAAAAAAABLA\/zX2DEPSe5IcgqLxKf8_uxOpEQu7JIYvSgCLcBGAs\/s320\/7.jpg\" width=\"200\" \/><\/a><\/div>\n<div style=\"text-align: justify\">\n<\/div>\n<div style=\"text-align: justify\">\n<b><span style=\"font-size: 13.0pt\">COMPOSICI\u00d3N<br \/>\nDE TEJIDOS<\/span><\/b><\/div>\n<div style=\"text-align: justify\">\n<\/div>\n<div style=\"text-align: justify\">\n<span style=\"font-size: 13.0pt\">Hasta ahora hemos expuesto datos<br \/>\ngenerales que siempre se podr\u00edan justificar en busca de una mejor calidad, por<br \/>\nlo que es imprescindible comparar los tejidos solicitados en la licitaci\u00f3n de<br \/>\n2013 y la de 2016.<\/span><\/div>\n<div style=\"text-align: justify\">\n<\/div>\n<div style=\"clear: both;text-align: center\">\n<a href=\"https:\/\/4.bp.blogspot.com\/-OrRVdMZsSUc\/Wa9Ek2ILcTI\/AAAAAAAABKk\/tPqwjaMKohsF8TQob_AQYgUnEDvbu8DtwCLcBGAs\/s1600\/6.jpg\" style=\"margin-left: 1em;margin-right: 1em\"><img loading=\"lazy\" decoding=\"async\" border=\"0\" data-original-height=\"246\" data-original-width=\"680\" height=\"231\" src=\"https:\/\/4.bp.blogspot.com\/-OrRVdMZsSUc\/Wa9Ek2ILcTI\/AAAAAAAABKk\/tPqwjaMKohsF8TQob_AQYgUnEDvbu8DtwCLcBGAs\/s640\/6.jpg\" width=\"640\" \/><\/a><\/div>\n<div style=\"text-align: justify\">\n<\/div>\n<div style=\"text-align: justify\">\n<span style=\"font-size: 13.0pt\">&nbsp;Como se puede observar en el cuadro<br \/>\nanterior, el material solicitado en la licitaci\u00f3n de 2016 desecha completamente<br \/>\nlas prendas de algod\u00f3n, a todas luces m\u00e1s adecuado para soportar el calor y las<br \/>\naltas temperaturas de verano.<\/span><\/div>\n<div style=\"text-align: justify\">\n<\/div>\n<div style=\"text-align: justify\">\n<span style=\"font-size: 13.0pt\">Ciertamente, la composici\u00f3n del nuevo<br \/>\nvestuario ha solucionado alg\u00fan problema de alergia, por lo que entendemos que<br \/>\nlo ideal ser\u00eda que el pantal\u00f3n de verano sea de algod\u00f3n, permitiendo a los<br \/>\ntrabajadores\/as que sufren problemas de alergia al tinte del algod\u00f3n utilizar<br \/>\nlas prendas de Poli\u00e9ster.<\/span><\/div>\n<div style=\"text-align: justify\">\n<\/div>\n<div style=\"text-align: justify\">\n<span style=\"font-size: 13.0pt\">Desde CCOO seguiremos reclamando el uso<br \/>\nde bermudas o pantal\u00f3n corto en verano, y de que no exista un pantal\u00f3n \u00fanico,<br \/>\nsino uno de verano y otro de inverno, no s\u00f3lo por lo pr\u00e1ctico, sino para poder<br \/>\nhacer frente a la diferencia de temperaturas que tantos problemas han causado<br \/>\neste a\u00f1o las prendas de poli\u00e9ster.<\/span><\/div>\n<div style=\"text-align: justify\">\n<span style=\"font-size: 13.0pt\">&nbsp; <\/span><\/div>\n<div style=\"text-align: justify\">\n<span style=\"font-size: 13.0pt\">Por supuesto, todos estos datos ser\u00e1n<br \/>\nexpuestos por CCOO en el Comit\u00e9 de Seguridad y Salud Laboral, y solicitaremos<br \/>\nal departamento de prevenci\u00f3n que nos informe de la cifra total de trabajadores<br \/>\nque han necesitado asistencia m\u00e9dica debido a rozaduras, salpullidos y otras<br \/>\ndolencias debido al exceso de sudor provocado por el pantal\u00f3n proporcionado.<\/span><\/div>\n<div style=\"text-align: justify\">\n<\/div>\n<div style=\"text-align: justify\">\n<span style=\"font-size: 13.0pt\">FOTOGRAFIAS<\/span><\/div>\n<div style=\"text-align: justify\">\n<\/div>\n<div style=\"clear: both;text-align: center\">\n<a href=\"https:\/\/2.bp.blogspot.com\/-9BGeV8CBUFg\/Wa9E1lCjocI\/AAAAAAAABKs\/j1S4uv2Dscg1TPB3KxK8hz1yHK5s77_fQCLcBGAs\/s1600\/IMG-20170717-WA0006.jpg\" style=\"margin-left: 1em;margin-right: 1em\"><img loading=\"lazy\" decoding=\"async\" border=\"0\" data-original-height=\"900\" data-original-width=\"1600\" height=\"180\" src=\"https:\/\/2.bp.blogspot.com\/-9BGeV8CBUFg\/Wa9E1lCjocI\/AAAAAAAABKs\/j1S4uv2Dscg1TPB3KxK8hz1yHK5s77_fQCLcBGAs\/s320\/IMG-20170717-WA0006.jpg\" width=\"320\" \/><\/a><\/div>\n<div style=\"clear: both;text-align: center\">\n<a href=\"https:\/\/2.bp.blogspot.com\/-aTKLLBzU1H8\/Wa9Eye3-jYI\/AAAAAAAABKo\/ynh84TEpmkYdUUlRnBOi1lZe_24l_fAKACLcBGAs\/s1600\/IMG-20170717-WA0004.jpg\" style=\"margin-left: 1em;margin-right: 1em\"><img loading=\"lazy\" decoding=\"async\" border=\"0\" data-original-height=\"1600\" data-original-width=\"1200\" height=\"320\" src=\"https:\/\/2.bp.blogspot.com\/-aTKLLBzU1H8\/Wa9Eye3-jYI\/AAAAAAAABKo\/ynh84TEpmkYdUUlRnBOi1lZe_24l_fAKACLcBGAs\/s320\/IMG-20170717-WA0004.jpg\" width=\"240\" \/><\/a><\/div>\n<div style=\"text-align: justify\">\n&nbsp;<span style=\"font-size: 13.0pt\">&nbsp;<\/span><\/div>\n<div style=\"text-align: justify\">\n<span style=\"font-size: 13.0pt\">Estas 2 fotograf\u00edas corresponden a<br \/>\nproblemas con la piel causados por los nuevos pantalones.<\/span><\/div>\n<div style=\"text-align: justify\">\n<\/div>\n<div style=\"clear: both;text-align: center\">\n<a href=\"https:\/\/2.bp.blogspot.com\/-nfZkw97eeQY\/Wa9FFTnHYDI\/AAAAAAAABK0\/UUlFRSOWAl0HDBvCwk7rTheI_QzTYS53wCLcBGAs\/s1600\/IMG-20170728-WA0003.jpg\" style=\"margin-left: 1em;margin-right: 1em\"><img loading=\"lazy\" decoding=\"async\" border=\"0\" data-original-height=\"1200\" data-original-width=\"1600\" height=\"240\" src=\"https:\/\/2.bp.blogspot.com\/-nfZkw97eeQY\/Wa9FFTnHYDI\/AAAAAAAABK0\/UUlFRSOWAl0HDBvCwk7rTheI_QzTYS53wCLcBGAs\/s320\/IMG-20170728-WA0003.jpg\" width=\"320\" \/><\/a><\/div>\n<p><\/p>\n<div style=\"clear: both;text-align: center\">\n<a href=\"https:\/\/2.bp.blogspot.com\/-NXTLDes-BNo\/Wa9FFccLZUI\/AAAAAAAABKw\/9rM1E5yhLK8du0AnqWfS0mE_ZSPd9g2ngCLcBGAs\/s1600\/IMG-20170728-WA0002.jpg\" style=\"margin-left: 1em;margin-right: 1em\"><img loading=\"lazy\" decoding=\"async\" border=\"0\" data-original-height=\"1600\" data-original-width=\"1200\" height=\"320\" src=\"https:\/\/2.bp.blogspot.com\/-NXTLDes-BNo\/Wa9FFccLZUI\/AAAAAAAABKw\/9rM1E5yhLK8du0AnqWfS0mE_ZSPd9g2ngCLcBGAs\/s320\/IMG-20170728-WA0002.jpg\" width=\"240\" \/><\/a><\/div>\n<p><\/p>\n<div align=\"center\" style=\"text-align: center\">\n<\/div>\n<div style=\"text-align: justify\">\n<span style=\"font-size: 13.0pt\">As\u00ed quedan los pantalones si rozan el<br \/>\ntubo de escape de la moto, se queda pegado al instante, al m\u00e1s puro estilo<br \/>\npl\u00e1stico.<\/span><\/div>\n<div style=\"text-align: justify\">\n<\/div>\n<div style=\"clear: both;text-align: center\">\n<a href=\"https:\/\/3.bp.blogspot.com\/-zQ91BUFpH8w\/Wa9FQk7yTxI\/AAAAAAAABK4\/9JFXVYTRjjMZnuK6liRTePqXZ-PITqA_gCLcBGAs\/s1600\/IMG-20170607-WA0007.jpg\" style=\"margin-left: 1em;margin-right: 1em\"><img loading=\"lazy\" decoding=\"async\" border=\"0\" data-original-height=\"1600\" data-original-width=\"1200\" height=\"320\" src=\"https:\/\/3.bp.blogspot.com\/-zQ91BUFpH8w\/Wa9FQk7yTxI\/AAAAAAAABK4\/9JFXVYTRjjMZnuK6liRTePqXZ-PITqA_gCLcBGAs\/s320\/IMG-20170607-WA0007.jpg\" width=\"240\" \/><\/a><\/div>\n<p><\/p>\n<div style=\"clear: both;text-align: center\">\n<a href=\"https:\/\/2.bp.blogspot.com\/-zgMbsW55lcI\/Wa9FRgWABwI\/AAAAAAAABK8\/YdxYj-Dbf0w1Ud_0WVoGMwwnZzQyj6zRACLcBGAs\/s1600\/IMG-20170607-WA0010.jpg\" style=\"margin-left: 1em;margin-right: 1em\"><img loading=\"lazy\" decoding=\"async\" border=\"0\" data-original-height=\"1241\" data-original-width=\"899\" height=\"320\" src=\"https:\/\/2.bp.blogspot.com\/-zgMbsW55lcI\/Wa9FRgWABwI\/AAAAAAAABK8\/YdxYj-Dbf0w1Ud_0WVoGMwwnZzQyj6zRACLcBGAs\/s320\/IMG-20170607-WA0010.jpg\" width=\"231\" \/><\/a><\/div>\n<p><\/p>\n<div align=\"center\" style=\"text-align: center\">\n<\/div>\n<div style=\"text-align: justify\">\n<span style=\"font-size: 13.0pt\">Quiz\u00e1s la venta en el mercado de los<br \/>\nEncantes de ropa confeccionada para BSM, tambi\u00e9n merezca alg\u00fan tipo de<br \/>\nexplicaci\u00f3n.<\/span><\/div>\n<div style=\"text-align: justify\">\n<\/div>\n<div style=\"text-align: justify\">\n<span style=\"font-size: 13.0pt\">Seguiremos informando&#8230; <\/span><\/div>\n","protected":false},"excerpt":{"rendered":"<p>Normal 0 false 21 false false false ES X-NONE X-NONE Normal 0 false 21 false false false ES X-NONE X-NONE A fin de demostrar a la direcci\u00f3n de B:SM que &#8230; <a title=\"INFORMACI\u00d3N SOBRE NUEVO VESTUARIO B:SM\" class=\"read-more\" href=\"https:\/\/ccoo.app\/barcelona-serveis-municipals\/informacion-sobre-nuevo-vestuario-bsm\/\" aria-label=\"M\u00e9s informaci\u00f3 sobre INFORMACI\u00d3N SOBRE NUEVO VESTUARIO B:SM\">Read more<\/a><\/p>\n","protected":false},"author":4886,"featured_media":0,"comment_status":"closed","ping_status":"closed","sticky":false,"template":"","format":"standard","meta":{"footnotes":""},"categories":[1],"tags":[],"class_list":["post-2863","post","type-post","status-publish","format-standard","hentry","category-sin-categoria","generate-columns","tablet-grid-50","mobile-grid-100","grid-parent","grid-33"],"_links":{"self":[{"href":"https:\/\/ccoo.app\/barcelona-serveis-municipals\/wp-json\/wp\/v2\/posts\/2863","targetHints":{"allow":["GET"]}}],"collection":[{"href":"https:\/\/ccoo.app\/barcelona-serveis-municipals\/wp-json\/wp\/v2\/posts"}],"about":[{"href":"https:\/\/ccoo.app\/barcelona-serveis-municipals\/wp-json\/wp\/v2\/types\/post"}],"author":[{"embeddable":true,"href":"https:\/\/ccoo.app\/barcelona-serveis-municipals\/wp-json\/wp\/v2\/users\/4886"}],"replies":[{"embeddable":true,"href":"https:\/\/ccoo.app\/barcelona-serveis-municipals\/wp-json\/wp\/v2\/comments?post=2863"}],"version-history":[{"count":0,"href":"https:\/\/ccoo.app\/barcelona-serveis-municipals\/wp-json\/wp\/v2\/posts\/2863\/revisions"}],"wp:attachment":[{"href":"https:\/\/ccoo.app\/barcelona-serveis-municipals\/wp-json\/wp\/v2\/media?parent=2863"}],"wp:term":[{"taxonomy":"category","embeddable":true,"href":"https:\/\/ccoo.app\/barcelona-serveis-municipals\/wp-json\/wp\/v2\/categories?post=2863"},{"taxonomy":"post_tag","embeddable":true,"href":"https:\/\/ccoo.app\/barcelona-serveis-municipals\/wp-json\/wp\/v2\/tags?post=2863"}],"curies":[{"name":"wp","href":"https:\/\/api.w.org\/{rel}","templated":true}]}}