{"id":2862,"date":"2017-09-09T10:00:00","date_gmt":"2017-09-09T08:00:00","guid":{"rendered":"https:\/\/ccoo.app\/barcelona-serveis-municipals\/los-heroes-de-la-zona-azul-de-barcelona\/"},"modified":"2017-09-09T10:00:00","modified_gmt":"2017-09-09T08:00:00","slug":"los-heroes-de-la-zona-azul-de-barcelona","status":"publish","type":"post","link":"https:\/\/ccoo.app\/barcelona-serveis-municipals\/los-heroes-de-la-zona-azul-de-barcelona\/","title":{"rendered":"Los h\u00e9roes de la Zona Azul de Barcelona"},"content":{"rendered":"<p><!--[if gte mso 9]&gt;--><\/p>\n<p>\n<!--[if gte mso 9]&gt;--><\/p>\n<p>  Normal<br \/>\n  0<\/p>\n<p>  21<\/p>\n<p>  false<br \/>\n  false<br \/>\n  false<\/p>\n<p>  ES<br \/>\n  X-NONE<br \/>\n  X-NONE<\/p>\n<p><!--[if gte mso 9]&gt;--><\/p>\n<p><span style=\"font-size: 14.0pt;line-height: 115%\">3 semanas han pasado ya desde los atentados de Barcelona y<br \/>\nCambrils, y la prensa ya ha substituido titulares dando paso a otras noticias<br \/>\nde mayor actualidad.<\/span><\/p>\n<div style=\"text-align: justify\">\n<\/div>\n<div style=\"text-align: justify\">\n<span style=\"font-size: 14.0pt;line-height: 115%\">Mucho se ha escrito sobre los \u201ch\u00e9roes an\u00f3nimos de Las Ramblas\u201d;<br \/>\nlas personas que estaban en el lugar y atendieron a las v\u00edctimas, los<br \/>\ntraductores que se ofrecieron a ayudar, los donantes de sangre que se<br \/>\namontonaron en los hospitales, y muchos de los detalles de solidaridad que<br \/>\ntuvieron los ciudadanos con las v\u00edctimas y sus familiares.<\/span><\/div>\n<div style=\"text-align: justify\">\n<\/div>\n<div style=\"text-align: justify\">\n<span style=\"font-size: 14.0pt;line-height: 115%\">Por nuestra parte, entendemos que hemos de contar la historia<br \/>\nde 3 compa\u00f1eros de la Zona Azul de Barcelona que se encontraban muy cerca de<br \/>\nlas Ramblas en el mismo momento del atentado. 2 vigilantes y 1 encargado que, de forma<br \/>\ninmediata, se pusieron a disposici\u00f3n de la Guardia Urbana <\/span><span style=\"font-size: 14.0pt;line-height: 115%\"><span style=\"font-size: 14.0pt;line-height: 115%\">y los Mossos d&#8217;Escuadra<\/span>.<\/span><\/p>\n<div style=\"text-align: justify\">\n<span style=\"font-size: 14.0pt;line-height: 115%\">Dado que la<br \/>\nm\u00e1xima urgencia en ese momento era detener al terrorista, y aprovechando que<br \/>\nnuestros compa\u00f1eros iban perfectamente uniformados, la polic\u00eda les pidi\u00f3 que se<br \/>\nencargasen de cortar los accesos al lugar desde la Plaza Universidad y Calle<br \/>\nPelayo, ta<\/span><span style=\"font-size: 14.0pt;line-height: 115%\">rea que, yendo mucho m\u00e1s all\u00e1 de su deber, cumplieron a la<br \/>\nperfecci\u00f3n, recibiendo por ello, el agradecimiento posterior de la polic\u00eda. <\/span><\/div>\n<p><span style=\"font-size: 14.0pt;line-height: 115%\"><\/p>\n<p><\/span><\/div>\n<div style=\"text-align: justify\">\n<\/div>\n<div style=\"text-align: justify\">\n<span style=\"font-size: 14.0pt;line-height: 115%\">Hay que ser muy valiente para verse rodeado de polic\u00edas arma en la mano, equipados con chalecos antibala, sabiendo que hay un<br \/>\nterrorista muy cerca y cumplir con lo que la polic\u00eda les pidi\u00f3, armados<br \/>\n\u00fanicamente con el coraje de querer ayudar.<\/span><\/div>\n<div style=\"text-align: justify\">\n<\/div>\n<div style=\"text-align: justify\">\n<div style=\"clear: both;text-align: center\">\n<a href=\"https:\/\/4.bp.blogspot.com\/-ojrfp43kp3Q\/WbHQxBk86SI\/AAAAAAAABLQ\/091uUx7evCEO_QZ1k1bhF4E6gdCyuqaOgCLcBGAs\/s1600\/Atentado%2Bterrorista%2Bvigilante%2Bzona%2Bazul%2Bcon%2BGuardia%2BUrbana%2By%2BMossos.jpg\" style=\"margin-left: 1em;margin-right: 1em\"><img loading=\"lazy\" decoding=\"async\" border=\"0\" data-original-height=\"668\" data-original-width=\"1294\" height=\"330\" src=\"https:\/\/4.bp.blogspot.com\/-ojrfp43kp3Q\/WbHQxBk86SI\/AAAAAAAABLQ\/091uUx7evCEO_QZ1k1bhF4E6gdCyuqaOgCLcBGAs\/s640\/Atentado%2Bterrorista%2Bvigilante%2Bzona%2Bazul%2Bcon%2BGuardia%2BUrbana%2By%2BMossos.jpg\" width=\"640\" \/><\/a><\/div>\n<p>\n<span style=\"font-size: 14.0pt;line-height: 115%\">Sin duda, todos los empleados municipales tuvimos que ser<br \/>\nvalientes para salir a trabajar al d\u00eda siguiente, siguiendo las directrices de \u201chay<br \/>\nque dar normalidad\u201d, pero entre todos ellos hemos querido destacar la<br \/>\nactuaci\u00f3n de estos 3 compa\u00f1eros, para los que el Comit\u00e9 de Empresa ya ha<br \/>\nsolicitado alg\u00fan tipo de reconocimiento por parte de BSM.<\/span><\/div>\n<div style=\"text-align: justify\">\n<\/div>\n<div style=\"text-align: justify\">\n<span style=\"font-size: 14.0pt;line-height: 115%\">Como suele ocurrir, la actuaci\u00f3n de muchos ciudadanos an\u00f3nimos<br \/>\nse quedan sin el reconocimiento p\u00fablico que se merecen, sin duda, porque cuando<br \/>\nactuaron no lo hac\u00edan por buscar protagonismo, no lo hac\u00edan esperando una<br \/>\nrecompensa posterior, sino que simplemente cumplieron con aquello que<br \/>\nconsideraban su obligaci\u00f3n, y eso es lo que realmente les hace grandes como<br \/>\npersonas. Vaya desde aqu\u00ed nuestro reconocimiento y agradecimiento por su<br \/>\nejemplar comportamiento. <\/span><\/div>\n","protected":false},"excerpt":{"rendered":"<p>Normal 0 21 false false false ES X-NONE X-NONE 3 semanas han pasado ya desde los atentados de Barcelona y Cambrils, y la prensa ya ha substituido titulares dando paso &#8230; <a title=\"Los h\u00e9roes de la Zona Azul de Barcelona\" class=\"read-more\" href=\"https:\/\/ccoo.app\/barcelona-serveis-municipals\/los-heroes-de-la-zona-azul-de-barcelona\/\" aria-label=\"M\u00e9s informaci\u00f3 sobre Los h\u00e9roes de la Zona Azul de Barcelona\">Read more<\/a><\/p>\n","protected":false},"author":4886,"featured_media":0,"comment_status":"closed","ping_status":"closed","sticky":false,"template":"","format":"standard","meta":{"footnotes":""},"categories":[1],"tags":[],"class_list":["post-2862","post","type-post","status-publish","format-standard","hentry","category-sin-categoria","generate-columns","tablet-grid-50","mobile-grid-100","grid-parent","grid-33"],"_links":{"self":[{"href":"https:\/\/ccoo.app\/barcelona-serveis-municipals\/wp-json\/wp\/v2\/posts\/2862","targetHints":{"allow":["GET"]}}],"collection":[{"href":"https:\/\/ccoo.app\/barcelona-serveis-municipals\/wp-json\/wp\/v2\/posts"}],"about":[{"href":"https:\/\/ccoo.app\/barcelona-serveis-municipals\/wp-json\/wp\/v2\/types\/post"}],"author":[{"embeddable":true,"href":"https:\/\/ccoo.app\/barcelona-serveis-municipals\/wp-json\/wp\/v2\/users\/4886"}],"replies":[{"embeddable":true,"href":"https:\/\/ccoo.app\/barcelona-serveis-municipals\/wp-json\/wp\/v2\/comments?post=2862"}],"version-history":[{"count":0,"href":"https:\/\/ccoo.app\/barcelona-serveis-municipals\/wp-json\/wp\/v2\/posts\/2862\/revisions"}],"wp:attachment":[{"href":"https:\/\/ccoo.app\/barcelona-serveis-municipals\/wp-json\/wp\/v2\/media?parent=2862"}],"wp:term":[{"taxonomy":"category","embeddable":true,"href":"https:\/\/ccoo.app\/barcelona-serveis-municipals\/wp-json\/wp\/v2\/categories?post=2862"},{"taxonomy":"post_tag","embeddable":true,"href":"https:\/\/ccoo.app\/barcelona-serveis-municipals\/wp-json\/wp\/v2\/tags?post=2862"}],"curies":[{"name":"wp","href":"https:\/\/api.w.org\/{rel}","templated":true}]}}