{"id":2860,"date":"2018-02-05T21:29:00","date_gmt":"2018-02-05T20:29:00","guid":{"rendered":"https:\/\/ccoo.app\/barcelona-serveis-municipals\/reunio-comissio-de-seguiment\/"},"modified":"2018-02-05T21:29:00","modified_gmt":"2018-02-05T20:29:00","slug":"reunio-comissio-de-seguiment","status":"publish","type":"post","link":"https:\/\/ccoo.app\/barcelona-serveis-municipals\/reunio-comissio-de-seguiment\/","title":{"rendered":"Reuni\u00f3 Comissi\u00f3 de Seguiment"},"content":{"rendered":"<p><!--[if gte mso 9]&gt;--><\/p>\n<p>\n<!--[if gte mso 9]&gt;--><\/p>\n<p>  Normal<br \/>\n  0<\/p>\n<p>  21<\/p>\n<p>  false<br \/>\n  false<br \/>\n  false<\/p>\n<p>  CA<br \/>\n  X-NONE<br \/>\n  X-NONE<\/p>\n<p><!--[if gte mso 9]&gt;--><\/p>\n<p><!--[if gte mso 10]&gt;--><\/p>\n<p><\/p>\n<div style=\"text-align: justify\">\n<!--[if gte mso 9]&gt;--><\/p>\n<p>\n<!--[if gte mso 9]&gt;--><\/p>\n<p>  Normal<br \/>\n  0<\/p>\n<p>  21<\/p>\n<p>  false<br \/>\n  false<br \/>\n  false<\/p>\n<p>  CA<br \/>\n  X-NONE<br \/>\n  X-NONE<\/p>\n<p><!--[if gte mso 9]&gt;--><\/p>\n<p><!--[if gte mso 10]&gt;--><\/p>\n<p><\/p>\n<div>\nDegut a que quan va arribar el moment de tancar n\u00f2mines<br \/>\nencara no se sabia si els Pressupostos Generals de l\u2019Estat es prorrogarien o si<br \/>\ns\u2019aprovarien uns de nous, no es va poder pagar una part de les quantitats que<br \/>\nestaven previstes, i nom\u00e9s es va poder incrementar l\u2019 1 % d\u2019alguns conceptes.<\/div>\n<div>\n<\/div>\n<div>\nEs per aix\u00f2 que les quantitats deixades d\u2019abonar es<br \/>\nregularitzaran al mes de febrer.<\/div>\n<\/div>\n<div style=\"text-align: justify\">\n<\/div>\n<div style=\"text-align: justify\">\n<b>RECLASSIFICACI\u00d3 DE CATEGOR\u00cdES<\/b><\/div>\n<div style=\"text-align: justify\">\n<\/div>\n<div style=\"text-align: justify\">\nLes quantitats que estaven previstes abonar en concepte de<br \/>\nreclassificaci\u00f3 de categories, com els Agents C\u00edvics, Visualitzadors, etc.. a<br \/>\nla categoria d\u2019Oficials d\u2019operacions (que comporta un augment de sou), es<br \/>\nregularitzar\u00e0 al mes de febrer, per el que a la n\u00f2mina de febrer s\u2019abonar\u00e0<br \/>\ncorrectament i a m\u00e9s es pagar\u00e0 tamb\u00e9 el que no s\u2019ha fet efectiu el mes de<br \/>\ngener.<\/div>\n<div style=\"text-align: justify\">\n<\/div>\n<div style=\"text-align: justify\">\nRespecte a les categories de T\u00e8cnics, com que no es pot fer<br \/>\nen bloc degut a las caracter\u00edstiques personal de cada treballador, es far\u00e0 de<br \/>\nforma personalitzada, i estar\u00e0 regularitzat com a molt al mes de mar\u00e7.<\/div>\n<div style=\"text-align: justify\">\n<\/div>\n<div style=\"text-align: justify\">\n<b>ANTIGUITAT<\/b><\/div>\n<div style=\"text-align: justify\">\n<\/div>\n<div style=\"text-align: justify\">\nAl concepte d\u2019 antiguitat tamb\u00e9 s\u2019ha vist afectat en alg\u00fan cas per la<br \/>\nproblem\u00e0tica dels Pressupostos Generals de l\u2019Estat, i en conseq\u00fc\u00e8ncia tamb\u00e9 es<br \/>\nregularitzar\u00e0 al mes de febrer.<\/div>\n<div style=\"text-align: justify\">\n<\/div>\n<div style=\"text-align: justify\">\n<b>PLA DE PENSIONS<\/b><\/div>\n<div style=\"text-align: justify\">\n<\/div>\n<div style=\"text-align: justify\">\nRespecte a les aportacions al pla de pensions que restaven<br \/>\npendents d\u2019abonar pels anys 2016 i 2017, encara haurem de esperar a que es faci<br \/>\nefectiu, ja que s\u2019ha de renovar la Comissi\u00f3 de Control i fins que no estigui<br \/>\nlegalment constitu\u00efda no es far\u00e0 efectiu.&nbsp;<\/div>\n<div style=\"text-align: justify\">\n<\/div>\n<div style=\"text-align: justify\">\nSobre el Pla de Pensions informar-vos tamb\u00e9 que s\u2019aprofitar\u00e0<br \/>\nel canvi a la Comissi\u00f3 de Control per<\/div>\n<div style=\"text-align: justify\">\nactualitzar el reglament, a fi d\u2019incorporar<br \/>\navantatges que ara permet la llei, com ara rescatar els calers del Pla als 10<br \/>\nanys.<\/div>\n<div style=\"text-align: justify\">\n<\/div>\n<div style=\"clear: both;text-align: center\">\n<a href=\"https:\/\/2.bp.blogspot.com\/-5HcZD6n-APE\/Vht5MjNMcqI\/AAAAAAAAAms\/IB99mELC7Co4zO9MUCyhmXU1yh1Dq5YpgCPcBGAYYCw\/s1600\/PLAN%2BPENSIONES%2BBSM.jpg\" style=\"clear: right;float: right;margin-bottom: 1em;margin-left: 1em\"><img loading=\"lazy\" decoding=\"async\" border=\"0\" data-original-height=\"279\" data-original-width=\"641\" height=\"139\" src=\"https:\/\/2.bp.blogspot.com\/-5HcZD6n-APE\/Vht5MjNMcqI\/AAAAAAAAAms\/IB99mELC7Co4zO9MUCyhmXU1yh1Dq5YpgCPcBGAYYCw\/s320\/PLAN%2BPENSIONES%2BBSM.jpg\" width=\"320\" \/><\/a><\/div>\n<div style=\"text-align: justify\">\nPer aquells que encara no tinguin el Pla de Pensions,<br \/>\nrecordar-vos que tenen dret a sol\u00b7licitar l\u2019adhesi\u00f3 tots el treballadors i treballadores<br \/>\nfixos amb 1 any d\u2019antiguitat o temporals amb 2 anys d\u2019antiguitat, i per suposat<br \/>\nque per a qualsevol dubte al respecte, podeu adre\u00e7ar-vos als delegats i<br \/>\ndelegades de CCOO.<\/div>\n<div style=\"text-align: justify\">\n<\/div>\n<div style=\"text-align: justify\">\n<b>PAGA VARIABLE<\/b><\/div>\n<div style=\"text-align: justify\">\n<\/div>\n<div style=\"text-align: justify\">\nAvan\u00e7ar-vos que a principis de mar\u00e7, farem la reuni\u00f3 amb l\u2019empresa<br \/>\nper veure si s\u2019han assolit els resultats. Aquesta reuni\u00f3 es podria fer avan\u00e7,<br \/>\nper\u00f2 es mes adient fer-la un cop els comptes estiguin auditats.<\/div>\n<div style=\"text-align: justify\">\n<\/div>\n<div style=\"text-align: justify\">\nRespecte a la unitat d\u2019AREA, i per tranquil\u00b7litzar a la<br \/>\nplantilla, dir que segons la direcci\u00f3 els objectius estan \u201cb\u00e9\u201d, desconeixem que<br \/>\nvol dir exactament aquest \u201cb\u00e9\u201d, per\u00f2 en qualsevol cas, est\u00e0 clar que els<br \/>\nresultats han sigut positius, en contra dels rumors que es van estendr\u00e0 a<br \/>\nfinals d\u2019any.<\/div>\n<div style=\"text-align: justify\">\n<\/div>\n<div style=\"text-align: justify\">\n<b>PROMOCI\u00d3 PER AL BICING PER ALS TREBALLADORS D\u2019AREA<\/b><\/div>\n<div style=\"text-align: justify\">\n<\/div>\n<div style=\"text-align: justify\">\nContinuant amb la t\u00f2nica de reduir el personal d\u2019\u00c0REA, dir<br \/>\nque l\u2019empresa ens ha informat que encara no s\u2019ha apuntat cap vigilant a la<br \/>\npromoci\u00f3 per cobrir les 2 vacants per Inspector del Bicing.<\/div>\n<div style=\"text-align: justify\">\n<\/div>\n<div style=\"text-align: justify\">\nEn aquest sentit, volem aclarir un aspecte que sembla s\u2019ha malent\u00e8s<br \/>\nen quant a la prefer\u00e8ncia per cobrir aquest llocs amb dones. La prefer\u00e8ncia es<br \/>\nno m\u00e9s en cas de igualtat de notes, es a dir, que la pla\u00e7a s\u2019adjudicar\u00e0 al<br \/>\ncandidat amb millor nota sigui home o dona, i nom\u00e9s en cas d\u2019empat es donar\u00e0<br \/>\nprefer\u00e8ncia a la dona.<\/div>\n<div style=\"text-align: justify\">\n<\/div>\n<div style=\"text-align: justify\">\nRecordar-vos tamb\u00e9, que el per\u00edode d\u2019inscripci\u00f3 finalitza<br \/>\ndem\u00e0 dia 7 de febrer.<\/div>\n<div style=\"text-align: justify\">\n<\/div>\n<div style=\"clear: both;text-align: center\">\n<a href=\"https:\/\/3.bp.blogspot.com\/-Ed_KXpgFKS8\/WniwcgfmLZI\/AAAAAAAABQ8\/4xpE2m0w1us3gkN8Enyhu3n5nDXcUU98ACLcBGAs\/s1600\/inspectores%2Bbicing.jpg\" style=\"margin-left: 1em;margin-right: 1em\"><img loading=\"lazy\" decoding=\"async\" border=\"0\" data-original-height=\"338\" data-original-width=\"600\" height=\"180\" src=\"https:\/\/3.bp.blogspot.com\/-Ed_KXpgFKS8\/WniwcgfmLZI\/AAAAAAAABQ8\/4xpE2m0w1us3gkN8Enyhu3n5nDXcUU98ACLcBGAs\/s320\/inspectores%2Bbicing.jpg\" width=\"320\" \/><\/a><\/div>\n<div style=\"text-align: justify\">\n<\/div>\n","protected":false},"excerpt":{"rendered":"<p>Normal 0 21 false false false CA X-NONE X-NONE Normal 0 21 false false false CA X-NONE X-NONE Degut a que quan va arribar el moment de tancar n\u00f2mines encara &#8230; <a title=\"Reuni\u00f3 Comissi\u00f3 de Seguiment\" class=\"read-more\" href=\"https:\/\/ccoo.app\/barcelona-serveis-municipals\/reunio-comissio-de-seguiment\/\" aria-label=\"M\u00e9s informaci\u00f3 sobre Reuni\u00f3 Comissi\u00f3 de Seguiment\">Read more<\/a><\/p>\n","protected":false},"author":4886,"featured_media":0,"comment_status":"closed","ping_status":"closed","sticky":false,"template":"","format":"standard","meta":{"footnotes":""},"categories":[1],"tags":[],"class_list":["post-2860","post","type-post","status-publish","format-standard","hentry","category-sin-categoria","generate-columns","tablet-grid-50","mobile-grid-100","grid-parent","grid-33"],"_links":{"self":[{"href":"https:\/\/ccoo.app\/barcelona-serveis-municipals\/wp-json\/wp\/v2\/posts\/2860","targetHints":{"allow":["GET"]}}],"collection":[{"href":"https:\/\/ccoo.app\/barcelona-serveis-municipals\/wp-json\/wp\/v2\/posts"}],"about":[{"href":"https:\/\/ccoo.app\/barcelona-serveis-municipals\/wp-json\/wp\/v2\/types\/post"}],"author":[{"embeddable":true,"href":"https:\/\/ccoo.app\/barcelona-serveis-municipals\/wp-json\/wp\/v2\/users\/4886"}],"replies":[{"embeddable":true,"href":"https:\/\/ccoo.app\/barcelona-serveis-municipals\/wp-json\/wp\/v2\/comments?post=2860"}],"version-history":[{"count":0,"href":"https:\/\/ccoo.app\/barcelona-serveis-municipals\/wp-json\/wp\/v2\/posts\/2860\/revisions"}],"wp:attachment":[{"href":"https:\/\/ccoo.app\/barcelona-serveis-municipals\/wp-json\/wp\/v2\/media?parent=2860"}],"wp:term":[{"taxonomy":"category","embeddable":true,"href":"https:\/\/ccoo.app\/barcelona-serveis-municipals\/wp-json\/wp\/v2\/categories?post=2860"},{"taxonomy":"post_tag","embeddable":true,"href":"https:\/\/ccoo.app\/barcelona-serveis-municipals\/wp-json\/wp\/v2\/tags?post=2860"}],"curies":[{"name":"wp","href":"https:\/\/api.w.org\/{rel}","templated":true}]}}