{"id":2854,"date":"2019-11-07T20:05:00","date_gmt":"2019-11-07T19:05:00","guid":{"rendered":"https:\/\/ccoo.app\/barcelona-serveis-municipals\/reunio-de-seguretat-i-salut-06-11-2019\/"},"modified":"2023-05-25T11:23:46","modified_gmt":"2023-05-25T09:23:46","slug":"reunio-de-seguretat-i-salut-06-11-2019","status":"publish","type":"post","link":"https:\/\/ccoo.app\/barcelona-serveis-municipals\/reunio-de-seguretat-i-salut-06-11-2019\/","title":{"rendered":"Reuni\u00f3 de Seguretat i Salut 06\/11\/2019"},"content":{"rendered":"<div><span style=\"font-size: large\">Us informem dels temes m\u00e9s rellevants tractats a la reuni\u00f3, pels nostres delegats de prevenci\u00f3 Pedro Polo i David Casasin:<\/span><\/div>\n<div><span style=\"font-size: large\">\u00a0<\/span><\/div>\n<div><b><span style=\"font-size: large\">Vestuari<\/span><\/b><\/div>\n<div><span style=\"font-size: large\">\u00a0<\/span><\/div>\n<div><span style=\"font-size: large\">Sol\u00b7licitem un monogr\u00e0fic de vestuari, amb la major brevetat possible, per abordar la problem\u00e0tica actual de la majoria de peces de roba de feina. Recordem qu\u00e8 l\u2019adjucaci\u00f3 del vestuari es va realitzar el passat 26 de juliol de 2016, per un periode de 3 anys i per tant, s\u2019hauria de preparar una nova licitaci\u00f3 de vestuari amb la qual esperem qu\u00e8 per fi es tinguin en compte les peticions dels treballadors\/es.<\/span><\/div>\n<div><span style=\"font-size: large\">\u00a0<\/span><\/div>\n<div><span style=\"font-size: large\">Referent a l\u2019abonament del cal\u00e7at especial, sol\u00b7licitem que ens informin dels imports actualitzats i realitzem queixa per la quantitat abonada als treballadors\/es de 32,15 euros, quantitat insuficient per cobrir la despesa de qualsevol cal\u00e7at especial.<\/span><\/div>\n<div><span style=\"font-size: large\">\u00a0<\/span><\/div>\n<div><b><span style=\"font-size: large\">Park G\u00fcell<\/span><\/b><\/div>\n<div><span style=\"font-size: large\">\u00a0<\/span><\/div>\n<div><span style=\"font-size: large\">Realitzem queixa formal davant la Direcci\u00f3 de BSM per l\u2019incompliment del Protocol d\u2019alerta per vent el passat diumenge dia 03\/11\/2019, el qual les diferents unitats de BSM com ara AREA, C\u00edvics o Grues va complir sense demora el Protocol activat, mentrestant al Park G\u00fcell, els treballadors\/es continuaven als seus llocs de treballs, amb el risc qu\u00e8 comporta.<\/span><\/div>\n<div><span style=\"font-size: large\">\u00a0<\/span><\/div>\n<div><span style=\"font-size: large\">Hem sol\u00b7licitat un Pla d\u2019emerg\u00e8ncia al Park G\u00fcell, aix\u00ed com tots els responsables designats.<\/span><\/div>\n<div><span style=\"font-size: large\">\u00a0<\/span><\/div>\n<div><b><span style=\"font-size: large\">AREA<\/span><\/b><\/div>\n<div><span style=\"font-size: large\">\u00a0<\/span><\/div>\n<div><span style=\"font-size: large\">Preguntem quan ens donaran l\u2019anorak d\u2019hivern, que es preveu per pla\u00e7 al 2020 i sol\u00b7licitem que sigui entregat en per\u00edode d\u2019hivern i no a l\u2019estiu o passats uns anys.. com acostuma a fer l\u2019empresa..<\/span><\/div>\n<div><span style=\"font-size: large\">\u00a0<\/span><\/div>\n<div><span style=\"font-size: large\">Ens informen de la substituci\u00f3 inminent dels parqu\u00edmetres actuals, els mateixos que estan comprats i enmagatzemats fa 3 anys.<\/span><\/div>\n<div><span style=\"font-size: large\">\u00a0<\/span><\/div>\n<div><span style=\"font-size: large\">Sol\u00b7licitem Evaluaci\u00f3 de Riscos del Scancar, followers i OCR. El Servei de Prevenci\u00f3 ens informa que ja estan realitzats per\u00f2 aquesta Secci\u00f3 Sindical no t\u00e9 coneixement d\u2019aix\u00f2 i accedeix a la reevaluaci\u00f3 dels llocs de treball.<\/span><\/div>\n<div><span style=\"font-size: large\">\u00a0<\/span><\/div>\n<div><b><span style=\"font-size: large\">Agents C\u00edvics<\/span><\/b><\/div>\n<div><span style=\"font-size: large\">\u00a0<\/span><\/div>\n<div><span style=\"font-size: large\">Ens informen que pr\u00f2ximament es procedir\u00e0 a la formaci\u00f3 del \u201ccontrol emocional\u201d al nostre personal. Com \u00e9s habitual, no ens han convidat a la participaci\u00f3 de l\u2019elaboraci\u00f3 d\u2019aquesta formaci\u00f3 i per tant no podem informar de cap contingut d\u2019aquesta.<\/span><\/div>\n<div><span style=\"font-size: large\">\u00a0<\/span><\/div>\n<div><span style=\"font-size: large\">Realitzem queixa pel servei de la Sagrada Familia el passat dissabte dia 26\/10 a la tarda, ja que havia treballadors destinats, malgrat que era coneguda i amb moltissima antel\u00b7laci\u00f3, la manifestaci\u00f3 qu\u00e8 havia convocada. Des del departament ens comuniquen que: no es podia anul\u00b7lar el servei i que m\u00e9s tard es va moure al personal a zones m\u00e9s segures.<\/span><\/div>\n<div><span style=\"font-size: large\">Ens sembla increible que sigui m\u00e9s important un servei, que la salut i seguretat dels propis treballadors.<\/span><\/div>\n<div><span style=\"font-size: large\">\u00a0<\/span><\/div>\n<div><b><span style=\"font-size: large\">Zona Bus i Estacions<\/span><\/b><\/div>\n<div><span style=\"font-size: large\"><b><\/b><br \/>\n<\/span><\/div>\n<div><span style=\"font-size: large\">Pr\u00f2ximament es realitzar\u00e0 la revisi\u00f3 del Protocol de Seguretat.<\/span><\/div>\n<div><span style=\"font-size: large\">Referent a l\u2019empla\u00e7ament del vestuari, ens informen que estan estudiant solucions.<\/span><\/div>\n<div><span style=\"font-size: large\">\u00a0<\/span><\/div>\n<div><b><span style=\"font-size: large\">Gr\u00faes<\/span><\/b><\/div>\n<div><span style=\"font-size: large\">\u00a0<\/span><\/div>\n<div><span style=\"font-size: large\">Es realitza queixa per l\u2019acc\u00e8s al Dip\u00f2sit de Badajoz, al qual segueixen baixant persones alienes. Ens responen que es regular\u00e0 i es cridar\u00e0 a seguretat perqu\u00e8 no torni a passar.<\/span><\/div>\n<div><span style=\"font-size: large\">Es va tornar a sol\u00b7licitar l\u2019acondicionament de la rampa d\u2019acc\u00e8s al Dip\u00f2sit de Badajoz, ja que quan plou, les gr\u00faes rellisquen. Tamb\u00e8 s\u2019ha demanat que retornin les cadires que es van endur dels menjadors.<\/span><\/div>\n<div><span style=\"font-size: large\">\u00a0<\/span><\/div>\n<div><span style=\"font-size: large\">Per altra banda, es torna a instar a la Direcci\u00f3 de BSM i al Servei de Prevenci\u00f3, a tenir un Reglament de funcionament intern, i per tant a quadrar una data urgent per tractar aquest tema.<\/span><\/div>\n<div><span style=\"font-size: large\">\u00a0<\/span><\/div>\n<div><span style=\"font-size: large\">Com a exemple de l\u2019inter\u00e8s qu\u00e8 demostra la Direcci\u00f3 de BSM amb els temes de Seguretat i Salut dels seus treballadors\/es, no han assistit a aquesta reuni\u00f3 el responsable de Compres, ni del Park G\u00fcell, tampoc el metge del Servei de Vigil\u00e0ncia de la Salut, qu\u00e8 havia d\u2019estar present.<\/span><\/div>\n<div><span style=\"font-size: large\">\u00a0<\/span><\/div>\n<div><span style=\"font-size: large\">Per aquesta Secci\u00f3 Sindical i entenem que tamb\u00e8 per aquest Comit\u00e8 d\u2019empresa, la seguretat i salut dels treballadors\/es de BSM \u00e9s un tema de vital import\u00e0ncia i esperem que des de la Direcci\u00f3 de BSM, es prengui amb m\u00e9s rigor i professionalitat que han tingut fins ara i exigirem totes les mesures que calguin, all\u00e0 on correspongui.<\/span><\/div>\n<div><span style=\"font-size: large\">\u00a0<\/span><\/div>\n<div><span style=\"font-size: large\">Seguirem informant.<\/span><\/div>\n<div style=\"text-align: justify\"><\/div>\n","protected":false},"excerpt":{"rendered":"<p>Us informem dels temes m\u00e9s rellevants tractats a la reuni\u00f3, pels nostres delegats de prevenci\u00f3 Pedro Polo i David Casasin: \u00a0 Vestuari \u00a0 Sol\u00b7licitem un monogr\u00e0fic de vestuari, amb la &#8230; <a title=\"Reuni\u00f3 de Seguretat i Salut 06\/11\/2019\" class=\"read-more\" href=\"https:\/\/ccoo.app\/barcelona-serveis-municipals\/reunio-de-seguretat-i-salut-06-11-2019\/\" aria-label=\"M\u00e9s informaci\u00f3 sobre Reuni\u00f3 de Seguretat i Salut 06\/11\/2019\">Read more<\/a><\/p>\n","protected":false},"author":4886,"featured_media":0,"comment_status":"closed","ping_status":"closed","sticky":false,"template":"","format":"standard","meta":{"footnotes":""},"categories":[37,23,18,24,28],"tags":[],"class_list":["post-2854","post","type-post","status-publish","format-standard","hentry","category-agents-civics","category-estacions-zona-bus","category-grua-municipal","category-park-guell","category-salut-laboral","generate-columns","tablet-grid-50","mobile-grid-100","grid-parent","grid-33"],"_links":{"self":[{"href":"https:\/\/ccoo.app\/barcelona-serveis-municipals\/wp-json\/wp\/v2\/posts\/2854","targetHints":{"allow":["GET"]}}],"collection":[{"href":"https:\/\/ccoo.app\/barcelona-serveis-municipals\/wp-json\/wp\/v2\/posts"}],"about":[{"href":"https:\/\/ccoo.app\/barcelona-serveis-municipals\/wp-json\/wp\/v2\/types\/post"}],"author":[{"embeddable":true,"href":"https:\/\/ccoo.app\/barcelona-serveis-municipals\/wp-json\/wp\/v2\/users\/4886"}],"replies":[{"embeddable":true,"href":"https:\/\/ccoo.app\/barcelona-serveis-municipals\/wp-json\/wp\/v2\/comments?post=2854"}],"version-history":[{"count":1,"href":"https:\/\/ccoo.app\/barcelona-serveis-municipals\/wp-json\/wp\/v2\/posts\/2854\/revisions"}],"predecessor-version":[{"id":3445,"href":"https:\/\/ccoo.app\/barcelona-serveis-municipals\/wp-json\/wp\/v2\/posts\/2854\/revisions\/3445"}],"wp:attachment":[{"href":"https:\/\/ccoo.app\/barcelona-serveis-municipals\/wp-json\/wp\/v2\/media?parent=2854"}],"wp:term":[{"taxonomy":"category","embeddable":true,"href":"https:\/\/ccoo.app\/barcelona-serveis-municipals\/wp-json\/wp\/v2\/categories?post=2854"},{"taxonomy":"post_tag","embeddable":true,"href":"https:\/\/ccoo.app\/barcelona-serveis-municipals\/wp-json\/wp\/v2\/tags?post=2854"}],"curies":[{"name":"wp","href":"https:\/\/api.w.org\/{rel}","templated":true}]}}