{"id":2853,"date":"2019-11-15T20:37:00","date_gmt":"2019-11-15T19:37:00","guid":{"rendered":"https:\/\/ccoo.app\/barcelona-serveis-municipals\/informacio-pressupost-bsm-2020\/"},"modified":"2023-05-25T11:21:44","modified_gmt":"2023-05-25T09:21:44","slug":"informacio-pressupost-bsm-2020","status":"publish","type":"post","link":"https:\/\/ccoo.app\/barcelona-serveis-municipals\/informacio-pressupost-bsm-2020\/","title":{"rendered":"Informaci\u00f3 Pressupost B:SM 2020"},"content":{"rendered":"<div style=\"clear: both;text-align: center\"><a style=\"margin-left: 1em;margin-right: 1em\" href=\"https:\/\/1.bp.blogspot.com\/-kc3XhqSs5nQ\/Xc7vKkP8ViI\/AAAAAAAABX0\/lyIZQgexoZgFC6ikYAtkeJOTZHwDDGAWgCLcBGAsYHQ\/s1600\/Logo%2BComit%25C3%25A9%2BEmpresa.png\"><img loading=\"lazy\" decoding=\"async\" src=\"https:\/\/1.bp.blogspot.com\/-kc3XhqSs5nQ\/Xc7vKkP8ViI\/AAAAAAAABX0\/lyIZQgexoZgFC6ikYAtkeJOTZHwDDGAWgCLcBGAsYHQ\/s400\/Logo%2BComit%25C3%25A9%2BEmpresa.png\" width=\"400\" height=\"151\" border=\"0\" data-original-height=\"422\" data-original-width=\"1090\" \/><\/a><\/div>\n<div style=\"text-align: justify\">Ahir dijous 14 de novembre, el Comit\u00e8 d&#8217;empresa fou citat per la Direcci\u00f3 General de B:SM per a tractar els pressupostos per a l&#8217;any vinent. Us detallem els aspectes m\u00e9s rellevants de la reuni\u00f3:<\/div>\n<ul>\n<li style=\"text-align: justify\">La Direcci\u00f3 anuncia que el servei de Visualitzadors es mantindr\u00e0 fins el 26 d&#8217;abril amb l\u2019actual plantilla, per aleshores posar fi a l\u2019enc\u00e0rrec que es va rebre en el seu dia per part de l\u2019Ajuntament, que assumir\u00e0 el servei de visualitzaci\u00f3 de HUT a partir del mes de maig. La Direcci\u00f3 recorda que els treballadors eren coneixedors del tipus de contracte que van signar i que l\u2019Ajuntament es va comprometre a comptar amb els treballadors que no poguessin continuar a B:SM. El Comit\u00e8 d&#8217;empresa, hem demanat que es compti amb aquest personal per poder continuar treballant a B:SM, per\u00f2 Direcci\u00f3 no es compromet en res concret.<\/li>\n<\/ul>\n<div style=\"text-align: justify\">\n<ul>\n<li>Hem rebut una explicaci\u00f3 dels pressupostos m\u00e9s centrada en les l\u00ednies estrat\u00e8giques del que ha de ser B:SM ara i en el futur, sense profunditzar en cap mena de detall, fins al punt que el pressupost d\u2019Agents C\u00edvics i Visualitzadors no s\u2019ha explicat. A m\u00e9s, el fet de no haver rebut cap mena de document previ a la reuni\u00f3, i tampoc durant el transcurs d\u2019aquesta, ens imposibilita poder valorar el pressupost, almenys fins que rebem el document per a poder estudiar-lo.<\/li>\n<\/ul>\n<\/div>\n<div style=\"text-align: justify\">\n<ul>\n<li>Cal afegir que, al llarg de tota la exposici\u00f3, no s\u2019ha fet cap esment a la evoluci\u00f3 de la plantilla de treballadors per al 2020. Fet preocupant i que ens fa dubtar de la pol\u00edtica de contractaci\u00f3 que porta a terme la Direcci\u00f3 de l&#8217;empresa. Hem manifestat el nostre desacord, amb la manera de gestionar aquesta informaci\u00f3, aix\u00ed com tamb\u00e9 hem traslladat la prec\u00e0ria pol\u00edtica de contractaci\u00f3 per part de la Direcci\u00f3 de l&#8217;empresa els \u00faltims anys. La Direcci\u00f3 recull les nostres queixes i proposa realitzar una reuni\u00f3 monogr\u00e0fica sobre contractacions.<\/li>\n<\/ul>\n<\/div>\n<div style=\"text-align: justify\">\n<ul>\n<li>Tamb\u00e9 hem manifestat diverses queixes, relatives a condicions concretes de llocs de treball com el CSO i dip\u00f2sits de grues, en mat\u00e8ria de seguretat i salut.<\/li>\n<\/ul>\n<\/div>\n<div style=\"text-align: justify\">\n<ul>\n<li>L&#8217;\u00fanica novetat destacable dels pressupostos \u00e9s la inclusi\u00f3 del Port Ol\u00edmpic, com a nova activitat a gestionar per B:SM, a partir de mitjans del 2020.<\/li>\n<\/ul>\n<\/div>\n<div style=\"text-align: justify\">Us mantindrem informats<\/div>\n","protected":false},"excerpt":{"rendered":"<p>Ahir dijous 14 de novembre, el Comit\u00e8 d&#8217;empresa fou citat per la Direcci\u00f3 General de B:SM per a tractar els pressupostos per a l&#8217;any vinent. Us detallem els aspectes m\u00e9s &#8230; <a title=\"Informaci\u00f3 Pressupost B:SM 2020\" class=\"read-more\" href=\"https:\/\/ccoo.app\/barcelona-serveis-municipals\/informacio-pressupost-bsm-2020\/\" aria-label=\"M\u00e9s informaci\u00f3 sobre Informaci\u00f3 Pressupost B:SM 2020\">Read more<\/a><\/p>\n","protected":false},"author":4886,"featured_media":3442,"comment_status":"closed","ping_status":"closed","sticky":false,"template":"","format":"standard","meta":{"footnotes":""},"categories":[17,28,22],"tags":[],"class_list":["post-2853","post","type-post","status-publish","format-standard","has-post-thumbnail","hentry","category-contractacio","category-salut-laboral","category-taules-salarials","generate-columns","tablet-grid-50","mobile-grid-100","grid-parent","grid-33"],"_links":{"self":[{"href":"https:\/\/ccoo.app\/barcelona-serveis-municipals\/wp-json\/wp\/v2\/posts\/2853","targetHints":{"allow":["GET"]}}],"collection":[{"href":"https:\/\/ccoo.app\/barcelona-serveis-municipals\/wp-json\/wp\/v2\/posts"}],"about":[{"href":"https:\/\/ccoo.app\/barcelona-serveis-municipals\/wp-json\/wp\/v2\/types\/post"}],"author":[{"embeddable":true,"href":"https:\/\/ccoo.app\/barcelona-serveis-municipals\/wp-json\/wp\/v2\/users\/4886"}],"replies":[{"embeddable":true,"href":"https:\/\/ccoo.app\/barcelona-serveis-municipals\/wp-json\/wp\/v2\/comments?post=2853"}],"version-history":[{"count":1,"href":"https:\/\/ccoo.app\/barcelona-serveis-municipals\/wp-json\/wp\/v2\/posts\/2853\/revisions"}],"predecessor-version":[{"id":3443,"href":"https:\/\/ccoo.app\/barcelona-serveis-municipals\/wp-json\/wp\/v2\/posts\/2853\/revisions\/3443"}],"wp:featuredmedia":[{"embeddable":true,"href":"https:\/\/ccoo.app\/barcelona-serveis-municipals\/wp-json\/wp\/v2\/media\/3442"}],"wp:attachment":[{"href":"https:\/\/ccoo.app\/barcelona-serveis-municipals\/wp-json\/wp\/v2\/media?parent=2853"}],"wp:term":[{"taxonomy":"category","embeddable":true,"href":"https:\/\/ccoo.app\/barcelona-serveis-municipals\/wp-json\/wp\/v2\/categories?post=2853"},{"taxonomy":"post_tag","embeddable":true,"href":"https:\/\/ccoo.app\/barcelona-serveis-municipals\/wp-json\/wp\/v2\/tags?post=2853"}],"curies":[{"name":"wp","href":"https:\/\/api.w.org\/{rel}","templated":true}]}}