{"id":2852,"date":"2019-11-19T21:34:00","date_gmt":"2019-11-19T20:34:00","guid":{"rendered":"https:\/\/ccoo.app\/barcelona-serveis-municipals\/informacio-civics-i-visualitzadors\/"},"modified":"2023-05-25T11:15:15","modified_gmt":"2023-05-25T09:15:15","slug":"informacio-civics-i-visualitzadors","status":"publish","type":"post","link":"https:\/\/ccoo.app\/barcelona-serveis-municipals\/informacio-civics-i-visualitzadors\/","title":{"rendered":"Informaci\u00f3 C\u00edvics i Visualitzadors"},"content":{"rendered":"<div style=\"text-align: justify\">\nCelebrada el dia 19 de novembre una reuni\u00f3 amb la Unitat d\u2019Agents C\u00edvics i Visualitzadors i Recursos Humans, us volem fer arribar les seg\u00fcents reflexions:<\/div>\n<div style=\"text-align: justify\"><\/div>\n<div style=\"text-align: justify\">\n<b>1. Estem DETERMINADAMENT EN CONTRA de la PRIVATITZACI\u00d3 DE SERVEIS P\u00daBLICS<\/b>, i per tant, ens oposarem a la externalitzaci\u00f3 del servei de visualitzaci\u00f3 de HUT que l\u2019Ajuntament planeja dur a terme.&nbsp;<\/div>\n<div style=\"text-align: justify\">\n<b>NO PODEM ENTENDRE<\/b> com un Govern progressista pot prioritzar la privatitzaci\u00f3 de serveis per la via de les externalitzacions per davant de la qualitat d\u2019un servei p\u00fablic avalat per tots els agents implicats en la inspecci\u00f3 i control de les activitats i estades tur\u00edstiques.<\/div>\n<div style=\"text-align: justify\"><\/div>\n<div style=\"text-align: justify\">\n<b>2. ADVERTIM&nbsp;<\/b>que&nbsp;la contractaci\u00f3 temporal en el cos d\u2019Agents C\u00edvics, <b>61% de la plantilla<\/b>, representa un nivell inadmissible, lluny del 15% de temporalitat predeterminat per a la contractaci\u00f3 de qualitat a B:SM, i que aquests nivells de temporalitat representen un <b>RISC PSICOSOCIAL derivat de l\u2019organitzaci\u00f3 del treball<\/b> on la empresa no est\u00e0 prenent mesures per a resoldre\u2019l, incomplint per tant l\u2019article 15.1 de la Llei de Prevenci\u00f3 de Riscos Laborals.<\/div>\n<div style=\"text-align: justify\"><\/div>\n<div style=\"text-align: justify\">\n<b>3. ENS PREOCUPA<\/b> que l\u2019enc\u00e0rrec d\u2019Agents C\u00edvics anunciat sigui per a una estructura m\u00ednima de 60 agents quan l\u2019actual enc\u00e0rrec contemplava una estructura m\u00ednima de 75 agents, tenint en compte que <b>per al proper any hi haur\u00e0 un augment de la taxa tur\u00edstica que no ha estat proporcional en el pressupost per a Agents C\u00edvics.<\/b><\/div>\n<div style=\"text-align: justify\"><\/div>\n<div style=\"text-align: justify\">\n<b>4. DETECTEM <\/b>un&nbsp;greu problema en la contractaci\u00f3 indefinida segons el Grup Professional i <b>ESTUDIAREM JUR\u00cdDICAMENT<\/b> les irregularitats que puguin esdevenir dels contractes temporals dels companys i companyes per a <b>EMPLA\u00c7AR<\/b> a tots els treballadors i treballadores a realitzar les <b>ACCIONS SINDICALS pertinents i les DEN\u00daNCIES oportunes.<\/b><\/div>\n<div style=\"text-align: justify\"><\/div>\n<div style=\"text-align: justify\"><\/div>\n<div style=\"text-align: justify\">\n<div style=\"text-align: right\">\n<b>LA LLUITA CONTINUA<\/b><\/div>\n<\/div>\n","protected":false},"excerpt":{"rendered":"<p>Celebrada el dia 19 de novembre una reuni\u00f3 amb la Unitat d\u2019Agents C\u00edvics i Visualitzadors i Recursos Humans, us volem fer arribar les seg\u00fcents reflexions: 1. Estem DETERMINADAMENT EN CONTRA &#8230; <a title=\"Informaci\u00f3 C\u00edvics i Visualitzadors\" class=\"read-more\" href=\"https:\/\/ccoo.app\/barcelona-serveis-municipals\/informacio-civics-i-visualitzadors\/\" aria-label=\"M\u00e9s informaci\u00f3 sobre Informaci\u00f3 C\u00edvics i Visualitzadors\">Read more<\/a><\/p>\n","protected":false},"author":4886,"featured_media":0,"comment_status":"closed","ping_status":"closed","sticky":false,"template":"","format":"standard","meta":{"footnotes":""},"categories":[37,17],"tags":[],"class_list":["post-2852","post","type-post","status-publish","format-standard","hentry","category-agents-civics","category-contractacio","generate-columns","tablet-grid-50","mobile-grid-100","grid-parent","grid-33"],"_links":{"self":[{"href":"https:\/\/ccoo.app\/barcelona-serveis-municipals\/wp-json\/wp\/v2\/posts\/2852","targetHints":{"allow":["GET"]}}],"collection":[{"href":"https:\/\/ccoo.app\/barcelona-serveis-municipals\/wp-json\/wp\/v2\/posts"}],"about":[{"href":"https:\/\/ccoo.app\/barcelona-serveis-municipals\/wp-json\/wp\/v2\/types\/post"}],"author":[{"embeddable":true,"href":"https:\/\/ccoo.app\/barcelona-serveis-municipals\/wp-json\/wp\/v2\/users\/4886"}],"replies":[{"embeddable":true,"href":"https:\/\/ccoo.app\/barcelona-serveis-municipals\/wp-json\/wp\/v2\/comments?post=2852"}],"version-history":[{"count":1,"href":"https:\/\/ccoo.app\/barcelona-serveis-municipals\/wp-json\/wp\/v2\/posts\/2852\/revisions"}],"predecessor-version":[{"id":3440,"href":"https:\/\/ccoo.app\/barcelona-serveis-municipals\/wp-json\/wp\/v2\/posts\/2852\/revisions\/3440"}],"wp:attachment":[{"href":"https:\/\/ccoo.app\/barcelona-serveis-municipals\/wp-json\/wp\/v2\/media?parent=2852"}],"wp:term":[{"taxonomy":"category","embeddable":true,"href":"https:\/\/ccoo.app\/barcelona-serveis-municipals\/wp-json\/wp\/v2\/categories?post=2852"},{"taxonomy":"post_tag","embeddable":true,"href":"https:\/\/ccoo.app\/barcelona-serveis-municipals\/wp-json\/wp\/v2\/tags?post=2852"}],"curies":[{"name":"wp","href":"https:\/\/api.w.org\/{rel}","templated":true}]}}