{"id":2851,"date":"2019-11-21T13:29:00","date_gmt":"2019-11-21T12:29:00","guid":{"rendered":"https:\/\/ccoo.app\/barcelona-serveis-municipals\/los-dichosos-parquimetros\/"},"modified":"2023-05-25T11:13:28","modified_gmt":"2023-05-25T09:13:28","slug":"los-dichosos-parquimetros","status":"publish","type":"post","link":"https:\/\/ccoo.app\/barcelona-serveis-municipals\/los-dichosos-parquimetros\/","title":{"rendered":"Los &#8220;Dichosos&#8221; Parqu\u00edmetros"},"content":{"rendered":"<div style=\"clear: both;text-align: center\"><a style=\"clear: left;float: left;margin-bottom: 1em;margin-right: 1em\" href=\"https:\/\/1.bp.blogspot.com\/-lly7yM_1_NI\/XdZraq8RtCI\/AAAAAAAABYM\/0_H9qW39LJM3sbVTLIQPP71xucp1pRQJwCLcBGAsYHQ\/s1600\/78058708-5d69-494f-ba76-02a3abb3413a.jpg\"><img loading=\"lazy\" decoding=\"async\" src=\"https:\/\/1.bp.blogspot.com\/-lly7yM_1_NI\/XdZraq8RtCI\/AAAAAAAABYM\/0_H9qW39LJM3sbVTLIQPP71xucp1pRQJwCLcBGAsYHQ\/s200\/78058708-5d69-494f-ba76-02a3abb3413a.jpg\" width=\"150\" height=\"200\" border=\"0\" data-original-height=\"1600\" data-original-width=\"1200\" \/><\/a><\/div>\n<div style=\"text-align: justify\">Desde hace aproximadamente una semana, se est\u00e1n instalando por fin, los &#8220;dichosos&#8221; nuevos parqu\u00edmetros, que se licitaron en 2016 y se adjudicaron el 05\/01\/2017 a la UTE PARKEON, SAS-PARKEON, SL por un importe de m\u00e1s de 13 millones incluyendo IVA, por un periodo de 5 a\u00f1os y 6 meses.<\/div>\n<div style=\"text-align: justify\"><\/div>\n<div style=\"text-align: justify\">Hasta aqu\u00ed, la \u00fanica informaci\u00f3n relevante era la cantidad econ\u00f3mica, que si bien, puede parecer elevada, no lo es tanto, si comparamos el precio final adjudicado, respecto al precio de licitaci\u00f3n ofertado, el cu\u00e1l era de m\u00e1s de <b>25 millones de euros<\/b> incluyendo IVA. Aqu\u00ed bien cabe una reflexi\u00f3n, ya que del precio licitado respecto al adjudicado, supuso <b>una baja desproporcionada de casi el 50%<\/b>, lo cu\u00e1l la Direcci\u00f3n de B:SM, justific\u00f3 por ser y cito textualmente: <i>&#8220;&#8230;\u00e9s seriosa, viable i justifica l&#8217;equilibri econ\u00f2mic entre ingressos i costos de l&#8217;empresa proporcionant el corresponent benefici econ\u00f2mic.&#8221;; <\/i>por<i>\u00a0<\/i>lo cu\u00e1l no entendemos dicha justificaci\u00f3n, debido a los problemas generados por estos parqu\u00edmetros, durante casi 3 a\u00f1os que llevan realiz\u00e1ndoles pruebas en oficinas y almacenados el resto sin darle uso alguno.<\/div>\n<div style=\"text-align: justify\"><\/div>\n<div style=\"text-align: justify\"><a style=\"clear: right;float: right;margin-bottom: 1em;margin-left: 1em\" href=\"https:\/\/1.bp.blogspot.com\/-aTyhDlWfL0s\/XdZrwO2_XXI\/AAAAAAAABYU\/9nOH_zq4olcuqtX9DCqDM31NCjr7AJdYgCLcBGAsYHQ\/s1600\/Cronograma.png\"><img loading=\"lazy\" decoding=\"async\" style=\"cursor: move\" src=\"https:\/\/1.bp.blogspot.com\/-aTyhDlWfL0s\/XdZrwO2_XXI\/AAAAAAAABYU\/9nOH_zq4olcuqtX9DCqDM31NCjr7AJdYgCLcBGAsYHQ\/s200\/Cronograma.png\" width=\"200\" height=\"113\" border=\"0\" data-original-height=\"364\" data-original-width=\"643\" \/><\/a>Como cronolog\u00eda, indicar que los parqu\u00edmetros deb\u00edan haber sido instalados, en <b>agosto del 2017,\u00a0<\/b>como fecha m\u00e1xima, siendo a noviembre de 2019, cuando se est\u00e1n instalando.<\/div>\n<div style=\"text-align: justify\"><\/div>\n<div style=\"text-align: justify\"><\/div>\n<div style=\"text-align: justify\"><\/div>\n<div style=\"text-align: justify\"><a style=\"clear: left;float: left;margin-bottom: 1em;margin-right: 1em\" href=\"https:\/\/1.bp.blogspot.com\/--VCpqCGCkNo\/XdZmDkXLdvI\/AAAAAAAABYA\/o3YgM7_GTXkOSMjpRs3azEydxnLhgSO_QCLcBGAsYHQ\/s1600\/4f750910-c542-47e1-b0a7-8d4c33c9feaa.jpg\"><img loading=\"lazy\" decoding=\"async\" style=\"cursor: move\" src=\"https:\/\/1.bp.blogspot.com\/--VCpqCGCkNo\/XdZmDkXLdvI\/AAAAAAAABYA\/o3YgM7_GTXkOSMjpRs3azEydxnLhgSO_QCLcBGAsYHQ\/s200\/4f750910-c542-47e1-b0a7-8d4c33c9feaa.jpg\" width=\"150\" height=\"200\" border=\"0\" data-original-height=\"1600\" data-original-width=\"1200\" \/><\/a>Volviendo a la actualidad, estamos observando como despu\u00e9s de instalar los nuevos parqu\u00edmetros y habiendo pasado ya algunos dias en algunos de ellos, nos encontramos la sorpresa, de que <b>siguen sin funcionar<\/b> la mayor\u00eda de ellos, unos fuera de servicio, otros con un <i>&#8220;relojito&#8221;<\/i> dando vueltas en la pantalla, otros que directamente no arrancan y algunos, s\u00f3lo algunos, funcionan sin garantizarnos a los vigilantes que podamos fiarnos de si se han sincronizado bien los datos y nos consten en nuestros terminales de trabajo.<\/div>\n<div style=\"text-align: justify\"><\/div>\n<div style=\"text-align: justify\"><\/div>\n<div style=\"text-align: justify\"><\/div>\n<div style=\"text-align: justify\">Esta secci\u00f3n sindical de CCOO_BSM, se hace las siguientes preguntas:<\/div>\n<ol>\n<li style=\"text-align: justify\">\u00bfPorqu\u00e9 se acept\u00f3 en su dia una oferta, que era notoriamente <b>baja desproporcionada<\/b>, de casi el 50%, con lo que podr\u00eda acarrear en un futuro?<\/li>\n<li style=\"text-align: justify\">\u00bfPara qu\u00e9 han estado <b>durante a\u00f1os haciendo pruebas<\/b> a los parqu\u00edmetros, seg\u00fan la Direcci\u00f3n para garantizar que se instalaran en la calle, al 100% operativos, y se instalan con los mismos fallos detectados?<\/li>\n<li style=\"text-align: justify\">\u00bfC\u00f3mo pretenden que los vigilantes <b>demos la cara<\/b>, ante tal lamentable servicio al ciudadano?<\/li>\n<li style=\"text-align: justify\">\u00bfHan <b>penalizado<\/b> a la empresa adjudicataria, por los continuos fallos y retrasos en instalar estos parqu\u00edmetros, en la ciudad de Barcelona?<\/li>\n<li style=\"text-align: justify\">\u00bfQuienes son los <b>responsables<\/b> de esta aut\u00e9ntica chapuza?<\/li>\n<li style=\"text-align: justify\">\u00bfHa tomado alguna medida la Direcci\u00f3n de B:SM, con los responsables de este <b>malgasto<\/b> de dinero p\u00fablico?<\/li>\n<\/ol>\n<div style=\"text-align: justify\">Un par de reflexiones que consideramos importante, dada la trascendencia de esta problem\u00e1tica:<\/div>\n<div>\n<ol>\n<li style=\"text-align: justify\"><b>No se pueden aceptar ofertas<\/b> tan desproporcionadas o bajas, ya que luego ocurre este desprop\u00f3sito.<\/li>\n<li style=\"text-align: justify\">Los trabajadores y trabajadoras de B:SM, entendemos que a esta Direcci\u00f3n de B:SM <b>les ha superado un proyecto tan importante<\/b> y nos cansa observar como este enorme desprop\u00f3sito, no tiene consecuencias, utilizando una vara de medir diferente a la que se encuentran los trabajadores.<\/li>\n<\/ol>\n<div style=\"clear: both;text-align: center\"><a style=\"clear: right;float: right;margin-bottom: 1em;margin-left: 1em\" href=\"https:\/\/1.bp.blogspot.com\/-QbEKY9yuoOc\/XdZvz5viSII\/AAAAAAAABYs\/HSm-mlGzQBY8dkWGjOoOqEJ_rZfk69twwCLcBGAsYHQ\/s1600\/895ed3c7-e6dd-4bd7-980e-e5d39940228a.jpg\"><img loading=\"lazy\" decoding=\"async\" src=\"https:\/\/1.bp.blogspot.com\/-QbEKY9yuoOc\/XdZvz5viSII\/AAAAAAAABYs\/HSm-mlGzQBY8dkWGjOoOqEJ_rZfk69twwCLcBGAsYHQ\/s200\/895ed3c7-e6dd-4bd7-980e-e5d39940228a.jpg\" width=\"150\" height=\"200\" border=\"0\" data-original-height=\"1600\" data-original-width=\"1200\" \/><\/a><\/div>\n<div style=\"text-align: justify\">Por \u00faltimo y no menos importante, estos dias estamos volviendo a ver c\u00f3mo se utiliza a personal propio del departamento de AREA, para realizar otras tareas vinculadas a los nuevos parqu\u00edmetros y se dejan de cubrir m\u00e1s zonas y dar menos servicios, lo cu\u00e1l a esta Direcci\u00f3n de B:SM, parece no importarles, pero en cambio si que les importa, <b>dejar sin sus vacaciones<\/b> solicitadas a 10 personas, mientras ced\u00edan a 5 en verano a otra unidad o mandar a 12 personas a <b>dep\u00f3sitos en la otra punta de Barcelona <\/b>de donde lo hab\u00edan solicitado, para <i>&#8220;ayudarles&#8221;<\/i> en su conciliaci\u00f3n familiar. Aqu\u00ed es d\u00f3nde esta Direcci\u00f3n de B:SM demuestra su talante con el colectivo de trabajadores de AREA y les avanzamos que desde la parte que nos corresponde, como representantes sindicales, <b>se nos ha acabado la tolerancia<\/b> hacia quien s\u00f3lo castiga y nunca premia a un colectivo que d\u00eda tras d\u00eda demostramos sobradamente ser <b>inmensamente m\u00e1s profesionales que toda la Direcci\u00f3n de B:SM junta.<\/b><\/div>\n<div style=\"text-align: justify\"><\/div>\n<div style=\"text-align: justify\">Compa\u00f1eros\/as, nos esperan tiempos de cambios y desde aqu\u00ed os decimos que est\u00e9is tranquilos, ya que o los realizan <b>con nosotros o contra nosotros<\/b> y ah\u00ed nos tendr\u00e1n enfrente como no puede ser de otra manera.<\/div>\n<div><\/div>\n<div>Os seguiremos informando<\/div>\n<\/div>\n<div><\/div>\n<div><a href=\"https:\/\/contractaciopublica.gencat.cat\/ecofin_pscp\/AppJava\/notice.pscp?reqCode=viewCn&amp;idDoc=18871793\" target=\"_blank\" rel=\"noopener\"><span style=\"font-size: x-small\">Enlace a toda la documentaci\u00f3n relacionada con la adjudicaci\u00f3n de los parqu\u00edmetros<\/span><\/a><\/div>\n","protected":false},"excerpt":{"rendered":"<p>Desde hace aproximadamente una semana, se est\u00e1n instalando por fin, los &#8220;dichosos&#8221; nuevos parqu\u00edmetros, que se licitaron en 2016 y se adjudicaron el 05\/01\/2017 a la UTE PARKEON, SAS-PARKEON, SL &#8230; <a title=\"Los &#8220;Dichosos&#8221; Parqu\u00edmetros\" class=\"read-more\" href=\"https:\/\/ccoo.app\/barcelona-serveis-municipals\/los-dichosos-parquimetros\/\" aria-label=\"M\u00e9s informaci\u00f3 sobre Los &#8220;Dichosos&#8221; Parqu\u00edmetros\">Read more<\/a><\/p>\n","protected":false},"author":4886,"featured_media":0,"comment_status":"closed","ping_status":"closed","sticky":false,"template":"","format":"standard","meta":{"footnotes":""},"categories":[1],"tags":[],"class_list":["post-2851","post","type-post","status-publish","format-standard","hentry","category-sin-categoria","generate-columns","tablet-grid-50","mobile-grid-100","grid-parent","grid-33"],"_links":{"self":[{"href":"https:\/\/ccoo.app\/barcelona-serveis-municipals\/wp-json\/wp\/v2\/posts\/2851","targetHints":{"allow":["GET"]}}],"collection":[{"href":"https:\/\/ccoo.app\/barcelona-serveis-municipals\/wp-json\/wp\/v2\/posts"}],"about":[{"href":"https:\/\/ccoo.app\/barcelona-serveis-municipals\/wp-json\/wp\/v2\/types\/post"}],"author":[{"embeddable":true,"href":"https:\/\/ccoo.app\/barcelona-serveis-municipals\/wp-json\/wp\/v2\/users\/4886"}],"replies":[{"embeddable":true,"href":"https:\/\/ccoo.app\/barcelona-serveis-municipals\/wp-json\/wp\/v2\/comments?post=2851"}],"version-history":[{"count":1,"href":"https:\/\/ccoo.app\/barcelona-serveis-municipals\/wp-json\/wp\/v2\/posts\/2851\/revisions"}],"predecessor-version":[{"id":3438,"href":"https:\/\/ccoo.app\/barcelona-serveis-municipals\/wp-json\/wp\/v2\/posts\/2851\/revisions\/3438"}],"wp:attachment":[{"href":"https:\/\/ccoo.app\/barcelona-serveis-municipals\/wp-json\/wp\/v2\/media?parent=2851"}],"wp:term":[{"taxonomy":"category","embeddable":true,"href":"https:\/\/ccoo.app\/barcelona-serveis-municipals\/wp-json\/wp\/v2\/categories?post=2851"},{"taxonomy":"post_tag","embeddable":true,"href":"https:\/\/ccoo.app\/barcelona-serveis-municipals\/wp-json\/wp\/v2\/tags?post=2851"}],"curies":[{"name":"wp","href":"https:\/\/api.w.org\/{rel}","templated":true}]}}