{"id":2850,"date":"2019-12-11T10:39:00","date_gmt":"2019-12-11T09:39:00","guid":{"rendered":"https:\/\/ccoo.app\/barcelona-serveis-municipals\/prioridades-e-incongruencias-en-la-uoer\/"},"modified":"2023-05-25T11:06:22","modified_gmt":"2023-05-25T09:06:22","slug":"prioridades-e-incongruencias-en-la-uoer","status":"publish","type":"post","link":"https:\/\/ccoo.app\/barcelona-serveis-municipals\/prioridades-e-incongruencias-en-la-uoer\/","title":{"rendered":"Prioridades e incongruencias en la UOER"},"content":{"rendered":"<div style=\"font-family: Arial;line-height: normal;text-align: justify\">Ciertamente en las relaciones interpersonales, ayuda \u00e9l entender lo que a uno se le pide.<\/div>\n<div style=\"font-family: Arial;line-height: normal;text-align: justify\">En las relaciones entre trabajador\/a y comit\u00e9 de empresa o secciones sindicales, con la \u00a0 empresa o el departamento o la unidad, si entiendes el motivo de lo que te demanda, puedes f\u00e1cilmente cumplirlo si est\u00e1s de acuerdo, o argumentar en contra, recurrir impugnar, etc.. si disientes.<\/div>\n<div><\/div>\n<div style=\"font-family: Arial;line-height: normal;text-align: justify\">De un tiempo a esta parte hay actuaciones de la UOER que no entendemos y nos extra\u00f1an:<\/div>\n<div style=\"font-family: Arial;line-height: normal;min-height: 14px;text-align: justify\"><\/div>\n<div style=\"font-family: Arial;line-height: normal;text-align: justify\">&#8211; Si bien la devoluci\u00f3n\u00a0 de los polos de verano, por ser EPIS CADUCADOS del 2017 y anteriores no es exclusiva de la UOER, el fen\u00f3meno es cuanto menos extra\u00f1o, m\u00e1s a\u00fan cuando los ABRIGOS y los WINDSTOPPER, cuyas fechas de entrega son incluso anteriores nos los quedamos de manera PERENNE.<\/div>\n<div style=\"font-family: Arial;line-height: normal;min-height: 14px;text-align: justify\"><\/div>\n<div style=\"font-family: Arial;line-height: normal;text-align: justify\">&#8211; Arranca el SCANCAR y las motos FOLLOWERS, con personal voluntario y se instalan estantes para los cascos, sabiendo que tienen pendiente negociarlo con el Comit\u00e9. \u00bfTanto les cuesta esperar a negociar?<\/div>\n<div style=\"font-family: Arial;line-height: normal;min-height: 14px;text-align: justify\"><\/div>\n<div style=\"font-family: Arial;line-height: normal;text-align: justify\">-Se adjudican vacaciones, minis, app, pnr, puentes, etc..\u00a0 siempre limitando el derecho del trabajador\/a, ampar\u00e1ndose en cumplir el servicio (l\u00f3gico) y acto seguido se cede al personal all\u00ed donde se requiere <b>\u00bfya da igual no cubrir el servicio en la calle?<\/b>. \u00a1\u00a1\u00a1EN FIN\u2026!!!<\/div>\n<div style=\"font-family: Arial;line-height: normal;min-height: 14px;text-align: justify\"><\/div>\n<div style=\"font-family: Arial;line-height: normal;text-align: justify\">Ahora lo que ya realmente, aparte de no entendible, molesta profundamente a\u00a0 muchos vigilantes en general y a esta secci\u00f3n en particular es que dado lo compleja y lenta que est\u00e1 siendo la instalaci\u00f3n de los nuevos parqu\u00edmetros, haya varias decenas de compa\u00f1eros que en aras al buen funcionamiento de estos nuevos parqu\u00edmetros no controlan las zonas, cuando en la elecci\u00f3n de centro de trabajo se <b>perjudic\u00f3 cambiando de macro a una decena de trabajadores<\/b>, por cubrir con precisi\u00f3n de relojero \u00e9stas.<\/div>\n<div style=\"font-family: Arial;line-height: normal;min-height: 14px;text-align: justify\"><\/div>\n<div style=\"font-family: Arial;line-height: normal;text-align: justify\">En definitiva se cambia a una decena de personas por un desequilibrio entre Bes\u00f2s y Llobregat,\u00a0 se mueve a la\u00a0 gente en los dos sentidos, encima bas\u00e1ndose en argumentos tan arbitrarios como la elecci\u00f3n del turno de tarde y un n\u00famero de orden (cuyo funcionamiento es misterioso y caprichoso) y\u00a0 ahora entre los compa\u00f1eros que instalan parqu\u00edmetros (nada que objetar a esa funci\u00f3n) m\u00e1s los cedidos a otras unidades a largo, a medio o a corto plazo (otra vez nada que criticar a los compa\u00f1eros que lo han elegido) ,estamos en cuadro, <b>\u00bfno importa que se cubra el servicio del estacionamiento?<\/b>.<\/div>\n<div style=\"font-family: Arial;line-height: normal;min-height: 14px;text-align: justify\"><\/div>\n<div style=\"font-family: Arial;line-height: normal;text-align: justify\">\u00bfNadie al mando de la UOER piensa que igual perjudicar con el cambio de macro a una decena de compa\u00f1eros <b>fue INNECESARIO<\/b>?<\/div>\n<div><\/div>\n<div style=\"font-family: Arial;line-height: normal;text-align: justify\">Esperemos que la pr\u00f3xima elecci\u00f3n de centros, se tenga en cuenta este desbarajuste y no se repita.<\/div>\n","protected":false},"excerpt":{"rendered":"<p>Ciertamente en las relaciones interpersonales, ayuda \u00e9l entender lo que a uno se le pide. En las relaciones entre trabajador\/a y comit\u00e9 de empresa o secciones sindicales, con la \u00a0 &#8230; <a title=\"Prioridades e incongruencias en la UOER\" class=\"read-more\" href=\"https:\/\/ccoo.app\/barcelona-serveis-municipals\/prioridades-e-incongruencias-en-la-uoer\/\" aria-label=\"M\u00e9s informaci\u00f3 sobre Prioridades e incongruencias en la UOER\">Read more<\/a><\/p>\n","protected":false},"author":4886,"featured_media":0,"comment_status":"closed","ping_status":"closed","sticky":false,"template":"","format":"standard","meta":{"footnotes":""},"categories":[1],"tags":[],"class_list":["post-2850","post","type-post","status-publish","format-standard","hentry","category-sin-categoria","generate-columns","tablet-grid-50","mobile-grid-100","grid-parent","grid-33"],"_links":{"self":[{"href":"https:\/\/ccoo.app\/barcelona-serveis-municipals\/wp-json\/wp\/v2\/posts\/2850","targetHints":{"allow":["GET"]}}],"collection":[{"href":"https:\/\/ccoo.app\/barcelona-serveis-municipals\/wp-json\/wp\/v2\/posts"}],"about":[{"href":"https:\/\/ccoo.app\/barcelona-serveis-municipals\/wp-json\/wp\/v2\/types\/post"}],"author":[{"embeddable":true,"href":"https:\/\/ccoo.app\/barcelona-serveis-municipals\/wp-json\/wp\/v2\/users\/4886"}],"replies":[{"embeddable":true,"href":"https:\/\/ccoo.app\/barcelona-serveis-municipals\/wp-json\/wp\/v2\/comments?post=2850"}],"version-history":[{"count":1,"href":"https:\/\/ccoo.app\/barcelona-serveis-municipals\/wp-json\/wp\/v2\/posts\/2850\/revisions"}],"predecessor-version":[{"id":3436,"href":"https:\/\/ccoo.app\/barcelona-serveis-municipals\/wp-json\/wp\/v2\/posts\/2850\/revisions\/3436"}],"wp:attachment":[{"href":"https:\/\/ccoo.app\/barcelona-serveis-municipals\/wp-json\/wp\/v2\/media?parent=2850"}],"wp:term":[{"taxonomy":"category","embeddable":true,"href":"https:\/\/ccoo.app\/barcelona-serveis-municipals\/wp-json\/wp\/v2\/categories?post=2850"},{"taxonomy":"post_tag","embeddable":true,"href":"https:\/\/ccoo.app\/barcelona-serveis-municipals\/wp-json\/wp\/v2\/tags?post=2850"}],"curies":[{"name":"wp","href":"https:\/\/api.w.org\/{rel}","templated":true}]}}