{"id":2849,"date":"2019-12-19T10:00:00","date_gmt":"2019-12-19T09:00:00","guid":{"rendered":"https:\/\/ccoo.app\/barcelona-serveis-municipals\/condena-eventual-a-los-agents-civics\/"},"modified":"2023-05-25T11:02:11","modified_gmt":"2023-05-25T09:02:11","slug":"condena-eventual-a-los-agents-civics","status":"publish","type":"post","link":"https:\/\/ccoo.app\/barcelona-serveis-municipals\/condena-eventual-a-los-agents-civics\/","title":{"rendered":"Condena Eventual a los Agents C\u00edvics"},"content":{"rendered":"<table style=\"clear: right;float: right;margin-bottom: 1em;text-align: left\" cellspacing=\"0\" cellpadding=\"0\">\n<tbody>\n<tr>\n<td style=\"text-align: center\"><\/td>\n<\/tr>\n<tr>\n<td style=\"text-align: center\"><\/td>\n<\/tr>\n<\/tbody>\n<\/table>\n<p><span style=\", sans-serif;text-align: justify\">A punto de finalizar el a\u00f1o en curso, entramos en aquel periodo en el que nos invade el esp\u00edritu navide\u00f1o, e inevitablemente reflexionamos sobre c\u00f3mo acabamos el a\u00f1o que finaliza en breve con el objetivo de extraer conclusiones para afrontar el pr\u00f3ximo a\u00f1o que vendr\u00e1.<\/span><\/p>\n<div style=\"line-height: normal\"><\/div>\n<div style=\"text-align: justify\">\n<table style=\"float: right;text-align: right\" cellspacing=\"0\" cellpadding=\"0\">\n<tbody>\n<tr>\n<td style=\"text-align: center\"><a style=\"clear: right;margin-bottom: 1em;margin-left: auto;margin-right: auto\" href=\"https:\/\/1.bp.blogspot.com\/-qG-_9C1fvu8\/Xfs3pGEl0_I\/AAAAAAAABZg\/y05ZunDOPJ4aK5iuewu0kVWidW6GrDgBwCLcBGAsYHQ\/s1600\/Captura%2Bde%2BPantalla%2B2019-12-18%2Ba%2Bles%2B8.42.36.png\"><img loading=\"lazy\" decoding=\"async\" src=\"https:\/\/1.bp.blogspot.com\/-qG-_9C1fvu8\/Xfs3pGEl0_I\/AAAAAAAABZg\/y05ZunDOPJ4aK5iuewu0kVWidW6GrDgBwCLcBGAsYHQ\/s320\/Captura%2Bde%2BPantalla%2B2019-12-18%2Ba%2Bles%2B8.42.36.png\" width=\"320\" height=\"221\" border=\"0\" data-original-height=\"363\" data-original-width=\"520\" \/><\/a><\/td>\n<\/tr>\n<tr>\n<td style=\"text-align: center\">Font: Informe ISC 2019 Agents C\u00edvics de Barri.<\/td>\n<\/tr>\n<\/tbody>\n<\/table>\n<p>En el 2020, los Agents C\u00edvics cumplir\u00e1n su <b>quinto a\u00f1o<\/b> de vida. Cinco a\u00f1os dedicados a promover el cumplimiento de la ordenanza de convivencia y las actitudes de comportamiento c\u00edvico en Barcelona. A lo largo de estos a\u00f1os, se ha <b>afianzado<\/b> la necesidad de la figura del Agent C\u00edvic en los barrios con mayor presi\u00f3n tur\u00edstica como la Sagrada Fam\u00edlia, Barceloneta o G\u00f2tic, pero tambi\u00e9n se ha <b>consolidado<\/b> esta figura en barrios donde los problemas de convivencia no est\u00e1n relacionados con el turismo como Trinitat Vella, Bar\u00f3 de Viver y Bon Pastor en Sant Andreu, o el entorno del Parc de les Gl\u00f2ries en Sant Mart\u00ed. Y para muestra, los datos que reflejan el \u00cdndice de Satisfacci\u00f3n Ciudadana, que valora muy positivamente el servicio realizado por Agents C\u00edvics.<\/p>\n<\/div>\n<div style=\"line-height: normal;text-align: justify\">\n<div style=\"text-align: left\"><\/div>\n<\/div>\n<div style=\"text-align: justify\">\n<table style=\"float: left;margin-right: 1em;text-align: left\" cellspacing=\"0\" cellpadding=\"0\">\n<tbody>\n<tr>\n<td style=\"text-align: center\"><a style=\"margin-left: auto;margin-right: auto\" href=\"https:\/\/1.bp.blogspot.com\/-Xp_Pzc3dU00\/Xfs4JhV-QBI\/AAAAAAAABZo\/d6Q1JeIRl7cdYeX1iJ5k18FUDry-TnSpgCLcBGAsYHQ\/s1600\/Captura%2Bde%2BPantalla%2B2019-12-18%2Ba%2Bles%2B8.53.43.png\"><img loading=\"lazy\" decoding=\"async\" src=\"https:\/\/1.bp.blogspot.com\/-Xp_Pzc3dU00\/Xfs4JhV-QBI\/AAAAAAAABZo\/d6Q1JeIRl7cdYeX1iJ5k18FUDry-TnSpgCLcBGAsYHQ\/s320\/Captura%2Bde%2BPantalla%2B2019-12-18%2Ba%2Bles%2B8.53.43.png\" width=\"320\" height=\"190\" border=\"0\" data-original-height=\"307\" data-original-width=\"514\" \/><\/a><\/td>\n<\/tr>\n<tr>\n<td style=\"text-align: center\">Font: Informe ISC 2019 Agents C\u00edvics a les OAC&#8217;s.<\/td>\n<\/tr>\n<\/tbody>\n<\/table>\n<p>As\u00ed como tambi\u00e9n se ha consolidado, al largo de estos a\u00f1os, la necesidad de la figura del Agent C\u00edvic en las <b>Oficines d\u2019Atenci\u00f3 Ciutadana<\/b> del Ajuntament, d\u00f3nde pese a la p\u00e9rdida de funciones derivada de la contrataci\u00f3n de personal de apoyo en los quioscos de tr\u00e1mites para fomentar el conocimiento de la ciudadan\u00eda en tecnolog\u00edas de la informaci\u00f3n, la valoraci\u00f3n del servicio sigue siendo muy positiva.<\/p>\n<\/div>\n<div style=\"text-align: justify\"><\/div>\n<div style=\"line-height: normal;min-height: 14px;text-align: justify\"><\/div>\n<div style=\"line-height: normal;text-align: justify\">Pese a todo lo comentado anteriormente, y la valoraci\u00f3n del servicio recibida por la ciudadan\u00eda, da la sensaci\u00f3n qu\u00e9 <b>ni Ajuntament ni B:SM est\u00e1n comprometidas<\/b> con un servicio tan necesitado como demandado por la ciudad:<\/div>\n<div style=\"line-height: normal;min-height: 14px;text-align: justify\"><\/div>\n<div style=\"line-height: normal;text-align: justify\"><a style=\"clear: right;float: right;margin-bottom: 1em;margin-left: 1em\" href=\"http:\/\/2.bp.blogspot.com\/-Ngxqw1zzChc\/Xfpgg0KykuI\/AAAAAAAABZE\/qcxoXDCylZQRpd5kOGV6pALl-pTTtzt3QCK4BGAYYCw\/s1600\/csm_agents_civics_1_69feabdef4.jpg\"><img loading=\"lazy\" decoding=\"async\" src=\"https:\/\/2.bp.blogspot.com\/-Ngxqw1zzChc\/Xfpgg0KykuI\/AAAAAAAABZE\/qcxoXDCylZQRpd5kOGV6pALl-pTTtzt3QCK4BGAYYCw\/s320\/csm_agents_civics_1_69feabdef4.jpg\" width=\"213\" height=\"320\" border=\"0\" \/><\/a>En el caso del Ajuntament, la figura del Agent C\u00edvic naci\u00f3 de un encargo surgido del consistorio en 2015, inicialmente por un periodo de 3 a\u00f1os prorrogable a 1 a\u00f1os m\u00e1s, pero llegados a finales de 2019, <b>seguimos sin tener un mandato estable<\/b> que permita generar las condiciones necesarias para incidir en la convivencia y el civismo al nivel que le gustar\u00eda a la ciudadan\u00eda.<\/div>\n<div style=\"line-height: normal;min-height: 14px;text-align: justify\"><\/div>\n<div style=\"line-height: normal;text-align: justify\">Por parte de B:SM, el <b>abuso de derecho<\/b> que est\u00e1 practicando con la pol\u00edtica de contrataci\u00f3n, est\u00e1 enquistando en la Unidad de Agents C\u00edvics riesgos psicosociales derivados de la contrataci\u00f3n eventual, llegando a <b>niveles superiores al 60%<\/b> de la plantilla, y generando una rotaci\u00f3n de personal constante para realizar las mismas funciones, con la p\u00e9rdida de continuidad y eficiencia de la labor de los Agents C\u00edvics.<\/div>\n<div style=\"line-height: normal;min-height: 14px;text-align: justify\"><\/div>\n<div style=\"line-height: normal;text-align: justify\">Desde CCOO_B:SM solicitamos al Ajuntament, un <b>mayor compromiso<\/b> con el proyecto de Agents C\u00edvics, para poder afianzar definitivamente un cuerpo p\u00fablico, dedicado a la promoci\u00f3n de la ordenanza de convivencia con las condiciones y herramientas adecuadas. Y a la Direcci\u00f3n de B:SM solicitamos un <b>cambio inmediato en la pol\u00edtica de contrataci\u00f3n<\/b> que permita reducir riesgos psicosociales asociados a la contrataci\u00f3n y establezca la condiciones para consolidar un equipo lo m\u00e1s<b> estable posible<\/b>, eliminando as\u00ed la rotaci\u00f3n de personal destinado a realizar las mismas funciones. Consideramos que reducir la eventualidad en la Unidad es un paso imprescindible para poder consolidar definitivamente el servicio de Agents C\u00edvics, y en ese sentido trabajamos y trabajaremos hasta conseguirlo.<\/div>\n<div style=\"line-height: normal;min-height: 14px;text-align: justify\"><\/div>\n<div style=\"line-height: normal;min-height: 14px;text-align: justify\"><\/div>\n<div style=\"line-height: normal;text-align: justify\">Os seguiremos informando<\/div>\n","protected":false},"excerpt":{"rendered":"<p>A punto de finalizar el a\u00f1o en curso, entramos en aquel periodo en el que nos invade el esp\u00edritu navide\u00f1o, e inevitablemente reflexionamos sobre c\u00f3mo acabamos el a\u00f1o que finaliza &#8230; <a title=\"Condena Eventual a los Agents C\u00edvics\" class=\"read-more\" href=\"https:\/\/ccoo.app\/barcelona-serveis-municipals\/condena-eventual-a-los-agents-civics\/\" aria-label=\"M\u00e9s informaci\u00f3 sobre Condena Eventual a los Agents C\u00edvics\">Read more<\/a><\/p>\n","protected":false},"author":4886,"featured_media":0,"comment_status":"closed","ping_status":"closed","sticky":false,"template":"","format":"standard","meta":{"footnotes":""},"categories":[37,17],"tags":[],"class_list":["post-2849","post","type-post","status-publish","format-standard","hentry","category-agents-civics","category-contractacio","generate-columns","tablet-grid-50","mobile-grid-100","grid-parent","grid-33"],"_links":{"self":[{"href":"https:\/\/ccoo.app\/barcelona-serveis-municipals\/wp-json\/wp\/v2\/posts\/2849","targetHints":{"allow":["GET"]}}],"collection":[{"href":"https:\/\/ccoo.app\/barcelona-serveis-municipals\/wp-json\/wp\/v2\/posts"}],"about":[{"href":"https:\/\/ccoo.app\/barcelona-serveis-municipals\/wp-json\/wp\/v2\/types\/post"}],"author":[{"embeddable":true,"href":"https:\/\/ccoo.app\/barcelona-serveis-municipals\/wp-json\/wp\/v2\/users\/4886"}],"replies":[{"embeddable":true,"href":"https:\/\/ccoo.app\/barcelona-serveis-municipals\/wp-json\/wp\/v2\/comments?post=2849"}],"version-history":[{"count":1,"href":"https:\/\/ccoo.app\/barcelona-serveis-municipals\/wp-json\/wp\/v2\/posts\/2849\/revisions"}],"predecessor-version":[{"id":3434,"href":"https:\/\/ccoo.app\/barcelona-serveis-municipals\/wp-json\/wp\/v2\/posts\/2849\/revisions\/3434"}],"wp:attachment":[{"href":"https:\/\/ccoo.app\/barcelona-serveis-municipals\/wp-json\/wp\/v2\/media?parent=2849"}],"wp:term":[{"taxonomy":"category","embeddable":true,"href":"https:\/\/ccoo.app\/barcelona-serveis-municipals\/wp-json\/wp\/v2\/categories?post=2849"},{"taxonomy":"post_tag","embeddable":true,"href":"https:\/\/ccoo.app\/barcelona-serveis-municipals\/wp-json\/wp\/v2\/tags?post=2849"}],"curies":[{"name":"wp","href":"https:\/\/api.w.org\/{rel}","templated":true}]}}