{"id":2848,"date":"2020-01-07T10:49:00","date_gmt":"2020-01-07T09:49:00","guid":{"rendered":"https:\/\/ccoo.app\/barcelona-serveis-municipals\/la-politica-laboral-dada-colau-respecte-als-visualitzadors-a-bsm\/"},"modified":"2023-05-17T13:15:57","modified_gmt":"2023-05-17T11:15:57","slug":"la-politica-laboral-dada-colau-respecte-als-visualitzadors-a-bsm","status":"publish","type":"post","link":"https:\/\/ccoo.app\/barcelona-serveis-municipals\/la-politica-laboral-dada-colau-respecte-als-visualitzadors-a-bsm\/","title":{"rendered":"La pol\u00edtica laboral d&#8217;Ada Colau respecte als visualitzadors a B:SM"},"content":{"rendered":"<div dir=\"ltr\">\n<div style=\"text-align: justify\">\nEl passat 18 de desembre, ens vam quedar parats amb la piulada de Barcelona en Com\u00fa a Twitter que diu <i>&#8220;\u00c9s impossible construir una vida pr\u00f2pia si tot el sou se&#8217;l queda el lloguer. Cal acabar amb la precarietat, dignificar els sous i regular els lloguers!&#8221;<\/i>.<\/div>\n<\/div>\n<div dir=\"ltr\">\n<div style=\"text-align: justify\">\n<\/div>\n<div style=\"text-align: justify\">\nEvidentment, estem d&#8217;acord amb tot el que diu el tweet, el problema \u00e9s que l&#8217;equip d&#8217;Ada Colau diu una cosa, i fa tot el contrari.<\/div>\n<\/div>\n<div dir=\"ltr\">\n<div style=\"text-align: justify\">\n<\/div>\n<div style=\"text-align: justify\">\nEl millor exemple d&#8217;aix\u00f2, s\u00f3n els visualitzadors de pisos tur\u00edstics il\u00b7legals de Barcelona. Aquest cos de visualitzadors, va desenvolupar la seva tasca durant 1 any a l&#8217;Ajuntament, despr\u00e9s han passat 3 anys a BSM (empresa de l&#8217;Ajuntament) <b>i ara, que toca fer-los indefinits<\/b> (perqu\u00e8 aix\u00ed ho diu l&#8217;art. 15 de l&#8217;Estatut dels Treballadors), ens diuen que el pr\u00f2xim dia 26 d&#8217;abril els enviaran a <b>l&#8217;atur<\/b>, i tot per privatitzar el servei, amb una licitaci\u00f3 que, segons ens informen, ja est\u00e0 redactada.<br \/>\n<a href=\"https:\/\/1.bp.blogspot.com\/-1g2w5wFxLLE\/XgCUTLSrv6I\/AAAAAAAABZ0\/2K8XnOZ8th0JxIMn3B6UZATrc9VJTA62gCLcBGAsYHQ\/s1600\/IMG_20191223_111708.jpg\" style=\"clear: right;float: right;margin-bottom: 1em;margin-left: 1em;text-align: justify\"><img loading=\"lazy\" decoding=\"async\" border=\"0\" data-original-height=\"1488\" data-original-width=\"974\" height=\"320\" src=\"https:\/\/1.bp.blogspot.com\/-1g2w5wFxLLE\/XgCUTLSrv6I\/AAAAAAAABZ0\/2K8XnOZ8th0JxIMn3B6UZATrc9VJTA62gCLcBGAsYHQ\/s320\/IMG_20191223_111708.jpg\" width=\"208\" \/><\/a><\/div>\n<\/div>\n<div dir=\"ltr\">\n<div style=\"text-align: justify\">\n<\/div>\n<div style=\"text-align: justify\">\nEn el seu tweet diuen que:<\/p>\n<p><\/div>\n<\/div>\n<div dir=\"ltr\">\n<div style=\"text-align: justify\">\n1.- Cal acabar amb la <b>precarietat<\/b>, i manen treballadors a l&#8217;atur per no fer-los indefinits.<\/p>\n<p><\/div>\n<\/div>\n<div dir=\"ltr\">\n<div style=\"text-align: justify\">\n2.- Que cal dignificar els <b>sous<\/b>, quan la mateixa Ada Colau va dir als visualitzadors en la trobada de l&#8217;alcaldessa amb els ve\u00efns de la Barceloneta i els de la Guineueta que &#8220;els treballadors p\u00fablics cobren molt&#8221;.<\/p>\n<p><\/div>\n<\/div>\n<div dir=\"ltr\">\n<div style=\"text-align: justify\">\n3.- Que cal regular els lloguers, alhora que <b>envia a l&#8217;atur als treballadors<\/b> que porten 4 anys vigilant els pisos tur\u00edstics il\u00b7legals, culpables en gran part de l&#8217;augment dels preus del lloguer.<\/p>\n<p>Fa 10 mesos, a la Comissi\u00f3 d&#8217;urbanisme del 13-02-2019 la regidora Janet Sanz va dir textualment &#8220;el comprom\u00eds personal, meu i de l&#8217;equip de govern, es que no hi hagi un sol dia que aquests visualitzadors no estiguin fent la seva feina&#8221; ( <a href=\"https:\/\/youtu.be\/rJK6bveV-Ko\">https:\/\/youtu.be\/rJK6bveV-Ko<\/a> minut 5:06), doncs <b>ara<\/b> <b>toca complir amb la seva paraula i renovar el servei.<\/b><\/div>\n<\/div>\n<div dir=\"ltr\">\n<div style=\"text-align: justify\">\n<\/div>\n<div style=\"text-align: justify\">\nD&#8217;altra banda, tamb\u00e9 cal recordar que, al plenari del 26-10-2018, es va acordar per unanimitat de tots els grups municipals ( <a href=\"https:\/\/youtu.be\/N4X2g-g5j3E\">https:\/\/youtu.be\/N4X2g-g5j3E<\/a> ), que seria aquest mateix equip qui far\u00e0 aquesta tasca a Barcelona. Doncs ara \u00e9s l&#8217;hora que tots els regidors, regidores i grups municipals que van donar suport als visualitzadors, <b>facin valdre la seva paraula i exigeixin que es porti a terme aquest acord.<\/b><\/div>\n<\/div>\n<div dir=\"ltr\">\n<div style=\"text-align: justify\">\n<\/div>\n<div style=\"text-align: justify\">\nSra. Colau, la millor forma d\u2019evitar desnonaments, \u00e9s que les treballadores tinguin un contracte estable i un sou digne, i aix\u00f2 nom\u00e9s dep\u00e8n de vost\u00e8. Si no renova l&#8217;enc\u00e0rrec dels visualitzadors a BSM, estar\u00e0 vost\u00e8 fent tot el contrari del que presumeix, <b>PRECARIETAT LABORAL, ABAIXAR SOUS I PRIVATITZAR el servei de visualitzadors.<\/b><\/div>\n<\/div>\n<div dir=\"ltr\">\n<div style=\"text-align: justify\">\n<\/div>\n<div style=\"text-align: justify\">\nTenen vost\u00e8s fins al 26 d&#8217;abril, per demostrar que realment s\u00f3n un govern progressista o si governen a cop de tweet.<\/div>\n<\/div>\n<div style=\"text-align: justify\">\n<\/div>\n<div style=\"text-align: justify\">\n<\/div>\n","protected":false},"excerpt":{"rendered":"<p>El passat 18 de desembre, ens vam quedar parats amb la piulada de Barcelona en Com\u00fa a Twitter que diu &#8220;\u00c9s impossible construir una vida pr\u00f2pia si tot el sou &#8230; <a title=\"La pol\u00edtica laboral d&#8217;Ada Colau respecte als visualitzadors a B:SM\" class=\"read-more\" href=\"https:\/\/ccoo.app\/barcelona-serveis-municipals\/la-politica-laboral-dada-colau-respecte-als-visualitzadors-a-bsm\/\" aria-label=\"M\u00e9s informaci\u00f3 sobre La pol\u00edtica laboral d&#8217;Ada Colau respecte als visualitzadors a B:SM\">Read more<\/a><\/p>\n","protected":false},"author":4886,"featured_media":0,"comment_status":"closed","ping_status":"closed","sticky":false,"template":"","format":"standard","meta":{"footnotes":""},"categories":[37,17],"tags":[],"class_list":["post-2848","post","type-post","status-publish","format-standard","hentry","category-agents-civics","category-contractacio","generate-columns","tablet-grid-50","mobile-grid-100","grid-parent","grid-33"],"_links":{"self":[{"href":"https:\/\/ccoo.app\/barcelona-serveis-municipals\/wp-json\/wp\/v2\/posts\/2848","targetHints":{"allow":["GET"]}}],"collection":[{"href":"https:\/\/ccoo.app\/barcelona-serveis-municipals\/wp-json\/wp\/v2\/posts"}],"about":[{"href":"https:\/\/ccoo.app\/barcelona-serveis-municipals\/wp-json\/wp\/v2\/types\/post"}],"author":[{"embeddable":true,"href":"https:\/\/ccoo.app\/barcelona-serveis-municipals\/wp-json\/wp\/v2\/users\/4886"}],"replies":[{"embeddable":true,"href":"https:\/\/ccoo.app\/barcelona-serveis-municipals\/wp-json\/wp\/v2\/comments?post=2848"}],"version-history":[{"count":1,"href":"https:\/\/ccoo.app\/barcelona-serveis-municipals\/wp-json\/wp\/v2\/posts\/2848\/revisions"}],"predecessor-version":[{"id":3422,"href":"https:\/\/ccoo.app\/barcelona-serveis-municipals\/wp-json\/wp\/v2\/posts\/2848\/revisions\/3422"}],"wp:attachment":[{"href":"https:\/\/ccoo.app\/barcelona-serveis-municipals\/wp-json\/wp\/v2\/media?parent=2848"}],"wp:term":[{"taxonomy":"category","embeddable":true,"href":"https:\/\/ccoo.app\/barcelona-serveis-municipals\/wp-json\/wp\/v2\/categories?post=2848"},{"taxonomy":"post_tag","embeddable":true,"href":"https:\/\/ccoo.app\/barcelona-serveis-municipals\/wp-json\/wp\/v2\/tags?post=2848"}],"curies":[{"name":"wp","href":"https:\/\/api.w.org\/{rel}","templated":true}]}}