{"id":2847,"date":"2020-01-21T14:58:00","date_gmt":"2020-01-21T13:58:00","guid":{"rendered":"https:\/\/ccoo.app\/barcelona-serveis-municipals\/direccion-bsm-vuelve-a-poner-en-riesgo-a-sus-trabajadores-as\/"},"modified":"2023-05-17T13:15:01","modified_gmt":"2023-05-17T11:15:01","slug":"direccion-bsm-vuelve-a-poner-en-riesgo-a-sus-trabajadores-as","status":"publish","type":"post","link":"https:\/\/ccoo.app\/barcelona-serveis-municipals\/direccion-bsm-vuelve-a-poner-en-riesgo-a-sus-trabajadores-as\/","title":{"rendered":"Direcci\u00f3n B:SM vuelve a poner en riesgo a sus trabajadores\/as"},"content":{"rendered":"<div style=\"font-family: Arial;font-size: 15px;line-height: normal\">\n<span><b>Ante la alerta por fuerte temporal, la Direcci\u00f3n de B:SM pone en grave riesgo la integridad de las personas que dan servicios a la ciudad.<\/b><\/span><\/div>\n<div style=\"font-family: Arial;font-size: 15px;line-height: normal\">\n<span><b><br \/><\/b><\/span><\/div>\n<div style=\"font-family: Arial;font-size: 14px;line-height: normal;text-align: justify\">\n<span>Estos d\u00edas en la ciudad de Barcelona, estamos sufriendo el temporal de la borrasca Gloria, y desde Protecci\u00f3n Civil y el Ajuntament de Barcelona, se activ\u00f3 el plan b\u00e1sico de emergencia por viento, en fase de alerta, as\u00ed como el cierre de todos los parques de la ciudad de Barcelona.<\/span><\/div>\n<div style=\"font-family: Arial;font-size: 14px;line-height: normal;min-height: 16px;text-align: justify\">\n<span><\/span><\/div>\n<div style=\"font-family: Arial;font-size: 14px;line-height: normal;text-align: justify\">\n<span>En cuanto a las personas que trabajan en B:SM y la aplicaci\u00f3n de los correspondientes protocolos para protegerlas de tales inclemencias meteorol\u00f3gicas, nos encontramos con algunos jefes y mandos reticentes a la aplicaci\u00f3n estricta del protocolo, especialmente en Agentes C\u00edvicos y Park G\u00fcell, donde directamente siguen poniendo en riesgo la integridad f\u00edsica de las personas, haciendo estar a los compa\u00f1eros\/as en los puntos de acceso, a la intemperie, con el riesgo que ello conlleva, y sin la equipaci\u00f3n necesaria.<\/span><\/div>\n<div style=\"font-family: Arial;font-size: 14px;line-height: normal;text-align: justify\">\n<span><br \/><\/span><\/div>\n<div style=\"clear: both;text-align: center\">\n<\/div>\n<div style=\"font-family: Arial;font-size: 14px;line-height: normal;min-height: 16px;text-align: justify\">\n<span><\/span><\/div>\n<div style=\"font-family: Arial;font-size: 14px;line-height: normal;text-align: justify\">\n<span>Desde CCOO_BSM, hemos solicitado que se indique a todo el personal que se refugien en instalaciones cubiertas donde puedan atender a los ciudadanos, sin sufrir los posibles riesgos a los que est\u00e1n expuestos en la intemperie.<\/span><\/div>\n<div style=\"font-family: Arial;font-size: 14px;line-height: normal;min-height: 16px;text-align: justify\">\n<span><\/span><\/div>\n<div style=\"font-family: Arial;font-size: 14px;line-height: normal;text-align: justify\">\n<span>Recordamos que esta situaci\u00f3n ya fue denunciada, por CCOO_BSM, <a href=\"https:\/\/ccoobsm.blogspot.com\/2019\/10\/descoordinacion-ante-riesgo-inminente.html\" target=\"_blank\" rel=\"noopener\">el pasado martes 22 de octubre de 2019<\/a> y observamos como a la Direcci\u00f3n de B:SM, le sigue sin importar lo m\u00e1s m\u00ednimo la integridad y la salud de sus trabajadores\/as, ya que no ha cambiado nada al respecto.<\/span><\/div>\n<div style=\"font-family: Arial;font-size: 14px;line-height: normal;min-height: 16px;text-align: justify\">\n<span><\/span><\/div>\n<div style=\"font-family: Arial;font-size: 14px;line-height: normal;text-align: justify\">\n<span>Anunciamos que vamos a instar al Comit\u00e9 de Empresa para interponer la necesaria denuncia a la Autoridad Laboral, ante la negligencia, desidia y pasotismo que esta Direcci\u00f3n demuestra ante esta situaci\u00f3n de grave riesgo.<\/span><\/div>\n<div style=\"font-family: Arial;font-size: 14px;line-height: normal;min-height: 16px;text-align: justify\">\n<span><\/span><\/div>\n<div style=\"text-align: justify\">\n<\/div>\n<div style=\"font-family: Arial;font-size: 14px;line-height: normal;text-align: justify\">\n<span>Os mantendremos informados<\/span><\/div>\n","protected":false},"excerpt":{"rendered":"<p>Ante la alerta por fuerte temporal, la Direcci\u00f3n de B:SM pone en grave riesgo la integridad de las personas que dan servicios a la ciudad. Estos d\u00edas en la ciudad &#8230; <a title=\"Direcci\u00f3n B:SM vuelve a poner en riesgo a sus trabajadores\/as\" class=\"read-more\" href=\"https:\/\/ccoo.app\/barcelona-serveis-municipals\/direccion-bsm-vuelve-a-poner-en-riesgo-a-sus-trabajadores-as\/\" aria-label=\"M\u00e9s informaci\u00f3 sobre Direcci\u00f3n B:SM vuelve a poner en riesgo a sus trabajadores\/as\">Read more<\/a><\/p>\n","protected":false},"author":4886,"featured_media":0,"comment_status":"closed","ping_status":"closed","sticky":false,"template":"","format":"standard","meta":{"footnotes":""},"categories":[37,24,28],"tags":[],"class_list":["post-2847","post","type-post","status-publish","format-standard","hentry","category-agents-civics","category-park-guell","category-salut-laboral","generate-columns","tablet-grid-50","mobile-grid-100","grid-parent","grid-33"],"_links":{"self":[{"href":"https:\/\/ccoo.app\/barcelona-serveis-municipals\/wp-json\/wp\/v2\/posts\/2847","targetHints":{"allow":["GET"]}}],"collection":[{"href":"https:\/\/ccoo.app\/barcelona-serveis-municipals\/wp-json\/wp\/v2\/posts"}],"about":[{"href":"https:\/\/ccoo.app\/barcelona-serveis-municipals\/wp-json\/wp\/v2\/types\/post"}],"author":[{"embeddable":true,"href":"https:\/\/ccoo.app\/barcelona-serveis-municipals\/wp-json\/wp\/v2\/users\/4886"}],"replies":[{"embeddable":true,"href":"https:\/\/ccoo.app\/barcelona-serveis-municipals\/wp-json\/wp\/v2\/comments?post=2847"}],"version-history":[{"count":1,"href":"https:\/\/ccoo.app\/barcelona-serveis-municipals\/wp-json\/wp\/v2\/posts\/2847\/revisions"}],"predecessor-version":[{"id":3421,"href":"https:\/\/ccoo.app\/barcelona-serveis-municipals\/wp-json\/wp\/v2\/posts\/2847\/revisions\/3421"}],"wp:attachment":[{"href":"https:\/\/ccoo.app\/barcelona-serveis-municipals\/wp-json\/wp\/v2\/media?parent=2847"}],"wp:term":[{"taxonomy":"category","embeddable":true,"href":"https:\/\/ccoo.app\/barcelona-serveis-municipals\/wp-json\/wp\/v2\/categories?post=2847"},{"taxonomy":"post_tag","embeddable":true,"href":"https:\/\/ccoo.app\/barcelona-serveis-municipals\/wp-json\/wp\/v2\/tags?post=2847"}],"curies":[{"name":"wp","href":"https:\/\/api.w.org\/{rel}","templated":true}]}}