{"id":2846,"date":"2020-01-27T15:22:00","date_gmt":"2020-01-27T14:22:00","guid":{"rendered":"https:\/\/ccoo.app\/barcelona-serveis-municipals\/informe-sobre-el-personal-de-aparcamientos\/"},"modified":"2023-05-17T13:14:06","modified_gmt":"2023-05-17T11:14:06","slug":"informe-sobre-el-personal-de-aparcamientos","status":"publish","type":"post","link":"https:\/\/ccoo.app\/barcelona-serveis-municipals\/informe-sobre-el-personal-de-aparcamientos\/","title":{"rendered":"Informe sobre el personal de Aparcamientos"},"content":{"rendered":"<div style=\"font-family: Arial;line-height: normal;text-align: justify\">\n<a href=\"http:\/\/2.bp.blogspot.com\/-1JNJCS1csOk\/Xi7ieFsBkOI\/AAAAAAAABak\/n2OohDZUoeISB7-TZyEzcgaWaVtbsqbEgCK4BGAYYCw\/s1600\/Unknown-2.jpeg\" style=\"clear: left;float: left;margin-bottom: 1em;margin-right: 1em\"><img decoding=\"async\" border=\"0\" src=\"https:\/\/2.bp.blogspot.com\/-1JNJCS1csOk\/Xi7ieFsBkOI\/AAAAAAAABak\/n2OohDZUoeISB7-TZyEzcgaWaVtbsqbEgCK4BGAYYCw\/s400\/Unknown-2.jpeg\" \/><\/a><span>La situaci\u00f3n del personal de parkings ha llegado a una situaci\u00f3n l\u00edmite. Desde hace a\u00f1os, somos testigos del deterioro continuado de los puestos de trabajo, adem\u00e1s de una <b>disminuci\u00f3n dr\u00e1stica de personal<\/b> y viendo aumentada la carga de trabajo exponencialmente, se debe a\u00f1adir que los equipos y herramientas de trabajo, as\u00ed como los sistemas operativos est\u00e1n obsoletos, generando tensiones innecesarias para el servicio, aumentando las situaciones de stress y con mayor riesgo psicosocial.<\/span><\/div>\n<div style=\"font-family: Arial;line-height: normal;min-height: 11px\">\n<\/div>\n<div style=\"font-family: Arial;line-height: normal;text-align: justify\">\n<span>Con la aparici\u00f3n del CSO (Centro de Soporte de Operaciones) y de los llamados PAM (Personal Aparcamientos en Moto) y los PAC (Personal Aparcamientos en Coche), se ha <b>reducido el n\u00famero de personas<\/b> en el centro de trabajo. Las tareas necesarias para el correcto funcionamiento del aparcamiento, han pasado&nbsp; a ser realizadas por una&nbsp; sola persona y en numerosas ocasiones no solo se dedica a ese centro, sino que tiene asignadas dos o tres m\u00e1s. A esto se le suman las llamadas de urgencia y sus respectivos desplazamientos con veh\u00edculos motorizados pudiendo derivar en un mayor n\u00famero de accidentes provocados por la circulaci\u00f3n, el estr\u00e9s y la ansiedad a la que est\u00e1n sometidas. C<\/span><span style=\"line-height: normal\">omo se pudo comprobar en la \u00faltima evaluaci\u00f3n de Riesgos Psicosociales<\/span><span>.<\/span><\/div>\n<div style=\"font-family: Arial;line-height: normal;min-height: 14px;text-align: justify\">\n<span><\/span><\/div>\n<div style=\"line-height: normal;text-align: justify\">\n<a href=\"http:\/\/3.bp.blogspot.com\/-IE3OtTKz53c\/Xi7jPj8clHI\/AAAAAAAABaw\/N6jD4Pf6-O4kueG70PHJO6Cp8TLz04VBQCK4BGAYYCw\/s1600\/Unknown-1.jpeg\" style=\"clear: right;float: right;margin-bottom: 1em;margin-left: 1em\"><img decoding=\"async\" border=\"0\" src=\"https:\/\/3.bp.blogspot.com\/-IE3OtTKz53c\/Xi7jPj8clHI\/AAAAAAAABaw\/N6jD4Pf6-O4kueG70PHJO6Cp8TLz04VBQCK4BGAYYCw\/s400\/Unknown-1.jpeg\" \/><\/a><span>Desde CCOO, entendemos que esta situaci\u00f3n es <b>insostenible<\/b> y estamos decididos a revertirla por la Salud y el bienestar de las compa\u00f1eras y compa\u00f1eros&nbsp; de aparcamientos. Por eso creemos necesario y urgente la contrataci\u00f3n de m\u00e1s personal, la formaci\u00f3n continua de m\u00e1s calidad y adaptada a los sistemas actuales y que no se vulnere la legislaci\u00f3n de Prevenci\u00f3n de Riesgos Laborales.<\/span><\/div>\n<div style=\"line-height: normal;min-height: 14px\">\n<span><\/span><\/div>\n<div style=\"line-height: normal\">\n<span>Sabemos que no ser\u00e1 f\u00e1cil. Por ello mientras no se alcancen los necesarios acuerdos de m\u00e1s calado con la Unidad, proponemos medidas de car\u00e1cter urgente y de r\u00e1pida aplicaci\u00f3n que ayudar\u00edan a mejorar la situaci\u00f3n actual, siendo los siguientes:<\/span><\/div>\n<div style=\"line-height: normal;min-height: 12px\">\n<span><\/span><\/div>\n<div style=\"line-height: normal;text-align: justify\">\n<a href=\"http:\/\/2.bp.blogspot.com\/-zmLyx6k9SBA\/Xi7jSfNsa2I\/AAAAAAAABa4\/zBAOl5kZYFQFCezf_WBZB67Isd2dhAhtQCK4BGAYYCw\/s1600\/Unknown.jpeg\" style=\"clear: left;float: left;margin-bottom: 1em;margin-right: 1em\"><img decoding=\"async\" border=\"0\" src=\"https:\/\/2.bp.blogspot.com\/-zmLyx6k9SBA\/Xi7jSfNsa2I\/AAAAAAAABa4\/zBAOl5kZYFQFCezf_WBZB67Isd2dhAhtQCK4BGAYYCw\/s400\/Unknown.jpeg\" \/><\/a><span>Existen aparcamientos que por su ubicaci\u00f3n, tama\u00f1o y construcci\u00f3n provocan mayor riesgo para la salud y \u00e9stos <b>necesitar\u00edan si o si m\u00e1s personal<\/b> y que no pudieran permanecer m\u00e1s de un tiempo limitado, ya que en algunos casi no se ve la luz solar en 8 horas y d\u00f3nde el volumen de trabajo es mucho m\u00e1s elevado. Estos centros son Gardunya, Moll, Sant Antoni, adem\u00e1s de Rius y Forum cuando hay eventos. Esto tambi\u00e9n deber\u00eda considerarse para contemplar la adaptaci\u00f3n del puesto de trabajo de forma individual para determinadas situaciones personales.<\/span><\/div>\n<div style=\"line-height: normal;min-height: 12px\">\n<span><\/span><\/div>\n<div style=\"line-height: normal;text-align: justify\">\n<span>Otro aspecto ser\u00eda la adjudicaci\u00f3n del centro de trabajo situado lo m\u00e1s cerca posible del lugar de residencia, evitando as\u00ed, largos desplazamientos \u201cin itinere\u201d por la ciudad.<\/span><\/div>\n<div style=\"line-height: normal;min-height: 12px\">\n<span><\/span><\/div>\n<div style=\"line-height: normal;min-height: 12px\">\n<\/div>\n<div style=\"line-height: normal;text-align: justify\">\n<span>Sabemos que \u00e9stas son soluciones provisionales,- pero a la espera de <b>m\u00e1s contrataci\u00f3n estable<\/b> y formada adecuadamente-, podr\u00e1 aliviar de alg\u00fan modo la precaria situaci\u00f3n en la que tenemos que trabajar.<\/span><\/div>\n<div style=\"font-family: Arial;line-height: normal;min-height: 16px;text-align: justify\">\n<span><\/span><\/div>\n<div style=\"font-family: Arial;line-height: normal;min-height: 16px;text-align: justify\">\nOs mantendremos informados<span><\/span><\/div>\n","protected":false},"excerpt":{"rendered":"<p>La situaci\u00f3n del personal de parkings ha llegado a una situaci\u00f3n l\u00edmite. Desde hace a\u00f1os, somos testigos del deterioro continuado de los puestos de trabajo, adem\u00e1s de una disminuci\u00f3n dr\u00e1stica &#8230; <a title=\"Informe sobre el personal de Aparcamientos\" class=\"read-more\" href=\"https:\/\/ccoo.app\/barcelona-serveis-municipals\/informe-sobre-el-personal-de-aparcamientos\/\" aria-label=\"M\u00e9s informaci\u00f3 sobre Informe sobre el personal de Aparcamientos\">Read more<\/a><\/p>\n","protected":false},"author":4886,"featured_media":0,"comment_status":"closed","ping_status":"closed","sticky":false,"template":"","format":"standard","meta":{"footnotes":""},"categories":[20,17],"tags":[],"class_list":["post-2846","post","type-post","status-publish","format-standard","hentry","category-aparcaments","category-contractacio","generate-columns","tablet-grid-50","mobile-grid-100","grid-parent","grid-33"],"_links":{"self":[{"href":"https:\/\/ccoo.app\/barcelona-serveis-municipals\/wp-json\/wp\/v2\/posts\/2846","targetHints":{"allow":["GET"]}}],"collection":[{"href":"https:\/\/ccoo.app\/barcelona-serveis-municipals\/wp-json\/wp\/v2\/posts"}],"about":[{"href":"https:\/\/ccoo.app\/barcelona-serveis-municipals\/wp-json\/wp\/v2\/types\/post"}],"author":[{"embeddable":true,"href":"https:\/\/ccoo.app\/barcelona-serveis-municipals\/wp-json\/wp\/v2\/users\/4886"}],"replies":[{"embeddable":true,"href":"https:\/\/ccoo.app\/barcelona-serveis-municipals\/wp-json\/wp\/v2\/comments?post=2846"}],"version-history":[{"count":1,"href":"https:\/\/ccoo.app\/barcelona-serveis-municipals\/wp-json\/wp\/v2\/posts\/2846\/revisions"}],"predecessor-version":[{"id":3420,"href":"https:\/\/ccoo.app\/barcelona-serveis-municipals\/wp-json\/wp\/v2\/posts\/2846\/revisions\/3420"}],"wp:attachment":[{"href":"https:\/\/ccoo.app\/barcelona-serveis-municipals\/wp-json\/wp\/v2\/media?parent=2846"}],"wp:term":[{"taxonomy":"category","embeddable":true,"href":"https:\/\/ccoo.app\/barcelona-serveis-municipals\/wp-json\/wp\/v2\/categories?post=2846"},{"taxonomy":"post_tag","embeddable":true,"href":"https:\/\/ccoo.app\/barcelona-serveis-municipals\/wp-json\/wp\/v2\/tags?post=2846"}],"curies":[{"name":"wp","href":"https:\/\/api.w.org\/{rel}","templated":true}]}}