{"id":2845,"date":"2020-01-28T12:09:00","date_gmt":"2020-01-28T11:09:00","guid":{"rendered":"https:\/\/ccoo.app\/barcelona-serveis-municipals\/resultados-encuesta-vestuario-2020\/"},"modified":"2023-05-17T13:13:15","modified_gmt":"2023-05-17T11:13:15","slug":"resultados-encuesta-vestuario-2020","status":"publish","type":"post","link":"https:\/\/ccoo.app\/barcelona-serveis-municipals\/resultados-encuesta-vestuario-2020\/","title":{"rendered":"Resultados Encuesta Vestuario 2020"},"content":{"rendered":"<div style=\"font-family: Arial;line-height: normal;text-align: justify\">\n<span>Primero de todo, queremos agradecer la participaci\u00f3n de 171 trabajadores\/as de B:SM, que han rellenado la encuesta que difundimos hace unas semanas. A continuaci\u00f3n, a<\/span><span>nalizamos los resultados:<\/span><\/div>\n<div style=\"font-family: Arial;line-height: normal;text-align: justify\">\n<span><br \/><\/span><\/div>\n<div style=\"font-family: Arial;line-height: normal;text-align: justify\">\n<span><br \/><\/span><\/div>\n<div style=\"font-family: Arial;line-height: normal;text-align: justify\">\n<\/div>\n<div style=\"font-family: Arial;line-height: normal;min-height: 14px;text-align: justify\">\n<div style=\"clear: both;text-align: center\">\n<\/div>\n<p><a href=\"http:\/\/2.bp.blogspot.com\/-MZUbRfwljDM\/Xj_WORafiiI\/AAAAAAAABhA\/1b3Y9dTN66UvtNnAivqiSRCaE39ev-p_gCK4BGAYYCw\/s1600\/1.png\" style=\"clear: left;float: left;margin-bottom: 1em;margin-right: 1em\"><img loading=\"lazy\" decoding=\"async\" border=\"0\" height=\"187\" src=\"https:\/\/2.bp.blogspot.com\/-MZUbRfwljDM\/Xj_WORafiiI\/AAAAAAAABhA\/1b3Y9dTN66UvtNnAivqiSRCaE39ev-p_gCK4BGAYYCw\/s400\/1.png\" width=\"400\" \/><\/a><span>1.- A un <\/span><b>25,1%<\/b><span> de la gente encuestada, el vestuario le ha <\/span><b>provocado una reacci\u00f3n al\u00e9rgica <\/b><span>y un 12,9% no est\u00e1n seguros si fue&nbsp;<\/span><span>por culpa del vestuario o por otros motivos.<\/span><span><\/span><\/div>\n<div style=\"font-family: Arial;line-height: normal;min-height: 14px;text-align: justify\">\n<span><br \/><\/span><\/div>\n<div style=\"font-family: Arial;line-height: normal;min-height: 14px;text-align: justify\">\n<span><br \/><\/span><br \/>\n<span><br \/><\/span><\/div>\n<div style=\"font-family: Arial;line-height: normal;min-height: 14px;text-align: justify\">\n<span><br \/><\/span><\/div>\n<div style=\"font-family: Arial;line-height: normal;min-height: 14px;text-align: justify\">\n<span><\/span><\/div>\n<div style=\"font-family: Arial;line-height: normal;text-align: justify\">\n<\/div>\n<div style=\"font-family: Arial;line-height: normal;text-align: justify\">\n<div style=\"clear: both;text-align: center\">\n<\/div>\n<p><a href=\"http:\/\/3.bp.blogspot.com\/-NQKoMUlHr3I\/Xj_WZV_cB_I\/AAAAAAAABhI\/wjT2V4A7mBoCR0aUgign95M_ZO2unW13gCK4BGAYYCw\/s1600\/2.png\" style=\"clear: right;float: right;margin-bottom: 1em;margin-left: 1em\"><img loading=\"lazy\" decoding=\"async\" border=\"0\" height=\"190\" src=\"https:\/\/3.bp.blogspot.com\/-NQKoMUlHr3I\/Xj_WZV_cB_I\/AAAAAAAABhI\/wjT2V4A7mBoCR0aUgign95M_ZO2unW13gCK4BGAYYCw\/s400\/2.png\" width=\"400\" \/><\/a><span><br \/><\/span><br \/>\n<span>2.- Un <b>63,7%<\/b> de los trabajadores, no est\u00e1 conforme con el <b>n\u00famero de piezas<\/b> entregado.<\/span><\/div>\n<div style=\"font-family: Arial;line-height: normal;text-align: justify\">\n<\/div>\n<div style=\"font-family: Arial;line-height: normal;text-align: justify\">\n<span>3.- <b>Polos<\/b>: la respuesta mayoritaria en cuanto a la cantidad, es <b>5<\/b> verano y <b>4<\/b> en invierno.<\/span><\/p>\n<\/div>\n<div style=\"font-family: Arial;line-height: normal;text-align: justify\">\n<span><br \/><\/span><br \/>\n<span><\/span><br \/>\n<a href=\"http:\/\/2.bp.blogspot.com\/-AWyjPSPITDs\/Xj_WhzKFCQI\/AAAAAAAABhU\/xKpjH5gkclEKA3PRQAf2NHozzuq3WBL_ACK4BGAYYCw\/s1600\/3.png\" style=\"clear: left;float: left;margin-bottom: 1em;margin-right: 1em\"><img loading=\"lazy\" decoding=\"async\" border=\"0\" height=\"186\" src=\"https:\/\/2.bp.blogspot.com\/-AWyjPSPITDs\/Xj_WhzKFCQI\/AAAAAAAABhU\/xKpjH5gkclEKA3PRQAf2NHozzuq3WBL_ACK4BGAYYCw\/s400\/3.png\" width=\"400\" \/><\/a><span><span><br \/><\/span><\/span><span><span><br \/><\/span><\/span><br \/>\n<span>4.-<b>Pantalones<\/b>: la mayor\u00eda piden un m\u00ednimo de <b>4<\/b> pantalones.<\/span><\/div>\n<div style=\"font-family: Arial;line-height: normal;min-height: 14px;text-align: justify\">\n<span><\/span><\/div>\n<div style=\"font-family: Arial;line-height: normal;min-height: 14px;text-align: justify\">\n<\/div>\n<div style=\"font-family: Arial;line-height: normal;text-align: justify\">\n<span>5.- Un <b>80%<\/b> de trabajadores\/as, no est\u00e1 conforme con la <b>calidad<\/b> de las piezas, para ejercer su trabajo de una forma c\u00f3moda.<\/span><\/div>\n<div style=\"clear: both;text-align: center\">\n<\/div>\n<div style=\"font-family: Arial;line-height: normal;text-align: justify\">\n<div style=\"clear: both;text-align: center\">\n<\/div>\n<p><a href=\"http:\/\/2.bp.blogspot.com\/-L2PkYvHzuno\/Xj_WoEsEiQI\/AAAAAAAABhc\/MJv1ahrMk9YsnnMehGp5w-nkv1NRkNS-wCK4BGAYYCw\/s1600\/4.png\" style=\"clear: right;float: right;margin-bottom: 1em;margin-left: 1em\"><img loading=\"lazy\" decoding=\"async\" border=\"0\" height=\"185\" src=\"https:\/\/2.bp.blogspot.com\/-L2PkYvHzuno\/Xj_WoEsEiQI\/AAAAAAAABhc\/MJv1ahrMk9YsnnMehGp5w-nkv1NRkNS-wCK4BGAYYCw\/s400\/4.png\" width=\"400\" \/><\/a><span>Un <b>89.5%<\/b> (dato que parece muy indicativo) considera que un <b>cambio de material <\/b>ser\u00eda necesario, para poder trabajar m\u00e1s c\u00f3modamente.<\/span><\/div>\n<div style=\"font-family: Arial;line-height: normal;text-align: justify\">\n<span><br \/><\/span><\/div>\n<div style=\"font-family: Arial;line-height: normal;text-align: justify\">\n<span><br \/><\/span><\/div>\n<div style=\"font-family: Arial;line-height: normal;text-align: justify\">\n<span><br \/><\/span><\/div>\n<div style=\"font-family: Arial;line-height: normal;text-align: justify\">\n<span><br \/><\/span><\/div>\n<div style=\"font-family: Arial;line-height: normal;text-align: justify\">\n<span><br \/><\/span><\/div>\n<div style=\"font-family: Arial;line-height: normal;text-align: justify\">\n<\/div>\n<div style=\"font-family: Arial;line-height: normal;text-align: justify\">\n<span><\/span><\/p>\n<p><span><br \/><\/span><br \/>\n<a href=\"http:\/\/4.bp.blogspot.com\/-ogOzGb8egWc\/Xj_WuJmyATI\/AAAAAAAABho\/xoTIO2_eIkAuWKWjrv5kIlMdqyoNJa0XwCK4BGAYYCw\/s1600\/5.png\" style=\"clear: left;float: left;margin-bottom: 1em;margin-right: 1em\"><img loading=\"lazy\" decoding=\"async\" border=\"0\" height=\"180\" src=\"https:\/\/4.bp.blogspot.com\/-ogOzGb8egWc\/Xj_WuJmyATI\/AAAAAAAABho\/xoTIO2_eIkAuWKWjrv5kIlMdqyoNJa0XwCK4BGAYYCw\/s400\/5.png\" width=\"400\" \/><\/a><span>6.- Un <b>92,4%<\/b> considera que el tejido del pantal\u00f3n, no se adapta a las circunstancias y piden que se entreguen <b>pantalones de verano y de invierno<\/b>. Tambi\u00e9n se solicita por diversos trabajadores\/as, la posibilidad de trabajar con pantalones cortos en verano.<\/span><\/div>\n<div style=\"font-family: Arial;line-height: normal;text-align: justify\">\n<\/div>\n<div style=\"font-family: Arial;line-height: normal;text-align: justify\">\n<\/div>\n<div style=\"clear: both;text-align: center\">\n<\/div>\n<div style=\"font-family: Arial;line-height: normal;text-align: justify\">\n<span><\/span><br \/>\n<a href=\"http:\/\/3.bp.blogspot.com\/-GPvy8DXfQ_w\/Xj_WyI4VQsI\/AAAAAAAABh0\/xagjWDEli64cIgkyMvjVus5PeG7mZ5jegCK4BGAYYCw\/s1600\/6.png\" style=\"clear: right;float: right;margin-bottom: 1em;margin-left: 1em\"><img loading=\"lazy\" decoding=\"async\" border=\"0\" height=\"190\" src=\"https:\/\/3.bp.blogspot.com\/-GPvy8DXfQ_w\/Xj_WyI4VQsI\/AAAAAAAABh0\/xagjWDEli64cIgkyMvjVus5PeG7mZ5jegCK4BGAYYCw\/s400\/6.png\" width=\"400\" \/><\/a><span><span><br \/><\/span><\/span><br \/>\n<span>7.- Un <b>63,7%<\/b> de la gente considera que el <b>anorak<\/b> es una pieza que les dificulta las tareas que desempe\u00f1an.<\/span><\/div>\n<div style=\"font-family: Arial;line-height: normal;text-align: justify\">\n<span><br \/><\/span><\/div>\n<div style=\"font-family: Arial;line-height: normal;text-align: justify\">\n<span><br \/><\/span><\/div>\n<div style=\"font-family: Arial;line-height: normal;text-align: justify\">\n<span><br \/><\/span><\/div>\n<div style=\"font-family: Arial;line-height: normal;text-align: justify\">\n<span><br \/><\/span><\/div>\n<div style=\"font-family: Arial;line-height: normal;text-align: justify\">\n<span><br \/><\/span><\/div>\n<div style=\"font-family: Arial;line-height: normal;text-align: justify\">\n<span><br \/><\/span><\/div>\n<div style=\"font-family: Arial;line-height: normal;text-align: justify\">\n<span><br \/><\/span><\/div>\n<div style=\"font-family: Arial;line-height: normal;text-align: justify\">\n<\/div>\n<div style=\"font-family: Arial;line-height: normal;text-align: justify\">\n<span><\/span><\/p>\n<p><span><br \/><\/span><\/p>\n<div style=\"clear: both;text-align: center\">\n<\/div>\n<p><a href=\"http:\/\/1.bp.blogspot.com\/-mioZTMQEGPY\/Xj_W20PEshI\/AAAAAAAABh8\/jqTLChGOxGkR0n8t1eEGoD287O6CNrptACK4BGAYYCw\/s1600\/7.png\" style=\"clear: left;float: left;margin-bottom: 1em;margin-right: 1em\"><img loading=\"lazy\" decoding=\"async\" border=\"0\" height=\"202\" src=\"https:\/\/1.bp.blogspot.com\/-mioZTMQEGPY\/Xj_W20PEshI\/AAAAAAAABh8\/jqTLChGOxGkR0n8t1eEGoD287O6CNrptACK4BGAYYCw\/s400\/7.png\" width=\"400\" \/><\/a><span>8.- Casi un <b>60%<\/b> de los trabajadores admiten que el <b>calzado<\/b> proporcionado por la empresa les ha provocado alg\u00fan tipo de dolencia en los pies y <b>casi un 75%<\/b> (74.3%) creen que <b>el calzado no est\u00e1 adaptado para sus funciones<\/b>, entendiendo que pasamos muchas horas de pie o caminando.<\/span><\/div>\n<div style=\"font-family: Arial;line-height: normal;text-align: justify\">\n<a href=\"http:\/\/1.bp.blogspot.com\/-bQ9v3U_7Erg\/Xj_W7740ezI\/AAAAAAAABiE\/0VSu3pWn2Z4sDDc7xCO-7h9GQlmZgVzGgCK4BGAYYCw\/s1600\/8.png\" style=\"clear: right;float: right;margin-bottom: 1em;margin-left: 1em\"><img loading=\"lazy\" decoding=\"async\" border=\"0\" height=\"178\" src=\"https:\/\/1.bp.blogspot.com\/-bQ9v3U_7Erg\/Xj_W7740ezI\/AAAAAAAABiE\/0VSu3pWn2Z4sDDc7xCO-7h9GQlmZgVzGgCK4BGAYYCw\/s400\/8.png\" width=\"400\" \/><\/a><\/div>\n<div style=\"font-family: Arial;line-height: normal;text-align: justify\">\n<span><br \/><\/span><\/div>\n<div style=\"font-family: Arial;line-height: normal;text-align: justify\">\n<span><\/span><\/div>\n<div style=\"font-family: Arial;line-height: normal;text-align: justify\">\n<span><br \/><\/span><\/div>\n<div style=\"font-family: Arial;line-height: normal;text-align: justify\">\n<span><br \/><\/span><\/div>\n<p><\/p>\n<div style=\"text-align: justify\">\n<div style=\"clear: both;text-align: center\">\n<\/div>\n<p><a href=\"http:\/\/1.bp.blogspot.com\/-GfpxCf0GdqY\/Xj_XFW1y49I\/AAAAAAAABiQ\/KvXcowmyANoPV4F3Rox1HWKyhmsfyTLBgCK4BGAYYCw\/s1600\/9.png\" style=\"clear: left;float: left;margin-bottom: 1em;margin-right: 1em\"><img loading=\"lazy\" decoding=\"async\" border=\"0\" height=\"190\" src=\"https:\/\/1.bp.blogspot.com\/-GfpxCf0GdqY\/Xj_XFW1y49I\/AAAAAAAABiQ\/KvXcowmyANoPV4F3Rox1HWKyhmsfyTLBgCK4BGAYYCw\/s400\/9.png\" width=\"400\" \/><\/a><span style=\", sans-serif\">Un <b>94,2%<\/b> de los compa\u00f1eros\/as encuestados, creen que seria una buena opci\u00f3n tener la posibilidad de <b>elegir entre diversos tipos de calzado<\/b> y as\u00ed poder escoger el que mejor se adaptara a sus puestos de trabajo.<\/span><\/div>\n<div style=\"font-family: Arial;line-height: normal;text-align: justify\">\n<span><br \/><\/span><\/div>\n<div style=\"font-family: Arial;line-height: normal;text-align: justify\">\n<span><br \/><\/span><\/div>\n<div style=\"font-family: Arial;line-height: normal;text-align: justify\">\n<span><br \/><\/span><\/div>\n<div style=\"font-family: Arial;line-height: normal;text-align: justify\">\n<span><br \/><\/span><\/div>\n<div style=\"font-family: Arial;line-height: normal;text-align: justify\">\n<span><\/span><\/div>\n<div style=\"font-family: Arial;line-height: normal;text-align: justify\">\n<\/div>\n<div style=\"text-align: justify\">\n<span style=\", sans-serif\"><\/span><br \/>\n<a href=\"http:\/\/4.bp.blogspot.com\/-mE-8Ud7NUDg\/Xj_XJim824I\/AAAAAAAABiY\/j7dVw3cKqV8rIlomLLMoG2DFPRkf27mjQCK4BGAYYCw\/s1600\/10.png\" style=\"clear: right;float: right;margin-bottom: 1em;margin-left: 1em\"><img loading=\"lazy\" decoding=\"async\" border=\"0\" height=\"202\" src=\"https:\/\/4.bp.blogspot.com\/-mE-8Ud7NUDg\/Xj_XJim824I\/AAAAAAAABiY\/j7dVw3cKqV8rIlomLLMoG2DFPRkf27mjQCK4BGAYYCw\/s400\/10.png\" width=\"400\" \/><\/a><span style=\", sans-serif\"><span style=\", sans-serif\"><br \/><\/span><\/span><br \/>\n<span style=\", sans-serif\"><span style=\", sans-serif\"><br \/><\/span><\/span><br \/>\n<span style=\", sans-serif\">Un <b>56%<\/b> necesita un tipo <b>especial de calzado<\/b>, por lo que ser\u00eda interesante que la empresa se comprometa a aumentar el presupuesto para dedicar a este tipo de necesidad, ya que entendiendo que es una necesidad m\u00e9dica, deber\u00eda priorizar en la salud de los trabajadores\/as.<\/span><\/div>\n<div style=\"font-family: Arial;line-height: normal;text-align: justify\">\n<span><br \/><\/span><\/div>\n<div style=\"font-family: Arial;line-height: normal;text-align: justify\">\n<span><br \/><\/span><\/div>\n<div style=\"font-family: Arial;line-height: normal;text-align: justify\">\n<span>Referente a los comentarios de calzado tenemos que dividir las sugerencias por unidades. En <b>Area y c\u00edvicos<\/b> piden calzado m\u00e1s <b>flexible<\/b>, (referente al material y a las suelas) muchos compa\u00f1eros citan la marca Magnum.<\/span><\/div>\n<div style=\"font-family: Arial;line-height: normal;text-align: justify\">\n<span>En <b>Park G\u00fcell<\/b> piden cambio de material, (goretex) o un calzado que sea m\u00e1s<b> aislante<\/b> con las temperaturas de invierno, as\u00ed como <b>repelente al agua<\/b> y un material m\u00e1s <b>transpirable <\/b>para el calzado de verano.<\/span><\/div>\n<div style=\"font-family: Arial;line-height: normal;text-align: justify\">\n<span>En <b>Gr\u00faas<\/b> piden calzado m\u00e1s <b>c\u00f3modo<\/b>, suela dura les impide conducir 100% seguros y tambi\u00e9n de un material m\u00e1s <b>transpirable<\/b> con EPI.<\/span><\/div>\n<div style=\"font-family: Arial;line-height: normal;text-align: justify\">\n<span>Por \u00faltimo destacar que las unidades que hacen desplazamiento en moto ser\u00eda interesante, as\u00ed como solicitan los compa\u00f1eros\/as, disponer de botas.<\/span><\/div>\n<div style=\"font-family: Arial;line-height: normal;min-height: 14px;text-align: justify\">\n<span><\/span><\/div>\n<div style=\"font-family: Arial;line-height: normal;text-align: justify\">\n<span>En resumen, un<b> calzado mejor adaptado a las posiciones de trabajo y \u00e9poca del a\u00f1o y no una marca general para toda la empresa.<\/b><\/span><\/div>\n<div style=\"font-family: Arial;line-height: normal;min-height: 14px;text-align: justify\">\n<br \/>\n<span><\/span><\/div>\n<div style=\"clear: both;text-align: center\">\n<\/div>\n<div style=\"font-family: Arial;line-height: normal;text-align: justify\">\n<span><br \/><\/span><\/div>\n<div style=\"font-family: Arial;line-height: normal;text-align: justify\">\n<a href=\"http:\/\/1.bp.blogspot.com\/-wLc1BQefrQY\/Xj_XOX6us1I\/AAAAAAAABik\/F0vQi_Yor44yWqKQXxe4L3uq2mpUs9DOgCK4BGAYYCw\/s1600\/11.png\" style=\"clear: left;float: left;margin-bottom: 1em;margin-right: 1em\"><img loading=\"lazy\" decoding=\"async\" border=\"0\" height=\"158\" src=\"https:\/\/1.bp.blogspot.com\/-wLc1BQefrQY\/Xj_XOX6us1I\/AAAAAAAABik\/F0vQi_Yor44yWqKQXxe4L3uq2mpUs9DOgCK4BGAYYCw\/s400\/11.png\" width=\"400\" \/><\/a><span>9.- En cuanto al reparto de material, la mayor\u00eda entiende que <b>2 repartos,<\/b> (separados por primavera\/oto\u00f1o) seria mucho m\u00e1s efectivo, a la hora de organizar su vestuario.<\/span><\/div>\n<div style=\"font-family: Arial;line-height: normal;text-align: justify\">\n<\/div>\n<div style=\"font-family: Arial;line-height: normal;text-align: justify\">\n<\/div>\n<div style=\"font-family: Arial;line-height: normal;text-align: justify\">\n<span>10.- En lo referente a comentarios en general, cabe destacar que hay trabajadores\/as, que han solicitado chaquetas que <b>no le han llegado<\/b>, teniendo que \u201crehusar\u201d chaquetas de otras unidades con serigraf\u00eda diferente.<\/span><\/div>\n<div style=\"font-family: Arial;line-height: normal;text-align: justify\">\n<span>Otro aspecto importante, es lo que comentan sobre los <b>bolsillos de los anoraks<\/b>, <b>muy peque\u00f1os<\/b> para llevar el material necesario para trabajar. Hay demanda tambi\u00e9n, de <b>capas extra para invierno<\/b>, sea chaqueta sea forro polar.&nbsp;<\/span><\/div>\n<div style=\"font-family: Arial;line-height: normal;text-align: justify\">\n<span>Cabe destacar una frase entre los comentarios, que se repite unas cuantas veces y es: <b><i>\u201cPantalones m\u00e1s efectivos y menos inteligentes\u201d<\/i><\/b>, lo que denota el descontento en cuanto a disponer de un pantal\u00f3n para todo el a\u00f1o.<\/span><\/div>\n<div style=\"font-family: Arial;line-height: normal;min-height: 14px;text-align: justify\">\n<span><\/span><\/div>\n<div style=\"font-family: Arial;line-height: normal;text-align: justify\">\n<span>Tambi\u00e9n es destacable el hecho que hay un n\u00famero de personas que pasan <b>calor en verano y fr\u00edo en invierno<\/b>, pidiendo <b>guantes adaptados a usar terminales,<\/b> sin tener que sacrificar el calor que proporcionan, o son muy c\u00f3modos y fr\u00edos o son calientes y poco funcionales, tambi\u00e9n piden un windstoper efectivo como el antiguo que se utilizaba en AREA.<\/span><\/div>\n<div style=\"font-family: Arial;line-height: normal;min-height: 14px;text-align: justify\">\n<span><\/span><\/div>\n<div style=\"font-family: Arial;line-height: normal;text-align: justify\">\n<span>Se comenta en diversas ocasiones, que se necesita mas <b>ropa transpirable<\/b>, lo cual <b>evitar\u00e1 calor y reacciones al\u00e9rgicas, <\/b>se solicita ropa de verano de<b> algod\u00f3n.<\/b><\/span><\/div>\n<div style=\"font-family: Arial;line-height: normal;min-height: 14px;text-align: justify\">\n<span><\/span><\/div>\n<p><\/p>\n<div style=\"font-family: Arial;line-height: normal;text-align: justify\">\n<span>En definitiva la <b>gran mayor\u00eda de los encuestados no est\u00e1n nada contentos con el vestuario<\/b>, sobretodo en <b>calidad<\/b> de materiales adaptados al puesto y condiciones y mucho menos en los plazos de entrega, que son costosos y largos y en algunos casos, inexistentes.<\/span><\/div>\n<div style=\"font-family: Arial;line-height: normal;text-align: justify\">\n<span><br \/><\/span><\/div>\n<div style=\"font-family: Arial;line-height: normal;text-align: justify\">\n<span><span style=\"font-size: x-small\">Informe entregado al Servicio de Prevenci\u00f3n, el dia 27\/01\/2020<\/span><\/span><\/div>\n<div>\n<span><br \/><\/span><\/div>\n","protected":false},"excerpt":{"rendered":"<p>Primero de todo, queremos agradecer la participaci\u00f3n de 171 trabajadores\/as de B:SM, que han rellenado la encuesta que difundimos hace unas semanas. A continuaci\u00f3n, analizamos los resultados: 1.- A un &#8230; <a title=\"Resultados Encuesta Vestuario 2020\" class=\"read-more\" href=\"https:\/\/ccoo.app\/barcelona-serveis-municipals\/resultados-encuesta-vestuario-2020\/\" aria-label=\"M\u00e9s informaci\u00f3 sobre Resultados Encuesta Vestuario 2020\">Read more<\/a><\/p>\n","protected":false},"author":4886,"featured_media":0,"comment_status":"closed","ping_status":"closed","sticky":false,"template":"","format":"standard","meta":{"footnotes":""},"categories":[28],"tags":[],"class_list":["post-2845","post","type-post","status-publish","format-standard","hentry","category-salut-laboral","generate-columns","tablet-grid-50","mobile-grid-100","grid-parent","grid-33"],"_links":{"self":[{"href":"https:\/\/ccoo.app\/barcelona-serveis-municipals\/wp-json\/wp\/v2\/posts\/2845","targetHints":{"allow":["GET"]}}],"collection":[{"href":"https:\/\/ccoo.app\/barcelona-serveis-municipals\/wp-json\/wp\/v2\/posts"}],"about":[{"href":"https:\/\/ccoo.app\/barcelona-serveis-municipals\/wp-json\/wp\/v2\/types\/post"}],"author":[{"embeddable":true,"href":"https:\/\/ccoo.app\/barcelona-serveis-municipals\/wp-json\/wp\/v2\/users\/4886"}],"replies":[{"embeddable":true,"href":"https:\/\/ccoo.app\/barcelona-serveis-municipals\/wp-json\/wp\/v2\/comments?post=2845"}],"version-history":[{"count":1,"href":"https:\/\/ccoo.app\/barcelona-serveis-municipals\/wp-json\/wp\/v2\/posts\/2845\/revisions"}],"predecessor-version":[{"id":3419,"href":"https:\/\/ccoo.app\/barcelona-serveis-municipals\/wp-json\/wp\/v2\/posts\/2845\/revisions\/3419"}],"wp:attachment":[{"href":"https:\/\/ccoo.app\/barcelona-serveis-municipals\/wp-json\/wp\/v2\/media?parent=2845"}],"wp:term":[{"taxonomy":"category","embeddable":true,"href":"https:\/\/ccoo.app\/barcelona-serveis-municipals\/wp-json\/wp\/v2\/categories?post=2845"},{"taxonomy":"post_tag","embeddable":true,"href":"https:\/\/ccoo.app\/barcelona-serveis-municipals\/wp-json\/wp\/v2\/tags?post=2845"}],"curies":[{"name":"wp","href":"https:\/\/api.w.org\/{rel}","templated":true}]}}