{"id":2844,"date":"2020-02-06T19:31:00","date_gmt":"2020-02-06T18:31:00","guid":{"rendered":"https:\/\/ccoo.app\/barcelona-serveis-municipals\/analisis-resultados-encuesta-condiciones-laborales-cso\/"},"modified":"2023-05-17T13:12:53","modified_gmt":"2023-05-17T11:12:53","slug":"analisis-resultados-encuesta-condiciones-laborales-cso","status":"publish","type":"post","link":"https:\/\/ccoo.app\/barcelona-serveis-municipals\/analisis-resultados-encuesta-condiciones-laborales-cso\/","title":{"rendered":"An\u00e1lisis resultados encuesta condiciones laborales CSO"},"content":{"rendered":"<div style=\"text-align: justify\">\n<span style=\", sans-serif\">Hace una semana, difundimos entre los compa\u00f1eros\/as del CSO una encuesta, sobre sus condiciones laborales, a continuaci\u00f3n os informamos de los resultados obtenidos, los cu\u00e1les ya han sido entregados a la Direcci\u00f3n de B:SM, para su conocimiento, an\u00e1lisis y para que tomen medidas al respecto.<\/span><\/div>\n<div style=\"text-align: justify\">\n<span style=\", sans-serif\"><br \/><\/span><\/div>\n<div style=\"text-align: justify\">\n<span><span lang=\"ES-TRAD\" style=\", sans-serif;font-size: 13.0pt\">Destacar el grado de participaci\u00f3n, con un 69,77%.<\/span><\/span><span><span lang=\"ES-TRAD\" style=\", sans-serif;font-size: 13.0pt\"><\/span><\/span><\/div>\n<div style=\"text-align: justify\">\n<\/div>\n<div style=\"text-align: justify\">\n<span><span lang=\"ES-TRAD\" style=\", sans-serif;font-size: 13.0pt\">De las respuestas manifestadas,<br \/>\ndestaca por encima de todas, dos cuestiones que tienen la unanimidad de todo el<br \/>\npersonal, una, sobre las actuales instalaciones del CSO, donde todos los<br \/>\ntrabajadores\/as coinciden <\/span><\/span><span><span lang=\"ES-TRAD\" style=\", sans-serif;font-size: 13.0pt\">en que no son adecuadas y otra, que las instalaciones tienen mala<br \/>\nventilaci\u00f3n.<\/span><\/span><span><span lang=\"ES-TRAD\" style=\", sans-serif;font-size: 13.0pt\"><\/span><\/span><\/div>\n<div style=\"text-align: justify\">\n<\/div>\n<div style=\"margin-left: 9.45pt;text-align: justify;text-indent: -9.45pt\">\n<!--[if !supportLists]--><span lang=\"ES-TRAD\" style=\", sans-serif;font-size: 13.0pt\"><span>&#8211;<span>&nbsp;&nbsp;<br \/>\n<\/span><\/span><\/span><!--[endif]--><span><span lang=\"ES-TRAD\" style=\", sans-serif;font-size: 13.0pt\">Consideras que las actuales instalaciones del CSO, en<br \/>\nplanta -1 de Calabria son las adecuadas? 100% de respuestas negativas.<\/span><\/span><span lang=\"ES-TRAD\" style=\", sans-serif;font-size: 13.0pt\"><\/span><br \/>\n<span><span lang=\"ES-TRAD\" style=\", sans-serif;font-size: 13.0pt\"><a href=\"http:\/\/3.bp.blogspot.com\/-n-1eFTdAFvU\/Xj_Ux6M29yI\/AAAAAAAABfo\/UUC-qqGqZioCxxyoFBfBdBDnNeUw-CpvwCK4BGAYYCw\/s1600\/1.png\"><img loading=\"lazy\" decoding=\"async\" border=\"0\" height=\"167\" src=\"https:\/\/3.bp.blogspot.com\/-n-1eFTdAFvU\/Xj_Ux6M29yI\/AAAAAAAABfo\/UUC-qqGqZioCxxyoFBfBdBDnNeUw-CpvwCK4BGAYYCw\/s400\/1.png\" width=\"400\" \/><\/a><\/span><\/span><\/div>\n<div style=\"clear: both;text-align: center\">\n<\/div>\n<div style=\"clear: both;text-align: justify\">\n<\/div>\n<div style=\"text-align: justify\">\n<span style=\", sans-serif;font-size: 13pt\">Porque consideras que son inadecuadas?<\/span><\/div>\n<div style=\"text-align: justify\">\n<\/div>\n<div style=\"margin-left: 9.45pt;text-align: justify;text-indent: -9.45pt\">\n<!--[if !supportLists]--><span lang=\"ES-TRAD\" style=\", sans-serif;font-size: 13.0pt\"><span>&#8211;<span>&nbsp;&nbsp;<br \/>\n<\/span><\/span><\/span><!--[endif]--><span><span lang=\"ES-TRAD\" style=\", sans-serif;font-size: 13.0pt\">Mala ventilaci\u00f3n, con un 100%<\/span><\/span><span lang=\"ES-TRAD\" style=\", sans-serif;font-size: 13.0pt\"><\/span><\/div>\n<div style=\"margin-left: 9.45pt;text-align: justify;text-indent: -9.45pt\">\n<!--[if !supportLists]--><span lang=\"ES-TRAD\" style=\", sans-serif;font-size: 13.0pt\"><span>&#8211;<span>&nbsp;&nbsp;<br \/>\n<\/span><\/span><\/span><!--[endif]--><span><span lang=\"ES-TRAD\" style=\", sans-serif;font-size: 13.0pt\">Falta de luz natural con un 96,7%<\/span><\/span><span lang=\"ES-TRAD\" style=\", sans-serif;font-size: 13.0pt\"><\/span><\/div>\n<div style=\"margin-left: 9.45pt;text-align: justify;text-indent: -9.45pt\">\n<!--[if !supportLists]--><span lang=\"ES-TRAD\" style=\", sans-serif;font-size: 13.0pt\"><span>&#8211;<span>&nbsp;&nbsp;<br \/>\n<\/span><\/span><\/span><!--[endif]--><span><span lang=\"ES-TRAD\" style=\", sans-serif;font-size: 13.0pt\">Falta de salidas de emergencia con un 73,3%<\/span><\/span><span lang=\"ES-TRAD\" style=\", sans-serif;font-size: 13.0pt\"><\/span><\/div>\n<div style=\"margin-left: 9.45pt;text-align: justify;text-indent: -9.45pt\">\n<!--[if !supportLists]--><span lang=\"ES-TRAD\" style=\", sans-serif;font-size: 13.0pt\"><span>&#8211;<span>&nbsp;&nbsp;<br \/>\n<\/span><\/span><\/span><!--[endif]--><span><span lang=\"ES-TRAD\" style=\", sans-serif;font-size: 13.0pt\">Poco espacio, con un 63,3% <\/span><\/span><span lang=\"ES-TRAD\" style=\", sans-serif;font-size: 13.0pt\"><\/span><br \/>\n<span><span lang=\"ES-TRAD\" style=\", sans-serif;font-size: 13.0pt\"><a href=\"http:\/\/2.bp.blogspot.com\/-af9OkZPwgaU\/Xj_U8Sr77NI\/AAAAAAAABfw\/DqPnvfal2wU_l9_XFOQlrTmHn51AQbTywCK4BGAYYCw\/s1600\/2.png\"><img loading=\"lazy\" decoding=\"async\" border=\"0\" height=\"190\" src=\"https:\/\/2.bp.blogspot.com\/-af9OkZPwgaU\/Xj_U8Sr77NI\/AAAAAAAABfw\/DqPnvfal2wU_l9_XFOQlrTmHn51AQbTywCK4BGAYYCw\/s400\/2.png\" width=\"400\" \/><\/a><\/span><\/span><\/div>\n<div style=\"clear: both;text-align: center\">\n<\/div>\n<div style=\"clear: both;text-align: justify\">\n<span style=\", sans-serif;font-size: 13pt\">Es soportable el nivel de estr\u00e9s que<br \/>\nse genera en las instalaciones?<\/span><\/div>\n<div style=\"text-align: justify\">\n<\/div>\n<div style=\"margin-left: 9.45pt;text-align: justify;text-indent: -9.45pt\">\n<!--[if !supportLists]--><span lang=\"ES-TRAD\" style=\", sans-serif;font-size: 13.0pt\"><span>&#8211;<span>&nbsp;&nbsp;<br \/>\n<\/span><\/span><\/span><!--[endif]--><span><span lang=\"ES-TRAD\" style=\", sans-serif;font-size: 13.0pt\">Solo un 13,3% lo ve aceptable, siendo hasta un 82,2% que no<br \/>\nlo ven soportable. Estos resultados se acrecientan debido a las propias instalaciones,<br \/>\nm\u00e1s que al propio trabajo realizado.<\/span><\/span><span lang=\"ES-TRAD\" style=\", sans-serif;font-size: 13.0pt\"><\/span><\/div>\n<div style=\"clear: both;text-align: left\">\n<a href=\"http:\/\/2.bp.blogspot.com\/-EdqNlgclwco\/Xj_VE3oZrXI\/AAAAAAAABf8\/58M31V0l07IL9HHdFVmWx7QbDPNpaFUOQCK4BGAYYCw\/s1600\/3.png\"><img loading=\"lazy\" decoding=\"async\" border=\"0\" height=\"167\" src=\"https:\/\/2.bp.blogspot.com\/-EdqNlgclwco\/Xj_VE3oZrXI\/AAAAAAAABf8\/58M31V0l07IL9HHdFVmWx7QbDPNpaFUOQCK4BGAYYCw\/s400\/3.png\" width=\"400\" \/><\/a><\/div>\n<div style=\"clear: both;text-align: justify\">\n<span style=\", sans-serif;font-size: 13pt\">Consideras adecuado, el actual sistema de formaci\u00f3n del<br \/>\npersonal en las propias instalaciones?<\/span><\/div>\n<div style=\"text-align: justify\">\n<\/div>\n<div style=\"margin-left: 9.45pt;text-align: justify;text-indent: -9.45pt\">\n<!--[if !supportLists]--><span lang=\"ES-TRAD\" style=\", sans-serif;font-size: 13.0pt\"><span>&#8211;<span>&nbsp;&nbsp;<br \/>\n<\/span><\/span><\/span><!--[endif]--><span><span lang=\"ES-TRAD\" style=\", sans-serif;font-size: 13.0pt\">Un 76,6% no lo ve adecuado, ya que el entorno de trabajo y<br \/>\nel tener que atender tus cuestiones diarias, no ayuda a reducir el estr\u00e9s que<br \/>\nse comentaba en el punto anterior.<\/span><\/span><span lang=\"ES-TRAD\" style=\", sans-serif;font-size: 13.0pt\"><\/span><br \/>\n<span><span lang=\"ES-TRAD\" style=\", sans-serif;font-size: 13.0pt\"><a href=\"http:\/\/1.bp.blogspot.com\/-fyhinWDaw4c\/Xj_VIsVtFlI\/AAAAAAAABgE\/8SualADp95oJm1PWt53-SIO7qNl2PFVKQCK4BGAYYCw\/s1600\/4.png\"><img loading=\"lazy\" decoding=\"async\" border=\"0\" height=\"167\" src=\"https:\/\/1.bp.blogspot.com\/-fyhinWDaw4c\/Xj_VIsVtFlI\/AAAAAAAABgE\/8SualADp95oJm1PWt53-SIO7qNl2PFVKQCK4BGAYYCw\/s400\/4.png\" width=\"400\" \/><\/a><\/span><\/span><\/div>\n<div style=\"clear: both;text-align: center\">\n<\/div>\n<div style=\"clear: both;text-align: justify\">\n<span style=\", sans-serif;font-size: 13pt\">Consideras necesario ampliar el<br \/>\npersonal del CSO?<\/span><\/div>\n<div style=\"text-align: justify\">\n<\/div>\n<div style=\"margin-left: 9.45pt;text-align: justify;text-indent: -9.45pt\">\n<!--[if !supportLists]--><span lang=\"ES-TRAD\" style=\", sans-serif;font-size: 13.0pt\"><span>&#8211;<span>&nbsp;&nbsp;<br \/>\n<\/span><\/span><\/span><!--[endif]--><span><span lang=\"ES-TRAD\" style=\", sans-serif;font-size: 13.0pt\">Un 56,6% del personal considera que es necesario ampliar el<br \/>\npersonal.<\/span><\/span><span lang=\"ES-TRAD\" style=\", sans-serif;font-size: 13.0pt\"><\/span><\/div>\n<div style=\"text-align: justify\">\n<a href=\"http:\/\/2.bp.blogspot.com\/-qa1GCv7T1G4\/Xj_VMHV452I\/AAAAAAAABgM\/Zp4i18XL1B4yoxSzou7BQpwds7TFvMV7QCK4BGAYYCw\/s1600\/5.png\"><img loading=\"lazy\" decoding=\"async\" border=\"0\" height=\"167\" src=\"https:\/\/2.bp.blogspot.com\/-qa1GCv7T1G4\/Xj_VMHV452I\/AAAAAAAABgM\/Zp4i18XL1B4yoxSzou7BQpwds7TFvMV7QCK4BGAYYCw\/s400\/5.png\" width=\"400\" \/><\/a><\/div>\n<div style=\"clear: both;text-align: center\">\n<\/div>\n<div style=\"clear: both;text-align: justify\">\n<span><span lang=\"ES-TRAD\" style=\", sans-serif;font-size: 13.0pt\">Son adecuadas las car<\/span><\/span><span><span lang=\"ES-TRAD\" style=\", sans-serif;font-size: 13.0pt\">gas o ritmos de trabajo, que se mantienen<br \/>\nen el CSO?<\/span><\/span><\/div>\n<div style=\"text-align: justify\">\n<\/div>\n<div style=\"margin-left: 9.45pt;text-align: justify;text-indent: -9.45pt\">\n<!--[if !supportLists]--><span lang=\"ES-TRAD\" style=\", sans-serif;font-size: 13.0pt\"><span>&#8211;<span>&nbsp;&nbsp;<br \/>\n<\/span><\/span><\/span><!--[endif]--><span><span lang=\"ES-TRAD\" style=\", sans-serif;font-size: 13.0pt\">S\u00f3lo un 3,3% considera que son aceptables, claro s\u00edntoma de<br \/>\nuna mala organizaci\u00f3n.<\/span><\/span><span lang=\"ES-TRAD\" style=\", sans-serif;font-size: 13.0pt\"><\/span><br \/>\n<span><span lang=\"ES-TRAD\" style=\", sans-serif;font-size: 13.0pt\"><a href=\"http:\/\/2.bp.blogspot.com\/-P2r4TsP1zEQ\/Xj_VQ7SRxQI\/AAAAAAAABgU\/XQjcGvXD1ogAhAunwItbXwBbV1nMNZ6JQCK4BGAYYCw\/s1600\/6.png\"><img loading=\"lazy\" decoding=\"async\" border=\"0\" height=\"167\" src=\"https:\/\/2.bp.blogspot.com\/-P2r4TsP1zEQ\/Xj_VQ7SRxQI\/AAAAAAAABgU\/XQjcGvXD1ogAhAunwItbXwBbV1nMNZ6JQCK4BGAYYCw\/s400\/6.png\" width=\"400\" \/><\/a><\/span><\/span><\/div>\n<div style=\"clear: both;text-align: center\">\n<\/div>\n<div style=\"clear: both;text-align: justify\">\n<span style=\", sans-serif;font-size: 13pt\">Consideras que el CSO es actualmente<br \/>\nun centro de soporte o se ha convertido en un centro de coordinaci\u00f3n y mando?<\/span><\/div>\n<div style=\"text-align: justify\">\n<\/div>\n<div style=\"margin-left: 9.45pt;text-align: justify;text-indent: -9.45pt\">\n<!--[if !supportLists]--><span lang=\"ES-TRAD\" style=\", sans-serif;font-size: 13.0pt\"><span>&#8211;<span>&nbsp;&nbsp;<br \/>\n<\/span><\/span><\/span><!--[endif]--><span><span lang=\"ES-TRAD\" style=\", sans-serif;font-size: 13.0pt\">Un 80% considera que que el CSO, es actualmente un centro<br \/>\nde coordinaci\u00f3n y mando, s\u00f3lo un 3,4% lo considera un centro de soporte.<\/span><\/span><span lang=\"ES-TRAD\" style=\", sans-serif;font-size: 13.0pt\"><\/span><\/div>\n<div style=\"text-align: justify\">\n<a href=\"http:\/\/2.bp.blogspot.com\/-rVCNiJt9WUo\/Xj_VU8tVIkI\/AAAAAAAABgc\/OaDUv3O9JAUCx19opTa_xna6z2Tov_uIACK4BGAYYCw\/s1600\/7.png\"><img loading=\"lazy\" decoding=\"async\" border=\"0\" height=\"181\" src=\"https:\/\/2.bp.blogspot.com\/-rVCNiJt9WUo\/Xj_VU8tVIkI\/AAAAAAAABgc\/OaDUv3O9JAUCx19opTa_xna6z2Tov_uIACK4BGAYYCw\/s400\/7.png\" width=\"400\" \/><\/a><\/div>\n<div style=\"clear: both;text-align: center\">\n<\/div>\n<div style=\"clear: both;text-align: justify\">\n<span><span lang=\"ES-TRAD\" style=\", sans-serif;font-size: 13.0pt\">Consideras adecuada tu act<\/span><\/span><span><span lang=\"ES-TRAD\" style=\", sans-serif;font-size: 13.0pt\">ual categor\u00eda laboral, en consonancia<br \/>\ncon el trabajo que desarrollas?<\/span><\/span><\/div>\n<div style=\"text-align: justify\">\n<\/div>\n<div style=\"margin-left: 9.45pt;text-align: justify;text-indent: -9.45pt\">\n<!--[if !supportLists]--><span lang=\"ES-TRAD\" style=\", sans-serif;font-size: 13.0pt\"><span>&#8211;<span>&nbsp;&nbsp;<br \/>\n<\/span><\/span><\/span><!--[endif]--><span><span lang=\"ES-TRAD\" style=\", sans-serif;font-size: 13.0pt\">Un 85,7% considera que no<\/span><\/span><span lang=\"ES-TRAD\" style=\", sans-serif;font-size: 13.0pt\"><\/span><br \/>\n<span><span lang=\"ES-TRAD\" style=\", sans-serif;font-size: 13.0pt\"><a href=\"http:\/\/4.bp.blogspot.com\/-8Nkfs_ZuxDE\/Xj_Vafp5GgI\/AAAAAAAABgo\/RyIF9NwDJ4gRnj2wVTDP8Ab2tEpMGBJpwCK4BGAYYCw\/s1600\/8.png\"><img loading=\"lazy\" decoding=\"async\" border=\"0\" height=\"167\" src=\"https:\/\/4.bp.blogspot.com\/-8Nkfs_ZuxDE\/Xj_Vafp5GgI\/AAAAAAAABgo\/RyIF9NwDJ4gRnj2wVTDP8Ab2tEpMGBJpwCK4BGAYYCw\/s400\/8.png\" width=\"400\" \/><\/a><\/span><\/span><\/div>\n<div style=\"clear: both;text-align: center\">\n<\/div>\n<div style=\"clear: both;text-align: justify\">\n<span style=\", sans-serif;font-size: 13pt\">En cu\u00e1nto a la categor\u00eda que m\u00e1s se<br \/>\nasemejar\u00eda seg\u00fan los propios trabajadores\/as son:<\/span><\/div>\n<div style=\"text-align: justify\">\n<\/div>\n<div style=\"margin-left: 9.45pt;text-align: justify;text-indent: -9.45pt\">\n<!--[if !supportLists]--><span lang=\"ES-TRAD\" style=\", sans-serif;font-size: 13.0pt\"><span>&#8211;<span>&nbsp;&nbsp;<br \/>\n<\/span><\/span><\/span><!--[endif]--><span><span lang=\"ES-TRAD\" style=\", sans-serif;font-size: 13.0pt\">T\u00e9cnico<\/span><\/span><span lang=\"ES-TRAD\" style=\", sans-serif;font-size: 13.0pt\"><\/span><\/div>\n<div style=\"margin-left: 9.45pt;text-align: justify;text-indent: -9.45pt\">\n<!--[if !supportLists]--><span lang=\"ES-TRAD\" style=\", sans-serif;font-size: 13.0pt\"><span>&#8211;<span>&nbsp;&nbsp;<br \/>\n<\/span><\/span><\/span><!--[endif]--><span><span lang=\"ES-TRAD\" style=\", sans-serif;font-size: 13.0pt\">Coordinador<\/span><\/span><span lang=\"ES-TRAD\" style=\", sans-serif;font-size: 13.0pt\"><\/span><\/div>\n<div style=\"margin-left: 9.45pt;text-align: justify;text-indent: -9.45pt\">\n<!--[if !supportLists]--><span lang=\"ES-TRAD\" style=\", sans-serif;font-size: 13.0pt\"><span>&#8211;<span>&nbsp;&nbsp;<br \/>\n<\/span><\/span><\/span><!--[endif]--><span><span lang=\"ES-TRAD\" style=\", sans-serif;font-size: 13.0pt\">Supervisor<\/span><\/span><span lang=\"ES-TRAD\" style=\", sans-serif;font-size: 13.0pt\"><\/span><\/div>\n<div style=\"margin-left: 9.45pt;text-align: justify;text-indent: -9.45pt\">\n<!--[if !supportLists]--><span lang=\"ES-TRAD\" style=\", sans-serif;font-size: 13.0pt\"><span>&#8211;<span>&nbsp;&nbsp;<br \/>\n<\/span><\/span><\/span><!--[endif]--><span><span lang=\"ES-TRAD\" style=\", sans-serif;font-size: 13.0pt\">Responsable<\/span><\/span><span lang=\"ES-TRAD\" style=\", sans-serif;font-size: 13.0pt\"><\/span><\/div>\n<div style=\"margin-left: 9.45pt;text-align: justify;text-indent: -9.45pt\">\n<!--[if !supportLists]--><span lang=\"ES-TRAD\" style=\", sans-serif;font-size: 13.0pt\"><span>&#8211;<span>&nbsp;&nbsp;<br \/>\n<\/span><\/span><\/span><!--[endif]--><span><span lang=\"ES-TRAD\" style=\", sans-serif;font-size: 13.0pt\">Categor\u00eda acorde a centro de organizaci\u00f3n o mando<\/span><\/span><span lang=\"ES-TRAD\" style=\", sans-serif;font-size: 13.0pt\"><\/span><\/div>\n<div style=\"margin-left: 9.45pt;text-align: justify;text-indent: -9.45pt\">\n<span><span lang=\"ES-TRAD\" style=\", sans-serif;font-size: 13.0pt\"><br \/><\/span><\/span><\/div>\n<div style=\"text-align: justify\">\n<span><b><span lang=\"ES-TRAD\" style=\", sans-serif;font-size: 13.0pt\">Comentarios adicionales<\/span><\/b><\/span><span><b><span lang=\"ES-TRAD\" style=\", sans-serif;font-size: 13.0pt\"><\/span><\/b><\/span><\/div>\n<div style=\"text-align: justify\">\n<\/div>\n<div style=\"text-align: justify\">\n<span><span lang=\"ES-TRAD\" style=\", sans-serif;font-size: 13.0pt\">Nos gustar\u00eda resaltar que la totalidad<br \/>\nde los comentarios adicionales, vienen a reforzar la necesidad de un cambio de<br \/>\nubicaci\u00f3n del centro de trabajo, as\u00ed como un replanteamiento a fondo de lo que<br \/>\nactualmente es el CSO.<\/span><\/span><span><span lang=\"ES-TRAD\" style=\", sans-serif;font-size: 13.0pt\"><\/span><\/span><\/div>\n<div style=\"text-align: justify\">\n<\/div>\n<div style=\"text-align: justify\">\n<span><span lang=\"ES-TRAD\" style=\", sans-serif;font-size: 13.0pt\">Queremos resaltar un par de<br \/>\ncomentarios, que son un fiel reflejo del sentir mayoritario de los<br \/>\ntrabajadores\/as del departamento:<\/span><\/span><span><span lang=\"ES-TRAD\" style=\", sans-serif;font-size: 13.0pt\"><\/span><\/span><\/div>\n<div style=\"text-align: justify\">\n<\/div>\n<div style=\"text-align: justify\">\n<span><i><span lang=\"ES-TRAD\" style=\", sans-serif;font-size: 13.0pt\">&#8211; \u201c<\/span><\/i><\/span><span><i><span lang=\"PT\" style=\", sans-serif;font-size: 13.0pt\">El CSO cada d<\/span><\/i><\/span><span><i><span lang=\"ES-TRAD\" style=\", sans-serif;font-size: 13.0pt\">\u00eda va a peor, m\u00e1s funciones, m\u00e1s<br \/>\ntareas, m\u00e1s protocolos e<\/span><\/i><\/span><span><i><span lang=\"ES-TRAD\" style=\", sans-serif;font-size: 13.0pt\">n unas condiciones infrahumanas,<br \/>\ntecnolog\u00eda obsoleta que no soporta toda la informaci\u00f3n, equipos tercermundistas<br \/>\nque hace que cada vez sea peor realizar mis funciones\u201d.<\/span><\/i><\/span><span><i><span lang=\"ES-TRAD\" style=\", sans-serif;font-size: 13.0pt\"><\/span><\/i><\/span><br \/>\n<span><i><span lang=\"ES-TRAD\" style=\", sans-serif;font-size: 13.0pt\"><br \/><\/span><\/i><\/span><br \/>\n<\/p>\n<div>\n<span><span lang=\"ES-TRAD\" style=\", sans-serif;font-size: 13.0pt\">&#8211; <i>\u201cLas personas que creen que este<br \/>\nlugar es apto para trabajar. Lo han decidido desde un despacho bien iluminando<br \/>\ny bien ventilado. <\/i><\/span><\/span><\/div>\n<div>\n<span><span lang=\"ES-TRAD\" style=\", sans-serif;font-size: 13.0pt\"><i>Deber\u00edan probar a trabajar 8 horas<br \/>\ndiarias durante a\u00f1os en un s\u00f3tano y luego les preguntamos a ver qu\u00e9 les parece.\u201d<\/i><\/span><\/span><\/div>\n<div>\n<\/div>\n<div>\n<\/div>\n<div>\n<span><span lang=\"ES-TRAD\" style=\", sans-serif;font-size: 13.0pt\"><b>Conclusiones de la encuesta realiza<br \/>\nsobre condiciones laborales en CSO<\/b><\/span><\/span><\/div>\n<div>\n<\/div>\n<div>\n<span><span lang=\"ES-TRAD\" style=\", sans-serif;font-size: 13.0pt\">El departamento del CSO debe salir lo<br \/>\nm\u00e1s urgentemente posible de su actual ubicaci\u00f3n, y establecer una nueva donde<br \/>\nhaya una mejor ventilaci\u00f3n y entrada de luz natural, para que los<br \/>\ntrabajadores\/as puedan desarrollar su trabajo en condiciones dignas y humanas.<\/span><\/span><\/div>\n<div>\n<\/div>\n<div>\n<span><span lang=\"ES-TRAD\" style=\", sans-serif;font-size: 13.0pt\">Por otro lado, se debe afrontar la<br \/>\ndicotom\u00eda entre Centro de Soporte y Centro de Coordinaci\u00f3n y mando, tal como se<br \/>\nve reflejado en las opiniones de los trabajadores\/as y en el d\u00eda a d\u00eda, d\u00f3nde<br \/>\nobservamos conflictos entre departamentos y entre compa\u00f1eros\/as. Para ello,<br \/>\ndeber\u00eda evaluarse el trabajo que actualmente realizan los trabajadores\/as,<br \/>\nadecu\u00e1ndolas la categor\u00eda a su rol actual.<\/span><\/span><\/div>\n<div>\n<\/div>\n<div>\n<span><span lang=\"ES-TRAD\" style=\", sans-serif;font-size: 13.0pt\">Sobre el aspecto de formaci\u00f3n en el<br \/>\nmismo lugar de trabajo, sin desatender el propio trabajo, deber\u00eda ser cambiado<br \/>\ndicho sistema, as\u00ed como formar al nuevo personal en la medida de lo posible sin<br \/>\nmolestar a los trabajadores\/as que ya est\u00e1n ejerciendo all\u00ed su labor, Hace<br \/>\nmeses, desde esta secci\u00f3n sindical se propuso crear formadores \u00fanicos y<br \/>\nvoluntarios, entre el propio personal, que puedan desatender su trabajo diario,<br \/>\nas\u00ed como habilitar un espacio separado y exclusivo de formaci\u00f3n para dicho<br \/>\npersonal, sin haber recibido respuesta sobre esta cuesti\u00f3n.<\/span><\/span><\/div>\n<div>\n<\/div>\n<div>\n<span><span lang=\"ES-TRAD\" style=\", sans-serif;font-size: 13.0pt\">Sobre la falta de personal, viene<br \/>\nligado al descontrol organizativo existente en dicha unidad y al no saber si la<br \/>\nDirecci\u00f3n de B:SM quiere un Centro de Soporte o un Centro de Coordinaci\u00f3n,<br \/>\nintentando hacer que parezca una cosa u otra en funci\u00f3n de sus intereses.<\/span><\/span><\/div>\n<div>\n<\/div>\n<div>\n<span><span lang=\"ES-TRAD\" style=\", sans-serif;font-size: 13.0pt\">En definitiva, entendemos que un<br \/>\ncambio inmediato de centro de trabajo, donde haya mejor ventilaci\u00f3n y luz<br \/>\nnatural, ser\u00eda el inicio de las posibles mejoras que nuestros compa\u00f1eros\/as ans\u00edan<br \/>\ny por ello no debemos perder un solo segundo en que dicho cambio se produzca lo<br \/>\nantes posible.<\/span><\/span><\/div>\n<div>\n<span><span lang=\"ES-TRAD\" style=\", sans-serif;font-size: 13.0pt\">Dicho cambio, debe ir acompa\u00f1ado de<br \/>\nlos cambios en categor\u00edas laborales, formaci\u00f3n, as\u00ed como en la propia<br \/>\norganizaci\u00f3n del departamento y de la empresa, para definir claramente lo que<br \/>\nes y debe ser el CSO, sin crear tensiones innecesarias entre trabajadores\/as.<\/span><\/span><\/div>\n<div>\n<\/div>\n<div>\n<span><span lang=\"ES-TRAD\" style=\", sans-serif;font-size: 13.0pt\">Es por ello, que anunciamos que desde CCOO, as\u00ed como el Comit\u00e9 de Empresa, si as\u00ed lo considera,<br \/>\nen caso de que la Direcci\u00f3n de B:SM no tome las medidas adecuadas, en el menor<br \/>\ntiempo posible, optaremos por otra v\u00eda de resoluci\u00f3n de conflictos, sin<br \/>\nrenunciar a ninguna de las posibles, en aras de la mejora de las condiciones de<br \/>\nlos trabajadores\/as del CSO.<\/span><\/span><\/div>\n<div>\n<\/div>\n<div>\n<\/div>\n<div>\n<span><span lang=\"ES-TRAD\" style=\", sans-serif;font-size: 13.0pt\">Atte. Secci\u00f3n Sindical CCOO_BSM<\/span><\/span><\/div>\n<p><span><\/p>\n<p><\/span><\/p>\n<div>\n<\/div>\n<\/div>\n<div style=\"text-align: justify\">\n<\/div>\n<div style=\"text-align: justify\">\n<\/div>\n","protected":false},"excerpt":{"rendered":"<p>Hace una semana, difundimos entre los compa\u00f1eros\/as del CSO una encuesta, sobre sus condiciones laborales, a continuaci\u00f3n os informamos de los resultados obtenidos, los cu\u00e1les ya han sido entregados a &#8230; <a title=\"An\u00e1lisis resultados encuesta condiciones laborales CSO\" class=\"read-more\" href=\"https:\/\/ccoo.app\/barcelona-serveis-municipals\/analisis-resultados-encuesta-condiciones-laborales-cso\/\" aria-label=\"M\u00e9s informaci\u00f3 sobre An\u00e1lisis resultados encuesta condiciones laborales CSO\">Read more<\/a><\/p>\n","protected":false},"author":4886,"featured_media":0,"comment_status":"closed","ping_status":"closed","sticky":false,"template":"","format":"standard","meta":{"footnotes":""},"categories":[40,28],"tags":[],"class_list":["post-2844","post","type-post","status-publish","format-standard","hentry","category-estructura","category-salut-laboral","generate-columns","tablet-grid-50","mobile-grid-100","grid-parent","grid-33"],"_links":{"self":[{"href":"https:\/\/ccoo.app\/barcelona-serveis-municipals\/wp-json\/wp\/v2\/posts\/2844","targetHints":{"allow":["GET"]}}],"collection":[{"href":"https:\/\/ccoo.app\/barcelona-serveis-municipals\/wp-json\/wp\/v2\/posts"}],"about":[{"href":"https:\/\/ccoo.app\/barcelona-serveis-municipals\/wp-json\/wp\/v2\/types\/post"}],"author":[{"embeddable":true,"href":"https:\/\/ccoo.app\/barcelona-serveis-municipals\/wp-json\/wp\/v2\/users\/4886"}],"replies":[{"embeddable":true,"href":"https:\/\/ccoo.app\/barcelona-serveis-municipals\/wp-json\/wp\/v2\/comments?post=2844"}],"version-history":[{"count":1,"href":"https:\/\/ccoo.app\/barcelona-serveis-municipals\/wp-json\/wp\/v2\/posts\/2844\/revisions"}],"predecessor-version":[{"id":3418,"href":"https:\/\/ccoo.app\/barcelona-serveis-municipals\/wp-json\/wp\/v2\/posts\/2844\/revisions\/3418"}],"wp:attachment":[{"href":"https:\/\/ccoo.app\/barcelona-serveis-municipals\/wp-json\/wp\/v2\/media?parent=2844"}],"wp:term":[{"taxonomy":"category","embeddable":true,"href":"https:\/\/ccoo.app\/barcelona-serveis-municipals\/wp-json\/wp\/v2\/categories?post=2844"},{"taxonomy":"post_tag","embeddable":true,"href":"https:\/\/ccoo.app\/barcelona-serveis-municipals\/wp-json\/wp\/v2\/tags?post=2844"}],"curies":[{"name":"wp","href":"https:\/\/api.w.org\/{rel}","templated":true}]}}