{"id":2843,"date":"2020-02-14T19:15:00","date_gmt":"2020-02-14T18:15:00","guid":{"rendered":"https:\/\/ccoo.app\/barcelona-serveis-municipals\/agents-civics-reconversio-inmediata-a-jornada-completa\/"},"modified":"2023-05-17T13:12:09","modified_gmt":"2023-05-17T11:12:09","slug":"agents-civics-reconversio-inmediata-a-jornada-completa","status":"publish","type":"post","link":"https:\/\/ccoo.app\/barcelona-serveis-municipals\/agents-civics-reconversio-inmediata-a-jornada-completa\/","title":{"rendered":"Agents C\u00edvics: Reconversi\u00f3 inmediata a jornada completa"},"content":{"rendered":"<p>Nom\u00e9s han passat dues setmanes, des de que va entrar en vigor la nova jornada parcial, que la empresa va aplicar als companys que van signar contracte indefinit fa poc, i ja podem constatar que:<\/p>\n<p>&#8211; Amb el mateix n\u00famero de treballadors, el servei es cobreix pitjor que quan estaven a jornada completa, convertint-se en habitual deixar serveis diaris sense cobrir.<\/p>\n<p>&#8211; Una jornada de 12h per als serveis en dies feiners, resulta esgotador f\u00edsica i mentalment per a qualsevol treballador, tot i estar en temporada baixa i esdev\u00e9 un greu risc psicosocial. No ens volem imaginar com seria aquest esgotament, en temporada alta i la calor de l\u2019estiu.<\/p>\n<p>&#8211; La ciutadania percep un pitjor servei, perqu\u00e8 resulta evident la poca pres\u00e8ncia d\u2019agents a les zones d\u2019actuaci\u00f3, havent-se manifestat ja diverses queixes verbals en aquest sentit.<\/p>\n<p>Es per aix\u00f2, que des de CCOO_BSM, ens reforcem en la posici\u00f3 contr\u00e0ria a aquesta jornada parcial que vam prendre des de l\u2019inici, que representa una regressi\u00f3 en condicions laborals per als treballadors, i de qualitat de servei per a la Unitat. I amb aquest comunicat sol\u00b7licitem:<\/p>\n<p>&#8211; Reconversi\u00f3 immediata a jornada completa, de tots els contractes que van ser modificats a jornada parcial, en el moment de la signatura per a esdevenir indefinits a partir del 3 de febrer, amb l\u2019objectiu de recuperar la p\u00e8rdua de condicions laborals, millorar la qualitat del servei, i donar compliment a l\u2019article 15.1 de la Llei de Prevenci\u00f3 de Riscos Laborals.<\/p>\n<p>&#8211; Que els companys afectats per aquesta jornada, no siguin perjudicats en el gaudi de minis i vacances, de manera que la empresa compensi el perjudici d\u2019aquesta jornada parcial, per a que aquests companys gaudeixin dels mateixos dies i condicions que la resta de companys a jornada completa.<\/p>\n<p>I per tal de resoldre la situaci\u00f3 \u00e0gilment, ens posem a disposici\u00f3 mitjan\u00e7ant el Comit\u00e9 d&#8217;empresa, instant a la Direcci\u00f3 de la Unitat i la Direcci\u00f3 Corporativa de RRHH, per reunir-nos d\u2019urg\u00e8ncia i tractar els temes anunciats anteriorment.<\/p>\n<div style=\"text-align: justify\">\nUs seguirem informant<\/div>\n","protected":false},"excerpt":{"rendered":"<p>Nom\u00e9s han passat dues setmanes, des de que va entrar en vigor la nova jornada parcial, que la empresa va aplicar als companys que van signar contracte indefinit fa poc, &#8230; <a title=\"Agents C\u00edvics: Reconversi\u00f3 inmediata a jornada completa\" class=\"read-more\" href=\"https:\/\/ccoo.app\/barcelona-serveis-municipals\/agents-civics-reconversio-inmediata-a-jornada-completa\/\" aria-label=\"M\u00e9s informaci\u00f3 sobre Agents C\u00edvics: Reconversi\u00f3 inmediata a jornada completa\">Read more<\/a><\/p>\n","protected":false},"author":4886,"featured_media":0,"comment_status":"closed","ping_status":"closed","sticky":false,"template":"","format":"standard","meta":{"footnotes":""},"categories":[37,28],"tags":[],"class_list":["post-2843","post","type-post","status-publish","format-standard","hentry","category-agents-civics","category-salut-laboral","generate-columns","tablet-grid-50","mobile-grid-100","grid-parent","grid-33"],"_links":{"self":[{"href":"https:\/\/ccoo.app\/barcelona-serveis-municipals\/wp-json\/wp\/v2\/posts\/2843","targetHints":{"allow":["GET"]}}],"collection":[{"href":"https:\/\/ccoo.app\/barcelona-serveis-municipals\/wp-json\/wp\/v2\/posts"}],"about":[{"href":"https:\/\/ccoo.app\/barcelona-serveis-municipals\/wp-json\/wp\/v2\/types\/post"}],"author":[{"embeddable":true,"href":"https:\/\/ccoo.app\/barcelona-serveis-municipals\/wp-json\/wp\/v2\/users\/4886"}],"replies":[{"embeddable":true,"href":"https:\/\/ccoo.app\/barcelona-serveis-municipals\/wp-json\/wp\/v2\/comments?post=2843"}],"version-history":[{"count":1,"href":"https:\/\/ccoo.app\/barcelona-serveis-municipals\/wp-json\/wp\/v2\/posts\/2843\/revisions"}],"predecessor-version":[{"id":3417,"href":"https:\/\/ccoo.app\/barcelona-serveis-municipals\/wp-json\/wp\/v2\/posts\/2843\/revisions\/3417"}],"wp:attachment":[{"href":"https:\/\/ccoo.app\/barcelona-serveis-municipals\/wp-json\/wp\/v2\/media?parent=2843"}],"wp:term":[{"taxonomy":"category","embeddable":true,"href":"https:\/\/ccoo.app\/barcelona-serveis-municipals\/wp-json\/wp\/v2\/categories?post=2843"},{"taxonomy":"post_tag","embeddable":true,"href":"https:\/\/ccoo.app\/barcelona-serveis-municipals\/wp-json\/wp\/v2\/tags?post=2843"}],"curies":[{"name":"wp","href":"https:\/\/api.w.org\/{rel}","templated":true}]}}