{"id":998,"date":"2016-09-08T10:58:34","date_gmt":"2016-09-08T09:58:34","guid":{"rendered":"https:\/\/ccoo.app\/ajuntamentbarcelona\/?p=998"},"modified":"2016-09-08T10:58:34","modified_gmt":"2016-09-08T09:58:34","slug":"treball-fija-salario-1-000-euros-plan-empleo-mayores","status":"publish","type":"post","link":"https:\/\/ccoo.app\/ajuntamentbarcelona\/treball-fija-salario-1-000-euros-plan-empleo-mayores\/","title":{"rendered":"Treball fija un salario de 1.000 euros en su plan de empleo para mayores"},"content":{"rendered":"<p><img loading=\"lazy\" decoding=\"async\" class=\" wp-image-999\" src=\"http:\/\/ccoo.app\/ajuntamentbarcelona\/wp-content\/blogs.dir\/6\/files\/sites\/228\/2016\/09\/economia-acuerdo--300x190.jpg\" alt=\"Barcelona  07 09 2016  Economia Firma del acuerdo de contratacion de personas en situacion de paro para garantizar que cobraran 1 000 euros como minimo  FOTO de RICARD CUGAT\" width=\"420\" height=\"266\" srcset=\"https:\/\/ccoo.app\/ajuntamentbarcelona\/wp-content\/blogs.dir\/6\/files\/sites\/228\/2016\/09\/economia-acuerdo--300x190.jpg 300w, https:\/\/ccoo.app\/ajuntamentbarcelona\/wp-content\/blogs.dir\/6\/files\/sites\/228\/2016\/09\/economia-acuerdo--1024x648.jpg 1024w, https:\/\/ccoo.app\/ajuntamentbarcelona\/wp-content\/blogs.dir\/6\/files\/sites\/228\/2016\/09\/economia-acuerdo--768x486.jpg 768w, https:\/\/ccoo.app\/ajuntamentbarcelona\/wp-content\/blogs.dir\/6\/files\/sites\/228\/2016\/09\/economia-acuerdo-.jpg 1200w\" sizes=\"auto, (max-width: 420px) 100vw, 420px\" \/><\/p>\n<p><a href=\"http:\/\/www.elperiodico.com\/es\/noticias\/economia\/treball-fija-salario-1000-euros-plan-empleo-para-mayores-5365601\">elperiodico.com<\/a><\/p>\n<p><strong>Catalunya<\/strong> ha dado el primer paso para hacer efectiva la reclamaci\u00f3n de un <strong>salario m\u00ednimo <\/strong>de <strong>1.000 euros<\/strong>. La Generalitat, los sindicatos <strong>CCOO<\/strong> y <strong>UGT <\/strong>y las entidades municipalistas <strong>Federaci\u00f3 de Municipis de Catalunya<\/strong> (FMC) y<strong>Associaci\u00f3 Catalana de Municipis<\/strong> (ACM) han firmado este mi\u00e9rcoles un acuerdo que permitir\u00e1 convertirse en &#8216;<strong>mileuristas<\/strong>&#8216;\u00a0a 3.725\u00a0personas ahora en paro de larga duraci\u00f3n que entren en el nuevo programa <strong>Treball i Formaci\u00f3<\/strong> del <strong>Servei P\u00fablic d&#8217;Ocupaci\u00f3 de Catalunya<\/strong> (<strong>SOC<\/strong>). Adem\u00e1s, la duraci\u00f3n m\u00ednima de estos contratos ser\u00e1 de seis meses con un m\u00e1ximo de 12 meses, en este \u00faltimo caso solo para las personas sin empleo mayores de 55 a\u00f1os. La &#8216;consellera&#8217; de Treball, <strong>Dolors Bassa<\/strong>, y tambi\u00e9n los dirigentes sindicalistas y municipalistas destacaron el car\u00e1cter &#8220;simb\u00f3lico&#8221; de este acuerdo, tanto por la cantidad del salario para unos programas pensados para las personas con m\u00e1s dificultades para encontrar empleo, como por su duraci\u00f3n m\u00ednima, que de hecho ampl\u00eda la protecci\u00f3n social de este colectivo.<\/p>\n<p>El programa Treball i\u00a0Formaci\u00f3 ya existe, pero est\u00e1 menos menos dotado en dinero y sus contratos duran menos\u00a0que el nuevo. Para este\u00a0(con contratos que se har\u00e1n efectivos desde el 31 de diciembre del 2016 hasta el 30 de diciembre del 2017) se dispondr\u00e1 de 40 millones de euros (10 m\u00e1s que el del a\u00f1o pasado). Bassa destac\u00f3 que en los frustrados presupuestos de la Generalitat del\u00a02016 la cantidad dedicada a este programa habr\u00eda sido superior y que ahora se hab\u00eda podido ampliar pese a la pr\u00f3rroga presupuestaria por un cambio de prioridades en el departamento y el aumento de ingresos procedentes de la conferencia sectorial.<\/p>\n<p>PROGRAMAS LOCALES<\/p>\n<p>Los programas se canalizar\u00e1n a trav\u00e9s de los ayuntamientos y los empleos que se contraten deber\u00e1n tener una formaci\u00f3n espec\u00edfica y que no est\u00e9n previstos en el presupuesto\u00a0municipal como puestos de trabajo estructurales del municipio. La responsable de ocupaci\u00f3n de la FMC y alcaldesa de <strong>Tiana<\/strong>, Esther Pujol, puso un ejemplo: &#8220;Nosotros propondremos un empleo de limpiagrafittis, que ahora subcontratamos y que necesita una formaci\u00f3n sobre materiales qu\u00edmicos que posteriormente le puede servir a este persona para encontrar otro empleo&#8221;.<\/p>\n<p>Bassa reconoci\u00f3 que el programa llega a pocas personas ante las necesidades que hay en este colectivo de parados de larga duraci\u00f3n, pero lo calific\u00f3 de s\u00edmbolo del paso adelante que quiere hacer la Generalitat en <strong>pol\u00edticas activas de empleo<\/strong>, para que este sea m\u00e1s digno y estable. Los<strong> beneficiarios<\/strong> del plan ser\u00e1n personas en paro mayores de 45 a\u00f1os que hayan agotado la percepci\u00f3n o la ayuda por desempleo. Un tercio del total, 747 personas, mayores de 55 a\u00f1os , tendr\u00e1n un contrato de 12 meses. Para el secretario general de UGT,<strong>Camil Ros<\/strong>, otro\u00a0aspecto destacado del acuerdo es que &#8220;refuerza el sistema p\u00fablico y las pol\u00edticas p\u00fablicas de empleo&#8221;, mientras que para el l\u00edder de CCOO, <strong>Joan Carles Gallego<\/strong>, este programa tiene que servir para impulsar en la negociaci\u00f3n colectiva un salario m\u00ednimo m\u00e1s elevado. <strong>Isidre Sierra<\/strong>, de la ACM, resalt\u00f3 la ayuda que supone para los beneficiarios el car\u00e1cter formativo de estos contratos, porque les abre la puerta a futuros empleos. Sin embargo, hasta ahora no hay datos de los efectos en este sentido de los planes anteriores, seg\u00fan reconoci\u00f3 la &#8216;consellera&#8217;.<\/p>\n","protected":false},"excerpt":{"rendered":"<p>elperiodico.com Catalunya ha dado el primer paso para hacer efectiva la reclamaci\u00f3n de un salario m\u00ednimo de 1.000 euros. La Generalitat, los sindicatos CCOO y UGT y las entidades municipalistas &#8230; <\/p>\n<p class=\"read-more-container\"><a title=\"Treball fija un salario de 1.000 euros en su plan de empleo para mayores\" class=\"read-more button\" href=\"https:\/\/ccoo.app\/ajuntamentbarcelona\/treball-fija-salario-1-000-euros-plan-empleo-mayores\/#more-998\" aria-label=\"M\u00e9s informaci\u00f3 sobre Treball fija un salario de 1.000 euros en su plan de empleo para mayores\">Llegeix-ne m\u00e9s \u00bb<\/a><\/p>\n","protected":false},"author":97112,"featured_media":999,"comment_status":"open","ping_status":"open","sticky":false,"template":"","format":"standard","meta":{"footnotes":""},"categories":[304],"tags":[],"class_list":["post-998","post","type-post","status-publish","format-standard","has-post-thumbnail","hentry","category-ajuntament","generate-columns","tablet-grid-50","mobile-grid-100","grid-parent","grid-33"],"_links":{"self":[{"href":"https:\/\/ccoo.app\/ajuntamentbarcelona\/wp-json\/wp\/v2\/posts\/998","targetHints":{"allow":["GET"]}}],"collection":[{"href":"https:\/\/ccoo.app\/ajuntamentbarcelona\/wp-json\/wp\/v2\/posts"}],"about":[{"href":"https:\/\/ccoo.app\/ajuntamentbarcelona\/wp-json\/wp\/v2\/types\/post"}],"author":[{"embeddable":true,"href":"https:\/\/ccoo.app\/ajuntamentbarcelona\/wp-json\/wp\/v2\/users\/97112"}],"replies":[{"embeddable":true,"href":"https:\/\/ccoo.app\/ajuntamentbarcelona\/wp-json\/wp\/v2\/comments?post=998"}],"version-history":[{"count":0,"href":"https:\/\/ccoo.app\/ajuntamentbarcelona\/wp-json\/wp\/v2\/posts\/998\/revisions"}],"wp:featuredmedia":[{"embeddable":true,"href":"https:\/\/ccoo.app\/ajuntamentbarcelona\/wp-json\/wp\/v2\/media\/999"}],"wp:attachment":[{"href":"https:\/\/ccoo.app\/ajuntamentbarcelona\/wp-json\/wp\/v2\/media?parent=998"}],"wp:term":[{"taxonomy":"category","embeddable":true,"href":"https:\/\/ccoo.app\/ajuntamentbarcelona\/wp-json\/wp\/v2\/categories?post=998"},{"taxonomy":"post_tag","embeddable":true,"href":"https:\/\/ccoo.app\/ajuntamentbarcelona\/wp-json\/wp\/v2\/tags?post=998"}],"curies":[{"name":"wp","href":"https:\/\/api.w.org\/{rel}","templated":true}]}}