{"id":993,"date":"2016-09-07T09:03:25","date_gmt":"2016-09-07T08:03:25","guid":{"rendered":"https:\/\/ccoo.app\/ajuntamentbarcelona\/?p=993"},"modified":"2016-09-07T09:03:25","modified_gmt":"2016-09-07T08:03:25","slug":"els-sindicats-demanen-colau-recuperi-mes-serveis-privatitzats","status":"publish","type":"post","link":"https:\/\/ccoo.app\/ajuntamentbarcelona\/els-sindicats-demanen-colau-recuperi-mes-serveis-privatitzats\/","title":{"rendered":"Els sindicats demanen a Colau que recuperi m\u00e9s serveis privatitzats"},"content":{"rendered":"<p><img loading=\"lazy\" decoding=\"async\" class=\" wp-image-994 alignleft\" src=\"http:\/\/ccoo.app\/ajuntamentbarcelona\/wp-content\/blogs.dir\/6\/files\/sites\/228\/2016\/09\/colaupiad-300x173.jpg\" alt=\"colaupiad\" width=\"373\" height=\"214\" srcset=\"https:\/\/ccoo.app\/ajuntamentbarcelona\/wp-content\/blogs.dir\/6\/files\/sites\/228\/2016\/09\/colaupiad-300x173.jpg 300w, https:\/\/ccoo.app\/ajuntamentbarcelona\/wp-content\/blogs.dir\/6\/files\/sites\/228\/2016\/09\/colaupiad-1024x589.jpg 1024w, https:\/\/ccoo.app\/ajuntamentbarcelona\/wp-content\/blogs.dir\/6\/files\/sites\/228\/2016\/09\/colaupiad-768x442.jpg 768w, https:\/\/ccoo.app\/ajuntamentbarcelona\/wp-content\/blogs.dir\/6\/files\/sites\/228\/2016\/09\/colaupiad-1536x883.jpg 1536w, https:\/\/ccoo.app\/ajuntamentbarcelona\/wp-content\/blogs.dir\/6\/files\/sites\/228\/2016\/09\/colaupiad.jpg 1960w\" sizes=\"auto, (max-width: 373px) 100vw, 373px\" \/><a href=\"http:\/\/cat.elpais.com\/cat\/2016\/09\/07\/catalunya\/1473232540_405717.html\">cat.elpais.com<\/a><\/p>\n<p>Els sindicats de l&#8217;Ajuntament de Barcelona aplaudeixen que <a href=\"http:\/\/cat.elpais.com\/cat\/2016\/09\/04\/catalunya\/1473013446_704860.html\" target=\"_blank\" rel=\"noopener\">el govern municipal estigui recuperant alguns serveis que fins ara estaven externalitzats<\/a> per\u00f2 reclamen a <a href=\"http:\/\/cat.elpais.com\/tag\/ada_colau_ballano\/a\/\" target=\"_blank\" rel=\"noopener\">l&#8217;alcaldessa, Ada Colau<\/a>, que vagi m\u00e9s enll\u00e0. A la Mesa General de Negociaci\u00f3 que es va celebrar dilluns a l&#8217;Ajuntament per discutir sobre les noves municipalitzacions, els sindicats UGT i CCOO van preguntar al govern per qu\u00e8 altres serveis relacionats amb la viol\u00e8ncia masclista no havien estat recuperats. A partir del proper 1 d&#8217;octubre, les 37 treballadores del Servei d&#8217;Atenci\u00f3, Recuperaci\u00f3 i Acollida (SARA) i les 24 del Servei de Punts d&#8217;Informaci\u00f3 i Atenci\u00f3 a les Dones (PiAD) passaran a mans de l&#8217;Ajuntament a partir d&#8217;una subrogaci\u00f3. Les 31 professores de les tres escoles bressol que es van obrir ja externalitzades durant el passat mandat ja van passar divendres a formar part de l&#8217;Ajuntament i, m\u00e9s endavant, est\u00e0 previst que el consistori barcelon\u00ed absorbeixi tamb\u00e9 una part dels treballadors de la cadena de televisi\u00f3 municipal, BTV. Per\u00f2, segons els sindicats, en queden pendents molts altres.<\/p>\n<p>El secretari general d&#8217;UGT a l&#8217;Ajuntament, Eusebio Mesa, va criticar que existeixen \u201caltres serveis completament relacionats\u201d amb la viol\u00e8ncia masclista que no han estat municipalitzats com el Servei d&#8217;Acollida d&#8217;Urg\u00e8ncia per Viol\u00e8ncia Masclista, el Servei d&#8217;Atenci\u00f3 Socioeducativa de l&#8217;Ag\u00e8ncia ABITS i el Centre d&#8217;Urg\u00e8ncia i Emerg\u00e8ncies Socials de Barcelona (CUESB). Mesa va criticar, a m\u00e9s, que aquesta \u00faltima es troba en proc\u00e9s de pr\u00f2rroga per a un termini de dos anys ampliables a dos m\u00e9s i va preguntar per qu\u00e8 no s&#8217;ha municipalitzat tamb\u00e9. Fonts municipals van explicar dimarts que l&#8217;objectiu del govern \u00e9s mantenir aquesta l\u00ednia per\u00f2 van recon\u00e8ixer que les municipalitzacions \u201cs\u00f3n molt complexes\u201d ja que \u00e9s necessari \u201crevisar cas per cas per veure si \u00e9s possible la subrogaci\u00f3\u201d. L&#8217;Ajuntament intenta aprofitar la finalitzaci\u00f3 dels contractes per anar-los recuperant i aix\u00ed no haver de compensar l&#8217;empresa que fins avui gestionava el servei per\u00f2 no d\u00f3na el prove\u00efment. \u201cEns fan falta mesos i mesos per analitzar cada cas\u201d, van explicar fonts municipals.<\/p>\n<p><span style=\"color: #ff0000\"><strong>CCOO es va afegir a la petici\u00f3 d&#8217;UGT i va demanar que \u201cuna vegada feta la subrogaci\u00f3\u201d hauran de comen\u00e7ar les negociacions per aconseguir que tinguin \u201cles mateixes condicions laborals que la resta de la plantilla\u201d. Els treballadors absorbits mantenen les condicions laborals que tenien a l&#8217;empresa p\u00fablica, la qual cosa provoca que cobrin menys i treballin m\u00e9s que la resta d&#8217;empleats municipals per desenvolupar les mateixes funcions. El sindicat Sapol tamb\u00e9 va mostrar el seu acord amb tot l&#8217;exposat.<\/strong><\/span><\/p>\n","protected":false},"excerpt":{"rendered":"<p>cat.elpais.com Els sindicats de l&#8217;Ajuntament de Barcelona aplaudeixen que el govern municipal estigui recuperant alguns serveis que fins ara estaven externalitzats per\u00f2 reclamen a l&#8217;alcaldessa, Ada Colau, que vagi m\u00e9s &#8230; <\/p>\n<p class=\"read-more-container\"><a title=\"Els sindicats demanen a Colau que recuperi m\u00e9s serveis privatitzats\" class=\"read-more button\" href=\"https:\/\/ccoo.app\/ajuntamentbarcelona\/els-sindicats-demanen-colau-recuperi-mes-serveis-privatitzats\/#more-993\" aria-label=\"M\u00e9s informaci\u00f3 sobre Els sindicats demanen a Colau que recuperi m\u00e9s serveis privatitzats\">Llegeix-ne m\u00e9s \u00bb<\/a><\/p>\n","protected":false},"author":97112,"featured_media":994,"comment_status":"open","ping_status":"open","sticky":false,"template":"","format":"standard","meta":{"footnotes":""},"categories":[304],"tags":[],"class_list":["post-993","post","type-post","status-publish","format-standard","has-post-thumbnail","hentry","category-ajuntament","generate-columns","tablet-grid-50","mobile-grid-100","grid-parent","grid-33"],"_links":{"self":[{"href":"https:\/\/ccoo.app\/ajuntamentbarcelona\/wp-json\/wp\/v2\/posts\/993","targetHints":{"allow":["GET"]}}],"collection":[{"href":"https:\/\/ccoo.app\/ajuntamentbarcelona\/wp-json\/wp\/v2\/posts"}],"about":[{"href":"https:\/\/ccoo.app\/ajuntamentbarcelona\/wp-json\/wp\/v2\/types\/post"}],"author":[{"embeddable":true,"href":"https:\/\/ccoo.app\/ajuntamentbarcelona\/wp-json\/wp\/v2\/users\/97112"}],"replies":[{"embeddable":true,"href":"https:\/\/ccoo.app\/ajuntamentbarcelona\/wp-json\/wp\/v2\/comments?post=993"}],"version-history":[{"count":0,"href":"https:\/\/ccoo.app\/ajuntamentbarcelona\/wp-json\/wp\/v2\/posts\/993\/revisions"}],"wp:featuredmedia":[{"embeddable":true,"href":"https:\/\/ccoo.app\/ajuntamentbarcelona\/wp-json\/wp\/v2\/media\/994"}],"wp:attachment":[{"href":"https:\/\/ccoo.app\/ajuntamentbarcelona\/wp-json\/wp\/v2\/media?parent=993"}],"wp:term":[{"taxonomy":"category","embeddable":true,"href":"https:\/\/ccoo.app\/ajuntamentbarcelona\/wp-json\/wp\/v2\/categories?post=993"},{"taxonomy":"post_tag","embeddable":true,"href":"https:\/\/ccoo.app\/ajuntamentbarcelona\/wp-json\/wp\/v2\/tags?post=993"}],"curies":[{"name":"wp","href":"https:\/\/api.w.org\/{rel}","templated":true}]}}