{"id":985,"date":"2016-09-06T11:21:18","date_gmt":"2016-09-06T10:21:18","guid":{"rendered":"https:\/\/ccoo.app\/ajuntamentbarcelona\/?p=985"},"modified":"2016-09-06T11:21:18","modified_gmt":"2016-09-06T10:21:18","slug":"ofertas-final-agosto-mes-septiembre-morillo-tou-ainsa-pirineo-huesca","status":"publish","type":"post","link":"https:\/\/ccoo.app\/ajuntamentbarcelona\/ofertas-final-agosto-mes-septiembre-morillo-tou-ainsa-pirineo-huesca\/","title":{"rendered":"Ofertas final de agosto y mes de septiembre &#8211; Morillo de Tou-Ainsa &#8211; Pirineo de Huesca"},"content":{"rendered":"<div><\/div>\n<div><img loading=\"lazy\" decoding=\"async\" class=\"alignnone wp-image-986\" src=\"http:\/\/ccoo.app\/ajuntamentbarcelona\/wp-content\/blogs.dir\/6\/files\/sites\/228\/2016\/09\/Oferta-CCOO-Camping-Pirineo-TB-212x300.jpg\" alt=\"Oferta CCOO Camping Pirineo TB\" width=\"375\" height=\"531\" srcset=\"https:\/\/ccoo.app\/ajuntamentbarcelona\/wp-content\/blogs.dir\/6\/files\/sites\/228\/2016\/09\/Oferta-CCOO-Camping-Pirineo-TB-212x300.jpg 212w, https:\/\/ccoo.app\/ajuntamentbarcelona\/wp-content\/blogs.dir\/6\/files\/sites\/228\/2016\/09\/Oferta-CCOO-Camping-Pirineo-TB-724x1024.jpg 724w, https:\/\/ccoo.app\/ajuntamentbarcelona\/wp-content\/blogs.dir\/6\/files\/sites\/228\/2016\/09\/Oferta-CCOO-Camping-Pirineo-TB-768x1086.jpg 768w, https:\/\/ccoo.app\/ajuntamentbarcelona\/wp-content\/blogs.dir\/6\/files\/sites\/228\/2016\/09\/Oferta-CCOO-Camping-Pirineo-TB-1086x1536.jpg 1086w, https:\/\/ccoo.app\/ajuntamentbarcelona\/wp-content\/blogs.dir\/6\/files\/sites\/228\/2016\/09\/Oferta-CCOO-Camping-Pirineo-TB.jpg 1240w\" sizes=\"auto, (max-width: 375px) 100vw, 375px\" \/> <img loading=\"lazy\" decoding=\"async\" class=\"alignnone wp-image-987\" src=\"http:\/\/ccoo.app\/ajuntamentbarcelona\/wp-content\/blogs.dir\/6\/files\/sites\/228\/2016\/09\/Septiembre-es-tu-mes-CCOO-Morillo-de-Tou-212x300.jpg\" alt=\"Septiembre es tu mes CCOO - Morillo de Tou\" width=\"374\" height=\"529\" srcset=\"https:\/\/ccoo.app\/ajuntamentbarcelona\/wp-content\/blogs.dir\/6\/files\/sites\/228\/2016\/09\/Septiembre-es-tu-mes-CCOO-Morillo-de-Tou-212x300.jpg 212w, https:\/\/ccoo.app\/ajuntamentbarcelona\/wp-content\/blogs.dir\/6\/files\/sites\/228\/2016\/09\/Septiembre-es-tu-mes-CCOO-Morillo-de-Tou-724x1024.jpg 724w, https:\/\/ccoo.app\/ajuntamentbarcelona\/wp-content\/blogs.dir\/6\/files\/sites\/228\/2016\/09\/Septiembre-es-tu-mes-CCOO-Morillo-de-Tou-768x1087.jpg 768w, https:\/\/ccoo.app\/ajuntamentbarcelona\/wp-content\/blogs.dir\/6\/files\/sites\/228\/2016\/09\/Septiembre-es-tu-mes-CCOO-Morillo-de-Tou-1086x1536.jpg 1086w, https:\/\/ccoo.app\/ajuntamentbarcelona\/wp-content\/blogs.dir\/6\/files\/sites\/228\/2016\/09\/Septiembre-es-tu-mes-CCOO-Morillo-de-Tou.jpg 1364w\" sizes=\"auto, (max-width: 374px) 100vw, 374px\" \/> <img loading=\"lazy\" decoding=\"async\" class=\"wp-image-988 aligncenter\" src=\"http:\/\/ccoo.app\/ajuntamentbarcelona\/wp-content\/blogs.dir\/6\/files\/sites\/228\/2016\/09\/Sigue-el-Verano-CCOO-Morillo-de-Tou-212x300.jpg\" alt=\"Sigue el Verano CCOO - Morillo de Tou\" width=\"378\" height=\"535\" srcset=\"https:\/\/ccoo.app\/ajuntamentbarcelona\/wp-content\/blogs.dir\/6\/files\/sites\/228\/2016\/09\/Sigue-el-Verano-CCOO-Morillo-de-Tou-212x300.jpg 212w, https:\/\/ccoo.app\/ajuntamentbarcelona\/wp-content\/blogs.dir\/6\/files\/sites\/228\/2016\/09\/Sigue-el-Verano-CCOO-Morillo-de-Tou-724x1024.jpg 724w, https:\/\/ccoo.app\/ajuntamentbarcelona\/wp-content\/blogs.dir\/6\/files\/sites\/228\/2016\/09\/Sigue-el-Verano-CCOO-Morillo-de-Tou-768x1086.jpg 768w, https:\/\/ccoo.app\/ajuntamentbarcelona\/wp-content\/blogs.dir\/6\/files\/sites\/228\/2016\/09\/Sigue-el-Verano-CCOO-Morillo-de-Tou-1086x1536.jpg 1086w, https:\/\/ccoo.app\/ajuntamentbarcelona\/wp-content\/blogs.dir\/6\/files\/sites\/228\/2016\/09\/Sigue-el-Verano-CCOO-Morillo-de-Tou.jpg 1363w\" sizes=\"auto, (max-width: 378px) 100vw, 378px\" \/><\/div>\n<div><\/div>\n<div>\u00bfUn poco de descanso antes de volver a la rutina? \u00bfTodav\u00eda no conoc\u00e9is Morillo de Tou, el pueblo e CCOO en el Pirineo de Huesca? \u00a1Est\u00e1 es vuestra oportunidad!<\/div>\n<div><\/div>\n<div>Nos complace enviaros aqu\u00ed adjunto la informaci\u00f3n acerca nuestras \u00faltimas ofertas de\u00a0Morillo\u00a0de Tou para estirar el verano y Agosto y para el mes de Septiembre:<\/div>\n<div><\/div>\n<div><strong>&#8211; Oferta &#8220;Sigue el verano en Morillo de Tou&#8221;. V\u00e1lida para estancias de cinco noches entre el 29 de Agosto al 04 de Septiembre 2016. Siguen la piscina y animaci\u00f3n hasta el d\u00eda 04. Coincide con la conocida &#8220;Morisma&#8221; de A\u00ednsa el s\u00e1bado 3 de Septiembre.\u00a0<\/strong><\/div>\n<div><\/div>\n<div>\n<div><strong>&#8211; Oferta &#8220;Septiembre es tu mes&#8221;. V\u00e1lida para estancias de 7 noches durante todo el mes de septiembre.\u00a0<\/strong><\/div>\n<div><\/div>\n<div><strong>&#8211; Recordamos tambi\u00e9n la\u00a0oferta\u00a0exclusiva y espectacular para afiliados a CCOO en nuestro Camping 1\u00ba de Mayo.<\/strong><\/div>\n<div><\/div>\n<div><\/div>\n<div><strong>\u00a0<\/strong><\/div>\n<\/div>\n<div><\/div>\n<div>\n<h2>Yvonne \u2013\u00a0<strong>Centro de Vacaciones\u00a0Morillo\u00a0de Tou<\/strong><\/h2>\n<h2><a href=\"tel:974500793\">974500793<\/a>\u00a0\u2013\u00a0<a href=\"mailto:info@morillodetou.com\">info@morillodetou.com<\/a><\/h2>\n<h2><strong>Siguenos en<\/strong>\u00a0<strong><a href=\"http:\/\/www.facebook.com\/MorillodeTou\">www.facebook.com\/MorillodeTou<\/a><\/strong><\/h2>\n<\/div>\n","protected":false},"excerpt":{"rendered":"<p>\u00bfUn poco de descanso antes de volver a la rutina? \u00bfTodav\u00eda no conoc\u00e9is Morillo de Tou, el pueblo e CCOO en el Pirineo de Huesca? \u00a1Est\u00e1 es vuestra oportunidad! Nos &#8230; <\/p>\n<p class=\"read-more-container\"><a title=\"Ofertas final de agosto y mes de septiembre &#8211; Morillo de Tou-Ainsa &#8211; Pirineo de Huesca\" class=\"read-more button\" href=\"https:\/\/ccoo.app\/ajuntamentbarcelona\/ofertas-final-agosto-mes-septiembre-morillo-tou-ainsa-pirineo-huesca\/#more-985\" aria-label=\"M\u00e9s informaci\u00f3 sobre Ofertas final de agosto y mes de septiembre &#8211; Morillo de Tou-Ainsa &#8211; Pirineo de Huesca\">Llegeix-ne m\u00e9s \u00bb<\/a><\/p>\n","protected":false},"author":97112,"featured_media":988,"comment_status":"open","ping_status":"open","sticky":false,"template":"","format":"standard","meta":{"footnotes":""},"categories":[304,306],"tags":[],"class_list":["post-985","post","type-post","status-publish","format-standard","has-post-thumbnail","hentry","category-ajuntament","category-lleure","generate-columns","tablet-grid-50","mobile-grid-100","grid-parent","grid-33"],"_links":{"self":[{"href":"https:\/\/ccoo.app\/ajuntamentbarcelona\/wp-json\/wp\/v2\/posts\/985","targetHints":{"allow":["GET"]}}],"collection":[{"href":"https:\/\/ccoo.app\/ajuntamentbarcelona\/wp-json\/wp\/v2\/posts"}],"about":[{"href":"https:\/\/ccoo.app\/ajuntamentbarcelona\/wp-json\/wp\/v2\/types\/post"}],"author":[{"embeddable":true,"href":"https:\/\/ccoo.app\/ajuntamentbarcelona\/wp-json\/wp\/v2\/users\/97112"}],"replies":[{"embeddable":true,"href":"https:\/\/ccoo.app\/ajuntamentbarcelona\/wp-json\/wp\/v2\/comments?post=985"}],"version-history":[{"count":0,"href":"https:\/\/ccoo.app\/ajuntamentbarcelona\/wp-json\/wp\/v2\/posts\/985\/revisions"}],"wp:featuredmedia":[{"embeddable":true,"href":"https:\/\/ccoo.app\/ajuntamentbarcelona\/wp-json\/wp\/v2\/media\/988"}],"wp:attachment":[{"href":"https:\/\/ccoo.app\/ajuntamentbarcelona\/wp-json\/wp\/v2\/media?parent=985"}],"wp:term":[{"taxonomy":"category","embeddable":true,"href":"https:\/\/ccoo.app\/ajuntamentbarcelona\/wp-json\/wp\/v2\/categories?post=985"},{"taxonomy":"post_tag","embeddable":true,"href":"https:\/\/ccoo.app\/ajuntamentbarcelona\/wp-json\/wp\/v2\/tags?post=985"}],"curies":[{"name":"wp","href":"https:\/\/api.w.org\/{rel}","templated":true}]}}