{"id":9831,"date":"2017-03-27T11:11:36","date_gmt":"2017-03-27T10:11:36","guid":{"rendered":"https:\/\/gub.ccoo.cat\/?p=779"},"modified":"2017-03-27T11:11:36","modified_gmt":"2017-03-27T10:11:36","slug":"ccoo-i-ugt-urgeixen-el-govern-a-complir-lacord-per-avancar-ledat-de-jubilacio-de-les-policies-locals","status":"publish","type":"post","link":"https:\/\/ccoo.app\/ajuntamentbarcelona\/ccoo-i-ugt-urgeixen-el-govern-a-complir-lacord-per-avancar-ledat-de-jubilacio-de-les-policies-locals\/","title":{"rendered":"CCOO i UGT urgeixen el Govern a complir l&#8217;acord per avan\u00e7ar l&#8217;edat de jubilaci\u00f3 de les policies locals"},"content":{"rendered":"<div><img loading=\"lazy\" decoding=\"async\" class=\"size-medium wp-image-780 alignleft\" src=\"https:\/\/gub.ccoo.cat\/wp-content\/uploads\/sites\/13\/2017\/03\/Policia-local_-300x225.png\" alt=\"\" width=\"300\" height=\"225\" \/>Aquest mes de mar\u00e7, despr\u00e9s de reunir-se les organitzacions confederals UGT i CCOO per analitzar l&#8217;actual situaci\u00f3 i tr\u00e0mit de Reial decret Projecte per avan\u00e7ar la jubilaci\u00f3 dels policies locals mitjan\u00e7ant el desenvolupament del RD per establir coeficients reductors, es va acordar dirigir-se per carta als secretaris d&#8217;Estat de Seguretat Social i Ocupaci\u00f3 -Tom\u00e1s Burgos i Joan Pau Risc, respectivament- per requerir a les dues inst\u00e0ncies que, el m\u00e9s aviat possible, compleixin el que regula el Reial Decret 1698\/2011, per tal de poder avan\u00e7ar en temps i forma l&#8217;establiment dels coeficients reductors en l&#8217;avan\u00e7ament de l&#8217;edat de jubilaci\u00f3 de les treballadores i treballadors que componen els cossos de Policia Local.<\/div>\n<div><\/div>\n<div>A la vegada tamb\u00e9 se&#8217;ls insta que remetin a CCOO i UGT els preceptius informes t\u00e8cnics previstos, que han estat elaborats pels diferents departaments que la pr\u00f2pia normativa estableix, i que s\u00f3n imprescindibles a l&#8217;hora de garantir que el col\u00b7lectiu afectat pugui accedir amb plenes garanties de seguretat jur\u00eddica a aquest dret de jubilaci\u00f3.<\/div>\n<div><\/div>\n<div>Des d&#8217;ambdues organitzacions se&#8217;ls ha tornat a traslladar la seva preocupaci\u00f3 pels diferents aspectes d&#8217;aquest procediment que, al seu parer, no s&#8217;est\u00e0 desenvolupant amb la celeritat i concreci\u00f3 adequades, per culminar en el termini que oficialment es va traslladar als mitjans de comunicaci\u00f3 fruit de l&#8217;acord entre el ministeri i la FEMP, pel qual haurien de reimpulsar si fos necessari, de forma immediata per facilitar una r\u00e0pida resposta a la reivindicaci\u00f3 d&#8217;aquest col\u00b7lectiu d&#8217;aproximadament uns 68.000 treballadors i treballadores.<\/div>\n<div><\/div>\n<div>Aix\u00ed mateix s&#8217;ha reiterat la disposici\u00f3 d&#8217;UGT i CCOO per col\u00b7laborar amb l&#8217;Administraci\u00f3 de la Seguretat Social en aquesta mat\u00e8ria.<\/div>\n","protected":false},"excerpt":{"rendered":"<p>Aquest mes de mar\u00e7, despr\u00e9s de reunir-se les organitzacions confederals UGT i CCOO per analitzar l&#8217;actual situaci\u00f3 i tr\u00e0mit de Reial decret Projecte per avan\u00e7ar la jubilaci\u00f3 dels policies locals &#8230; <\/p>\n<p class=\"read-more-container\"><a title=\"CCOO i UGT urgeixen el Govern a complir l&#8217;acord per avan\u00e7ar l&#8217;edat de jubilaci\u00f3 de les policies locals\" class=\"read-more button\" href=\"https:\/\/ccoo.app\/ajuntamentbarcelona\/ccoo-i-ugt-urgeixen-el-govern-a-complir-lacord-per-avancar-ledat-de-jubilacio-de-les-policies-locals\/#more-9831\" aria-label=\"M\u00e9s informaci\u00f3 sobre CCOO i UGT urgeixen el Govern a complir l&#8217;acord per avan\u00e7ar l&#8217;edat de jubilaci\u00f3 de les policies locals\">Llegeix-ne m\u00e9s \u00bb<\/a><\/p>\n","protected":false},"author":97114,"featured_media":9686,"comment_status":"closed","ping_status":"open","sticky":false,"template":"","format":"standard","meta":{"footnotes":""},"categories":[303],"tags":[],"class_list":["post-9831","post","type-post","status-publish","format-standard","has-post-thumbnail","hentry","category-guardia-urbana","generate-columns","tablet-grid-50","mobile-grid-100","grid-parent","grid-33"],"_links":{"self":[{"href":"https:\/\/ccoo.app\/ajuntamentbarcelona\/wp-json\/wp\/v2\/posts\/9831","targetHints":{"allow":["GET"]}}],"collection":[{"href":"https:\/\/ccoo.app\/ajuntamentbarcelona\/wp-json\/wp\/v2\/posts"}],"about":[{"href":"https:\/\/ccoo.app\/ajuntamentbarcelona\/wp-json\/wp\/v2\/types\/post"}],"author":[{"embeddable":true,"href":"https:\/\/ccoo.app\/ajuntamentbarcelona\/wp-json\/wp\/v2\/users\/97114"}],"replies":[{"embeddable":true,"href":"https:\/\/ccoo.app\/ajuntamentbarcelona\/wp-json\/wp\/v2\/comments?post=9831"}],"version-history":[{"count":0,"href":"https:\/\/ccoo.app\/ajuntamentbarcelona\/wp-json\/wp\/v2\/posts\/9831\/revisions"}],"wp:featuredmedia":[{"embeddable":true,"href":"https:\/\/ccoo.app\/ajuntamentbarcelona\/wp-json\/wp\/v2\/media\/9686"}],"wp:attachment":[{"href":"https:\/\/ccoo.app\/ajuntamentbarcelona\/wp-json\/wp\/v2\/media?parent=9831"}],"wp:term":[{"taxonomy":"category","embeddable":true,"href":"https:\/\/ccoo.app\/ajuntamentbarcelona\/wp-json\/wp\/v2\/categories?post=9831"},{"taxonomy":"post_tag","embeddable":true,"href":"https:\/\/ccoo.app\/ajuntamentbarcelona\/wp-json\/wp\/v2\/tags?post=9831"}],"curies":[{"name":"wp","href":"https:\/\/api.w.org\/{rel}","templated":true}]}}