{"id":9787,"date":"2016-09-24T06:59:58","date_gmt":"2016-09-24T05:59:58","guid":{"rendered":"https:\/\/secciosindical.ccoo.cat\/?p=258"},"modified":"2016-09-24T06:59:58","modified_gmt":"2016-09-24T05:59:58","slug":"otros-permisos-2","status":"publish","type":"post","link":"https:\/\/ccoo.app\/ajuntamentbarcelona\/otros-permisos-2\/","title":{"rendered":"Altres permisos"},"content":{"rendered":"<h3><strong>Perm\u00eds pels progenitors amb fills discapacitats.<\/strong><\/h3>\n<p><span style=\"color: #ff0000\"><u>Durada del perm\u00eds<\/u><\/span><\/p>\n<p>El temps indispensable<\/p>\n<p><span style=\"color: #ff0000\"><u>Criteris d\u2019aplicaci\u00f3<\/u><\/span><\/p>\n<p>Els dos progenitors, tenen dret&nbsp; conjuntament a permisos d\u2019abs\u00e8ncia del lloc de treball per a poder assistir a reunions o visites en els centres educatius especials o sanitaris on rebin suport.<\/p>\n<p><span style=\"color: #ff0000\"><u>Documentaci\u00f3 acreditativa<\/u><\/span><\/p>\n<ul>\n<li>C\u00f2pia Resoluci\u00f3 de l\u2019ICASS (si l\u2019empleat\/da percep l\u2019ajut per discapacitat previst en l\u2019article 30 del text de l\u2019acord, no cal que ho aporti).<\/li>\n<li>Justificaci\u00f3 de l\u2019assist\u00e8ncia al centre d\u2019educaci\u00f3 especial o sanitari.<\/li>\n<\/ul>\n<p>&nbsp;<\/p>\n<h3><strong>Per deures inexcusables de car\u00e0cter p\u00fablic o personal<\/strong><\/h3>\n<p><span style=\"color: #ff0000\"><u>Durada del perm\u00eds<\/u><\/span><\/p>\n<p>El temps indispensable.<\/p>\n<p><span style=\"color: #ff0000\"><u>Criteris d\u2019aplicaci\u00f3<\/u><\/span><\/p>\n<p>A aquest efecte es considerar\u00e0 com a deure inexcusable de car\u00e0cter p\u00fablic aquell que el seu incompliment pot fer inc\u00f3rrer en responsabilitat, no pot esser portat a terme mitjan\u00e7ant representant i el seu compliment est\u00e0 determinat per una norma legal o decisi\u00f3 administrativa o judicial.<\/p>\n<p>En el cas de gaudir del perm\u00eds per deures inexcusables de car\u00e0cter personal detreu la part corresponent del complement de productivitat, assist\u00e8ncia i puntualitat.<\/p>\n<p><span style=\"color: #ff0000\"><u>Documentaci\u00f3 acreditativa<\/u><\/span><\/p>\n<ul>\n<li>Per deures inexcusables de car\u00e0cter p\u00fablic caldr\u00e0 aportar la citaci\u00f3 judicial o administrativa.<\/li>\n<li>Per deures inexcusables de car\u00e0cter personal caldr\u00e0 aportar el document acreditatiu corresponent. En el cas de participaci\u00f3 en processos electorals caldr\u00e0 aportar l&#8217;acreditaci\u00f3 de formar part d&#8217;una llista electoral com a candidat\/a.<\/li>\n<\/ul>\n<p>&nbsp;    \t    \t<\/p>\n","protected":false},"excerpt":{"rendered":"<p>Perm\u00eds pels progenitors amb fills discapacitats. Durada del perm\u00eds El temps indispensable Criteris d\u2019aplicaci\u00f3 Els dos progenitors, tenen dret&nbsp; conjuntament a permisos d\u2019abs\u00e8ncia del lloc de treball per a poder &#8230; <\/p>\n<p class=\"read-more-container\"><a title=\"Altres permisos\" class=\"read-more button\" href=\"https:\/\/ccoo.app\/ajuntamentbarcelona\/otros-permisos-2\/#more-9787\" aria-label=\"M\u00e9s informaci\u00f3 sobre Altres permisos\">Llegeix-ne m\u00e9s \u00bb<\/a><\/p>\n","protected":false},"author":97114,"featured_media":346,"comment_status":"open","ping_status":"open","sticky":false,"template":"","format":"standard","meta":{"footnotes":""},"categories":[303,310],"tags":[],"class_list":["post-9787","post","type-post","status-publish","format-standard","has-post-thumbnail","hentry","category-guardia-urbana","category-permisos","generate-columns","tablet-grid-50","mobile-grid-100","grid-parent","grid-33"],"_links":{"self":[{"href":"https:\/\/ccoo.app\/ajuntamentbarcelona\/wp-json\/wp\/v2\/posts\/9787","targetHints":{"allow":["GET"]}}],"collection":[{"href":"https:\/\/ccoo.app\/ajuntamentbarcelona\/wp-json\/wp\/v2\/posts"}],"about":[{"href":"https:\/\/ccoo.app\/ajuntamentbarcelona\/wp-json\/wp\/v2\/types\/post"}],"author":[{"embeddable":true,"href":"https:\/\/ccoo.app\/ajuntamentbarcelona\/wp-json\/wp\/v2\/users\/97114"}],"replies":[{"embeddable":true,"href":"https:\/\/ccoo.app\/ajuntamentbarcelona\/wp-json\/wp\/v2\/comments?post=9787"}],"version-history":[{"count":0,"href":"https:\/\/ccoo.app\/ajuntamentbarcelona\/wp-json\/wp\/v2\/posts\/9787\/revisions"}],"wp:featuredmedia":[{"embeddable":true,"href":"https:\/\/ccoo.app\/ajuntamentbarcelona\/wp-json\/wp\/v2\/media\/346"}],"wp:attachment":[{"href":"https:\/\/ccoo.app\/ajuntamentbarcelona\/wp-json\/wp\/v2\/media?parent=9787"}],"wp:term":[{"taxonomy":"category","embeddable":true,"href":"https:\/\/ccoo.app\/ajuntamentbarcelona\/wp-json\/wp\/v2\/categories?post=9787"},{"taxonomy":"post_tag","embeddable":true,"href":"https:\/\/ccoo.app\/ajuntamentbarcelona\/wp-json\/wp\/v2\/tags?post=9787"}],"curies":[{"name":"wp","href":"https:\/\/api.w.org\/{rel}","templated":true}]}}