{"id":9783,"date":"2016-09-14T11:44:36","date_gmt":"2016-09-14T10:44:36","guid":{"rendered":"https:\/\/gub.ccoo.cat\/?p=473"},"modified":"2016-09-14T11:44:36","modified_gmt":"2016-09-14T10:44:36","slug":"carta-als-grups-parlamentaris-perque-compleixin-el-seu-compromis-de-presentar-la-proposicio-de-llei-de-segona-activitat","status":"publish","type":"post","link":"https:\/\/ccoo.app\/ajuntamentbarcelona\/carta-als-grups-parlamentaris-perque-compleixin-el-seu-compromis-de-presentar-la-proposicio-de-llei-de-segona-activitat\/","title":{"rendered":"Carta als Grups Parlamentaris perqu\u00e8 compleixin el seu comprom\u00eds de presentar la Proposici\u00f3 de Llei de segona activitat"},"content":{"rendered":"<p>&nbsp;<\/p>\n<p><img loading=\"lazy\" decoding=\"async\" class=\" wp-image-475\" src=\"https:\/\/gub.ccoo.cat\/wp-content\/uploads\/sites\/13\/2016\/09\/parlament-300x128.jpg\" alt=\"GRA181. BARCELONA, 10\/01\/2016.- El candidato de Junts pel S\u00cc a la Presidencia de la Generalitat, Carles Puigdemont (c), a su llegada al pleno del Parlament de Catalu\u00d2a en el que se debate su investidura como nuevo presidente catal\u00b7n, tras el pacto alcanzado ayer in extremis entre Junts pel S\u00cc y la CUP. EFE\/Alberto Est\u00c8vez\" width=\"527\" height=\"225\" srcset=\"https:\/\/ccoo.app\/ajuntamentbarcelona\/wp-content\/blogs.dir\/6\/files\/sites\/228\/2016\/09\/parlament-300x128.jpg 300w, https:\/\/ccoo.app\/ajuntamentbarcelona\/wp-content\/blogs.dir\/6\/files\/sites\/228\/2016\/09\/parlament-768x327.jpg 768w, https:\/\/ccoo.app\/ajuntamentbarcelona\/wp-content\/blogs.dir\/6\/files\/sites\/228\/2016\/09\/parlament.jpg 940w\" sizes=\"auto, (max-width: 527px) 100vw, 527px\" \/><\/p>\n<p>&nbsp;<\/p>\n<h2><a href=\"https:\/\/ailmed.wordpress.com\/2016\/09\/13\/carta-als-grups-parlamentaris\/\">ailmed.wordpress.com<\/a><\/h2>\n<p>Repassem el que ha passsat fins ara de forma esquem\u00e0tica:<\/p>\n<ol>\n<li>El 13 de juliol de 2015 tots el partits amb representaci\u00f3 al Parlament de Catalunya van presentar a la mesa del Parlament la\u00a0<a href=\"https:\/\/ailmed.files.wordpress.com\/2015\/07\/proposicic3b3-de-llei-de-segona-activitat.pdf\" target=\"_blank\" rel=\"noopener noreferrer\">proposici\u00f3 de llei de regulaci\u00f3 de la segona activitat<\/a>\u00a0d\u2019aplicaci\u00f3 als cossos de Bombers de la Generalitat de Catalunya, al de Mossos d\u2019Esquadra i al de les Policies Locals.<\/li>\n<li>La proposici\u00f3 de llei va decaure en convocar-se eleccions al Parlament de Catalunya el 27 de setembre de 2015. Tenint en compte que aix\u00f2 passaria, tots els grups parlamentaris van firmar\u00a0<a href=\"https:\/\/ailmed.files.wordpress.com\/2015\/09\/compromc3ads-segona-activitat.pdf\" target=\"_blank\" rel=\"noopener noreferrer\">un document amb el que es comprometien<\/a>\u00a0a tornar a presentar-la a l\u2019inici d\u2019aquesta legislatura, per tal que fos tramitada amb normalitat.<\/li>\n<li>L\u201911 de febrer de 2016, a la\u00a0Sessi\u00f3 informativa de la Comissi\u00f3 d\u2019Interior\u00a0que es va celebrar al Parlament de Catalunya, el conseller d\u2019Interior va contestar que es respectaria el comprom\u00eds, tot i que va explicar que <a href=\"https:\/\/ailmed.wordpress.com\/2016\/02\/14\/el-govern-envia-la-proposicio-de-llei-de-segona-activitat-a-la-comissio-juridica-assessora\/\" target=\"_blank\" rel=\"noopener noreferrer\">el Govern havia enviat el text a la Comissi\u00f3 Jur\u00eddica Assessora<\/a> per tal d\u2019analitzar el contingut i obtenir un dictamen jur\u00eddic al m\u00e9s aviat possible.<\/li>\n<li>En la <a href=\"https:\/\/ailmed.wordpress.com\/2016\/04\/20\/segona-reunio-al-parlament-de-catalunya-amb-tots-els-grups-parlamentaris-per-tirar-endavant-la-llei-de-segona-activitat\/\" target=\"_blank\" rel=\"noopener noreferrer\">reuni\u00f3 amb tots els grups parlamentaris el 20 d\u2019abril de 2016 <\/a>es va acordar que presentaran la\u00a0proposici\u00f3\u00a0de llei a la mesa del parlament per tramitar-la en\u00a0pon\u00e8ncia.<\/li>\n<li><a href=\"https:\/\/ailmed.wordpress.com\/2016\/07\/29\/el-govern-vol-influir\/\" target=\"_blank\" rel=\"noopener noreferrer\">El Govern vol influir al poder legislatiu i frenar la proposici\u00f3 de llei de segona activitat amb el dictamen 98\/2016 de la Comissi\u00f3 Jur\u00eddica Assessora<\/a>. Aquest\u00a0<a href=\"https:\/\/ailmed.files.wordpress.com\/2016\/07\/dictamen-llei-2-activitat.pdf\" target=\"_blank\" rel=\"noopener noreferrer\">dictamen 98\/2016<\/a> vulnera la Convenci\u00f3 de l\u2019ONU sobre els drets de les persones amb discapacitat. La nostra an\u00e0lisi en el nostre\u00a0extens <a href=\"https:\/\/ailmed.files.wordpress.com\/2016\/07\/informe-cja.pdf\" target=\"_blank\" rel=\"noopener noreferrer\">Informe sobre el dictamen 98\/2016<\/a>, entregat a tots els grups parlamentaris,\u00a0ens porta a considerar aquest dictamen com absolutament lamentable, parcial, gens independent i contrari als drets de les persones amb discapacitat continguts a la Convenci\u00f3.<\/li>\n<\/ol>\n<p>Ara ens trobem al punt en qu\u00e8\u00a0instem als grups parlamentaris a donar compliment al comprom\u00eds assolit i a tornar a presentar la Proposici\u00f3 de llei de regulaci\u00f3 de la segona activitat. Amb aquest objectiu hem adre\u00e7at una carta a:<\/p>\n<ul>\n<li><strong>Al President del Grup Parlamentari de Junts pel S\u00ed\u00a0I. Sr. Jordi Turull i Negre<\/strong><\/li>\n<li><strong>A la Portaveu del Grup Parlamentari de Junts pel S\u00ed\u00a0\u00a0I. Sra. Marta Rovira i Verg\u00e9s<\/strong><\/li>\n<li><strong>Al President del Grup Parlamentari del Partit Popular de Catalunya\u00a0Excm. Sr. Xavier Garc\u00eda Albiol<\/strong><\/li>\n<li><strong>Al Portaveu del Grup Parlamentari del Partit Popular de Catalunya\u00a0I. Sr. Josep Enric Millo i Rocher<\/strong><\/li>\n<li><strong>Al President del Grup Parlamentari Socialista\u00a0I. Sr. Miquel Iceta i Llorens<\/strong><\/li>\n<li><strong>A la Portaveu del Grup Parlamentari Socialista\u00a0I. Sra. Eva Granados Galiano<\/strong><\/li>\n<li><strong>A la Presidenta del Grup Parlamentari de Ciutadans\u00a0I. Sra. In\u00e9s Arrimadas Garc\u00eda\u00a0<\/strong><\/li>\n<li><strong>Al Portaveu del Grup Parlamentari de Ciutadans\u00a0I. Sr. Carlos Carrizosa Torres<\/strong><\/li>\n<li><strong>Al President del Grup Parlamentari de Catalunya S\u00ed que es Pot\u00a0I. Sr. Josep Llu\u00eds Franco Rabell<\/strong><\/li>\n<li><strong>Al Portaveu del Grup Parlamentari de Catalunya S\u00ed que es Pot\u00a0I. Sr. Joan Coscubiela\u00a0Cones<\/strong><\/li>\n<li><strong>A la Presidenta del Grup Parlamentari de la Candidatura d\u2019Unitat Popular \u2013 Crida Constituent\u00a0Sra. Mireia Boya e Busquet<\/strong><\/li>\n<li><strong>A la Portaveu del Grup Parlamentari de la Candidatura d\u2019Unitat Popular \u2013 Crida Constituent\u00a0Sra. Anna Gabriel i Sabat\u00e9<\/strong><\/li>\n<\/ul>\n<p>Encara esperem resposta. Aqu\u00ed teniu el contingut de la carta:<\/p>\n<p><a href=\"https:\/\/ailmed.files.wordpress.com\/2016\/09\/carta-pels-partits-setembre-2016.pdf\"><img loading=\"lazy\" decoding=\"async\" class=\"size-full wp-image-474 aligncenter\" src=\"https:\/\/gub.ccoo.cat\/wp-content\/uploads\/sites\/13\/2016\/09\/carta-partits.jpg\" alt=\"carta-partits\" width=\"211\" height=\"299\" \/><\/a><\/p>\n<p>&nbsp;<\/p>\n<p><em>\u201cBenvolgut President\/a:<\/em><\/p>\n<p><em>Barcelona 1 de setembre de 2016<\/em><\/p>\n<p><em>En nom de les associacions per a la inserci\u00f3 laboral dels funcionaris amb discapacitat del cos de Bombers de la Generalitat de Catalunya, dels cossos de Policies Locals i del cos de Mossos d\u2019Esquadra que tinc l\u2019honor de presidir, m\u2019adre\u00e7o a vost\u00e8, per tal d\u2019exposar la situaci\u00f3 que estem patint.<\/em><\/p>\n<p><em>Volem encoratjar-lo a encaminar el seu grup parlamentari a una feina que encara no est\u00e0 acabada, i considerem molt urgent.<\/em><\/p>\n<p><em>L\u2019any 2015, en la passada legislatura, els grups (un\u00e0nimement), es comprometeren a portar endavant la promulgaci\u00f3 d\u2019una proposici\u00f3 de llei per als Bombers de la Generalitat de Catalunya, pels cossos de Policies Locals i pel cos de Mossos d\u2019Esquadra en mat\u00e8ria d\u2019inclusi\u00f3 de les discapacitats sobrevingudes en els seus cossos respectius.<\/em><\/p>\n<p><em>Cert \u00e9s que hi ha una proposici\u00f3 de Llei redactada, presentada i publicada el 16 de juliol de 2015. El comprom\u00eds signats per tots el grups parlamentaris deia:<\/em><\/p>\n<p><em>En cas que una possible dissoluci\u00f3 del Parlament provoqu\u00e9s que la Proposici\u00f3 de llei decaigu\u00e9s, els grups sotasignats <strong><u>ens <\/u><\/strong><strong><u>comprometem<\/u><\/strong> a tornar a presentar-la a <strong><u>l\u2019inici de la propera legislatura, <\/u><\/strong><strong><u>per tal <\/u><\/strong><strong><u>que <\/u><\/strong><strong><u>sigui tramitada amb norma<\/u><\/strong><strong><u>litat.<\/u><\/strong><\/em><\/p>\n<p><em>Signat el 13 de juliol de 2015, al Palau Parlament (adjunto a aquesta carta)<\/em><\/p>\n<p><em>Es persegueix donar compliment al que diferents organismes requereixen sobre l\u2019aplicaci\u00f3 de la Convenci\u00f3 de l\u2019ONU que regula els drets de les persones amb discapacitat, tot recordant que la Convenci\u00f3 forma part del nostre ordenament jur\u00eddic, i per tal motiu tota norma contr\u00e0ria a la Convenci\u00f3 no es podr\u00e0 aplicar i es considerar\u00e0 nul\u00b7la ja que ha de prevaldre enfront de qualsevol norma de l\u2019ordenament intern. El fet que la Convenci\u00f3 sigui d\u2019aplicaci\u00f3 i que forma part del nostra ordenament \u00e9s reiteradament oblidat per part d\u2019alguns juristes i\/o assessors, a no ser que ho faci a prop\u00f2sit i en detriment dels drets de les persones amb discapacitat.<\/em><\/p>\n<p><em>En l\u2019actualitat, s\u2019ha constatat que els diferents Ajuntaments catalans i la pr\u00f2pia Generalitat de Catalunya no ho t\u00e9 contemplat. Aix\u00ed, fins i tot, al maig d\u2019aquest any, el Parlament vot\u00e0 un\u00e0nimement en el Plenari la Moci\u00f3 28\/XI i que en el seu punt 1, diu:<\/em><\/p>\n<p><em>a) Adaptar normativament els valors i els mandats de la Convenci\u00f3 sobre els drets de les persones amb discapacitat, aprovada per les Nacions Unides el 2006.<\/em><\/p>\n<p><em>La Proposici\u00f3 de llei de regulaci\u00f3 de la segona activitat d\u2019aplicaci\u00f3 al Cos de Bombers de la Generalitat de Catalunya, al de Mossos d\u2019Esquadra i al de les Policies Locals, es va publicar en el BOPC n\u00fam. 640 de 16 de juliol de 2015, la qual va decaure per la dissoluci\u00f3 del Parlament.<\/em><\/p>\n<p><em>Des de l\u2019inici de la Legislatura XI, s\u2019han presentat a partir del 18 de novembre de 2015 un total de 38 proposicions de Llei, sense que estigui encara presentada la de la segona activitat, quan el comprom\u00eds parlava de l\u2019inici de la Legislatura. Doncs b\u00e9, ja no estem en aquest inici.<\/em><\/p>\n<p><em>Despr\u00e9s d\u2019algunes reunions amb tots els partits, es va arribar a l\u2019acord que la Proposici\u00f3 de Llei es tramitaria en pon\u00e8ncia per tal de donar soluci\u00f3 a algunes errades, per\u00f2 pr\u00e8viament s\u2019havia de publicar, cosa que a hores d\u2019ara encara no s\u2019ha fet.<\/em><\/p>\n<p><em>Tamb\u00e9 es va arribar a l\u2019acord que es tramitaria una Proposta de Resoluci\u00f3 per tal d\u2019aplicar mesures transit\u00f2ries mentrestant es tramitava la Proposici\u00f3 de Llei. Doncs b\u00e9, la Proposta de Resoluci\u00f3 es va publicar amb el suport de tots el partits menys un i sense que es present\u00e9s cap esmena. El que es volia era evitar les situacions que es donen en aquests moments i que contradiuen la Convenci\u00f3 i es discrimina a funcionaris amb discapacitat.<\/em><\/p>\n<p><em>Es va votar a la Comissi\u00f3 d\u2019Interior del dia 20 de juliol de 2016, i es va aprovar el punt n\u00famero 1 de la mateixa.<\/em><\/p>\n<p><em>El sorprenent va ser el que va passar amb el punt dos de la Proposta de Resoluci\u00f3. Eren concretament les mesures transit\u00f2ries: un partit va votar que no (segons ens diuen, no va donar llibertat de vot al seus diputats), un altre partit (que l\u2019havia signat introduint alguna modificaci\u00f3 abans de la seva publicaci\u00f3) es va abstenir. La resta de partits votaven s\u00ed al punt dos, podem dir que estava aprovada. Quina va ser la sorpresa quan result\u00e0 que un dels diputats que hauria de votar s\u00ed, no va assistir al temps de la votaci\u00f3 i ni tan sols va ser substitu\u00eft. Per aquest motiu, va guanyar el no del punt dos. El m\u00e9s important era evitar la discriminaci\u00f3 dels discapacitats i aplicar la Convenci\u00f3 de l\u2019ONU, i no ha estat possible.<\/em><\/p>\n<p><em>El fet de votar s\u00ed o no a l\u2019aplicaci\u00f3 de la citada Convenci\u00f3 (punt 1) \u00e9s solament un tema protocol\u00b7lari o per saber qu\u00e8 opinen els diferents grups. La veritat (i la realitat) ja est\u00e0 dita: s\u2019ha d\u2019aplicar S\u00cd o S\u00cd, no tenim cap excusa.<\/em><\/p>\n<p><em>Cal, a tot aquest desori, trobar-li una soluci\u00f3.<\/em><\/p>\n<p><em>L\u2019insto a donar compliment al comprom\u00eds assolit i a tornar a presentar la Proposici\u00f3 de llei de regulaci\u00f3 de la segona activitat d\u2019aplicaci\u00f3 al Cos de Bombers de la Generalitat de Catalunya, al de Mossos d\u2019Esquadra i al de les Policies Locals, per a la seva tramitaci\u00f3 durant el proper semestre.<\/em><\/p>\n<p><em>En el seu moment, les associacions van acceptar amb rotunda normalitat, que fos tramitat en pon\u00e8ncia. Aix\u00ed se li d\u00f3na veu a totes les parts interessades i es poden aclarir i modificar aquells errors, com tamb\u00e9 millorar alguna cosa, donat que certes situacions (vitals, socials) van molt m\u00e9s r\u00e0pides que l\u2019aprovaci\u00f3 d\u2019una Llei.<\/em><\/p>\n<p><em>Gr\u00e0cies per la seva atenci\u00f3, restem a la seva disposici\u00f3, i evitem entre tots que es continu\u00efn discriminant funcionaris amb una discapacitat.<\/em><\/p>\n<p><em>Atentament,<\/em><\/p>\n<p><em>\u00c0ngel G\u00f3mez-Quintero i M\u00f2ra<\/em><\/p>\n<p><em>President d\u2019Ail-Med, en representaci\u00f3 de les tres associacions Ail-Med, Ail-Bod i Ail-Pold.\u201d<\/em>    \t<\/p>\n","protected":false},"excerpt":{"rendered":"<p>&nbsp; &nbsp; ailmed.wordpress.com Repassem el que ha passsat fins ara de forma esquem\u00e0tica: El 13 de juliol de 2015 tots el partits amb representaci\u00f3 al Parlament de Catalunya van presentar &#8230; <\/p>\n<p class=\"read-more-container\"><a title=\"Carta als Grups Parlamentaris perqu\u00e8 compleixin el seu comprom\u00eds de presentar la Proposici\u00f3 de Llei de segona activitat\" class=\"read-more button\" href=\"https:\/\/ccoo.app\/ajuntamentbarcelona\/carta-als-grups-parlamentaris-perque-compleixin-el-seu-compromis-de-presentar-la-proposicio-de-llei-de-segona-activitat\/#more-9783\" aria-label=\"M\u00e9s informaci\u00f3 sobre Carta als Grups Parlamentaris perqu\u00e8 compleixin el seu comprom\u00eds de presentar la Proposici\u00f3 de Llei de segona activitat\">Llegeix-ne m\u00e9s \u00bb<\/a><\/p>\n","protected":false},"author":97114,"featured_media":475,"comment_status":"open","ping_status":"open","sticky":false,"template":"","format":"standard","meta":{"footnotes":""},"categories":[303],"tags":[],"class_list":["post-9783","post","type-post","status-publish","format-standard","has-post-thumbnail","hentry","category-guardia-urbana","generate-columns","tablet-grid-50","mobile-grid-100","grid-parent","grid-33"],"_links":{"self":[{"href":"https:\/\/ccoo.app\/ajuntamentbarcelona\/wp-json\/wp\/v2\/posts\/9783","targetHints":{"allow":["GET"]}}],"collection":[{"href":"https:\/\/ccoo.app\/ajuntamentbarcelona\/wp-json\/wp\/v2\/posts"}],"about":[{"href":"https:\/\/ccoo.app\/ajuntamentbarcelona\/wp-json\/wp\/v2\/types\/post"}],"author":[{"embeddable":true,"href":"https:\/\/ccoo.app\/ajuntamentbarcelona\/wp-json\/wp\/v2\/users\/97114"}],"replies":[{"embeddable":true,"href":"https:\/\/ccoo.app\/ajuntamentbarcelona\/wp-json\/wp\/v2\/comments?post=9783"}],"version-history":[{"count":0,"href":"https:\/\/ccoo.app\/ajuntamentbarcelona\/wp-json\/wp\/v2\/posts\/9783\/revisions"}],"wp:featuredmedia":[{"embeddable":true,"href":"https:\/\/ccoo.app\/ajuntamentbarcelona\/wp-json\/wp\/v2\/media\/475"}],"wp:attachment":[{"href":"https:\/\/ccoo.app\/ajuntamentbarcelona\/wp-json\/wp\/v2\/media?parent=9783"}],"wp:term":[{"taxonomy":"category","embeddable":true,"href":"https:\/\/ccoo.app\/ajuntamentbarcelona\/wp-json\/wp\/v2\/categories?post=9783"},{"taxonomy":"post_tag","embeddable":true,"href":"https:\/\/ccoo.app\/ajuntamentbarcelona\/wp-json\/wp\/v2\/tags?post=9783"}],"curies":[{"name":"wp","href":"https:\/\/api.w.org\/{rel}","templated":true}]}}