{"id":9781,"date":"2016-09-06T12:03:51","date_gmt":"2016-09-06T11:03:51","guid":{"rendered":"https:\/\/gub.ccoo.cat\/?p=464"},"modified":"2016-09-06T12:03:51","modified_gmt":"2016-09-06T11:03:51","slug":"13a-pedalada-cegub-de-btt-per-collserola","status":"publish","type":"post","link":"https:\/\/ccoo.app\/ajuntamentbarcelona\/13a-pedalada-cegub-de-btt-per-collserola\/","title":{"rendered":"13a pedalada ceGUB de BTT per Collserola"},"content":{"rendered":"<h2 style=\"text-align: center\"><strong>13a pedalada ceGUB de BTT per Collserola<\/strong><\/h2>\n<h2 style=\"text-align: center\"><strong>\u00a0Actes Patronals de la Gu\u00e0rdia Urbana de Barcelona<\/strong><\/h2>\n<h2 style=\"text-align: center\"><strong>Memorial Angel Abasolo<\/strong><\/h2>\n<p>&nbsp;<\/p>\n<p><img loading=\"lazy\" decoding=\"async\" class=\" wp-image-467 alignleft\" src=\"https:\/\/gub.ccoo.cat\/wp-content\/uploads\/sites\/13\/2016\/09\/A3Pedalada_2016-1-212x300.jpg\" alt=\"A3Pedalada_2016 (1)\" width=\"423\" height=\"599\" \/>La 13a pedalada \u00e9s una MARXA SOLID\u00c0RIA popular de BTT no competitiva.<\/p>\n<p>&nbsp;<\/p>\n<p><strong>DATA I HORARIS<\/strong>:<\/p>\n<p>&#8211; Dimecres 5 d\u2019octubre 2016, 10:00 hores sortida Vel\u00f2drom d\u2019Horta.<\/p>\n<p>&#8211; De 8:00 a 9:45: recollida de dorsals i inscripcions si sobren dorsals.<\/p>\n<p>&#8211; 13:30 homenatge a Tomi Misser en reconeixement a la seva traject\u00f2ria esportiva.<\/p>\n<p>&#8211; 13:35 lliurament de trofeus especials i sorteig d\u2019obsequis i bicicletes.<\/p>\n<p><strong>PREUS<\/strong>:<\/p>\n<p>&#8211; 15 \u20ac de l\u20191 al 30 de setembre.<\/p>\n<p>&#8211; 20 \u20ac el dia de la pedalada. Limitada a 400 participants.<\/p>\n<p>&#8211; SOLIDARITAT: 1 \u20ac per inscrit es destinar\u00e0 al BANC dels ALIMENTS<strong>. <\/strong>Es poden adquirir POLSERAS CANDELA per investigaci\u00f3 del c\u00e1ncer infantil a Sant Joan de D\u00e9u.<\/p>\n<p><strong>RECORREGUT<\/strong>:<\/p>\n<p>Vel\u00f2drom d\u2019Horta, Germans Desvalls, cam\u00ed Cal Notari, crta Alta de Roquetes, Lli\u00e7\u00e0, cam\u00ed de les Aig\u00fces, Can Cat\u00e0, Can Coll, Can Borrell, Vista Rica, Tur\u00f3 de Santa Maria i Llars Mundet per pistes i camins forestals aptes per a ciclistes iniciats de 38 kms.<\/p>\n<p><strong>SERVEIS<\/strong>:<\/p>\n<p>Aparcament, vestidors, dutxes, megafonia i renta bicicletes al vel\u00f2drom. Tres avituallaments l\u00edquids i s\u00f2lids, assist\u00e8ncia mec\u00e0nica i sanit\u00e0ria. Marcatge del recorregut. Bossa d\u2019obsequis. Sorteig de bicicletes. Trofeus especials.<\/p>\n<p><strong>REGLAMENT<\/strong>:<\/p>\n<p>&#8211; Obligatori l\u2019\u00fas de casc ciclista homologat i placa dorsal davantera.<\/p>\n<p>&#8211; Edat m\u00ednima per a participar \u00e9s de 16 anys.<\/p>\n<p>&#8211; Avituallament dol\u00e7 abans, \u00e0rea Recrativa de Can Coll i entrep\u00e0\/fruita a l\u2019arribada.<\/p>\n<p>&#8211; Tota la marxa ser\u00e0 de velocitat controlada per motos de Gu\u00e0rdia Urbana davant i darrera del grup fins a l\u2019avituallament de Can Coll on es far\u00e0 una reagrupament obligatori. Als 20 minuts de l\u2019arribada del primer participant es tornar\u00e0 a sortir neutralitzat.<\/p>\n<p>&#8211; Les inscripcions s\u2019han de formalitzar a la web <a href=\"http:\/\/bttcegub.blogspot.com\/\">http:\/\/bttcegub.blogspot.com<\/a> o a Ciclosport Mota, pg.Valldaura 243, Barcelona, tf 932760104.<\/p>\n<p>&#8211; Els inscrits que per qualsevol motiu no hagin pogut participar podran recollir la bossa d\u2019obsequis a Ciclosport Mota fins el 31 d\u2019octubre. En cap cas es retornar\u00e0 la inscripci\u00f3.<\/p>\n<p>&#8211; Recordeu que participeu en una marxa popular no competitiva a l\u2019espai protegit del Parc Natural de Collserola i heu de cedir el pas a les persones que vagin a peu, fer cas dels voluntaris i senyalitzacions, respectar els conreus, masies i propietats, no arrencar plantes ni flors, no molestar els animals i llen\u00e7ar les deixalles als bidons i contenidors.    \t<\/p>\n","protected":false},"excerpt":{"rendered":"<p>13a pedalada ceGUB de BTT per Collserola \u00a0Actes Patronals de la Gu\u00e0rdia Urbana de Barcelona Memorial Angel Abasolo &nbsp; La 13a pedalada \u00e9s una MARXA SOLID\u00c0RIA popular de BTT no &#8230; <\/p>\n<p class=\"read-more-container\"><a title=\"13a pedalada ceGUB de BTT per Collserola\" class=\"read-more button\" href=\"https:\/\/ccoo.app\/ajuntamentbarcelona\/13a-pedalada-cegub-de-btt-per-collserola\/#more-9781\" aria-label=\"M\u00e9s informaci\u00f3 sobre 13a pedalada ceGUB de BTT per Collserola\">Llegeix-ne m\u00e9s \u00bb<\/a><\/p>\n","protected":false},"author":97114,"featured_media":9587,"comment_status":"open","ping_status":"open","sticky":false,"template":"","format":"standard","meta":{"footnotes":""},"categories":[303],"tags":[],"class_list":["post-9781","post","type-post","status-publish","format-standard","has-post-thumbnail","hentry","category-guardia-urbana","generate-columns","tablet-grid-50","mobile-grid-100","grid-parent","grid-33"],"_links":{"self":[{"href":"https:\/\/ccoo.app\/ajuntamentbarcelona\/wp-json\/wp\/v2\/posts\/9781","targetHints":{"allow":["GET"]}}],"collection":[{"href":"https:\/\/ccoo.app\/ajuntamentbarcelona\/wp-json\/wp\/v2\/posts"}],"about":[{"href":"https:\/\/ccoo.app\/ajuntamentbarcelona\/wp-json\/wp\/v2\/types\/post"}],"author":[{"embeddable":true,"href":"https:\/\/ccoo.app\/ajuntamentbarcelona\/wp-json\/wp\/v2\/users\/97114"}],"replies":[{"embeddable":true,"href":"https:\/\/ccoo.app\/ajuntamentbarcelona\/wp-json\/wp\/v2\/comments?post=9781"}],"version-history":[{"count":0,"href":"https:\/\/ccoo.app\/ajuntamentbarcelona\/wp-json\/wp\/v2\/posts\/9781\/revisions"}],"wp:featuredmedia":[{"embeddable":true,"href":"https:\/\/ccoo.app\/ajuntamentbarcelona\/wp-json\/wp\/v2\/media\/9587"}],"wp:attachment":[{"href":"https:\/\/ccoo.app\/ajuntamentbarcelona\/wp-json\/wp\/v2\/media?parent=9781"}],"wp:term":[{"taxonomy":"category","embeddable":true,"href":"https:\/\/ccoo.app\/ajuntamentbarcelona\/wp-json\/wp\/v2\/categories?post=9781"},{"taxonomy":"post_tag","embeddable":true,"href":"https:\/\/ccoo.app\/ajuntamentbarcelona\/wp-json\/wp\/v2\/tags?post=9781"}],"curies":[{"name":"wp","href":"https:\/\/api.w.org\/{rel}","templated":true}]}}