{"id":978,"date":"2016-09-06T10:37:21","date_gmt":"2016-09-06T09:37:21","guid":{"rendered":"https:\/\/ccoo.app\/ajuntamentbarcelona\/?p=978"},"modified":"2016-09-06T10:37:21","modified_gmt":"2016-09-06T09:37:21","slug":"colau-comenca-recuperar-serveis-privatitzats","status":"publish","type":"post","link":"https:\/\/ccoo.app\/ajuntamentbarcelona\/colau-comenca-recuperar-serveis-privatitzats\/","title":{"rendered":"Colau comen\u00e7a a recuperar serveis privatitzats"},"content":{"rendered":"<p><img loading=\"lazy\" decoding=\"async\" class=\"size-medium wp-image-979 alignleft\" src=\"http:\/\/ccoo.app\/ajuntamentbarcelona\/wp-content\/blogs.dir\/6\/files\/sites\/228\/2016\/09\/piad-300x200.jpg\" alt=\"piad\" width=\"300\" height=\"200\" srcset=\"https:\/\/ccoo.app\/ajuntamentbarcelona\/wp-content\/blogs.dir\/6\/files\/sites\/228\/2016\/09\/piad-300x200.jpg 300w, https:\/\/ccoo.app\/ajuntamentbarcelona\/wp-content\/blogs.dir\/6\/files\/sites\/228\/2016\/09\/piad-1024x683.jpg 1024w, https:\/\/ccoo.app\/ajuntamentbarcelona\/wp-content\/blogs.dir\/6\/files\/sites\/228\/2016\/09\/piad-768x512.jpg 768w, https:\/\/ccoo.app\/ajuntamentbarcelona\/wp-content\/blogs.dir\/6\/files\/sites\/228\/2016\/09\/piad-1536x1024.jpg 1536w, https:\/\/ccoo.app\/ajuntamentbarcelona\/wp-content\/blogs.dir\/6\/files\/sites\/228\/2016\/09\/piad.jpg 1960w\" sizes=\"auto, (max-width: 300px) 100vw, 300px\" \/><a href=\"http:\/\/cat.elpais.com\/cat\/2016\/09\/04\/catalunya\/1473013446_704860.html?id_externo_rsoc=TW_CM\">cat.elpais.com<\/a><\/p>\n<p>La p\u00e8rdua de plantilla que ha viscut l&#8217;<a href=\"http:\/\/cat.elpais.com\/tag\/c\/ded533b04f25a8751f7ba0bcc28f6378\" target=\"_blank\" rel=\"noopener\">Ajuntament de Barcelona<\/a> en els \u00faltims 10 anys s&#8217;est\u00e0 revertint. Desenes de treballadors deixen aquests dies les seves empreses per signar nous contractes amb el Consistori. Abans que finalitzi l&#8217;any, m\u00e9s d&#8217;un centenar ho hauran fet i al final del mandat seran 1.200 persones. Les primeres, les 31 educadores de les tres guarderies p\u00fabliques obertes durant el darrer mandat amb la gesti\u00f3 ja externalitzada (EBM Caspolino, Enxaneta i Els Patufets de Navas). Elles van signar el nou contracte divendres.<\/p>\n<p>Les seguiran les 37 treballadores del Servei d&#8217;Atenci\u00f3, Recuperaci\u00f3 i Acollida de Dones i els 24 empleats dels Punts d&#8217;Informaci\u00f3 i Atenci\u00f3 a la Dona. La municipalitzaci\u00f3 de tots dos serveis, que ampliaran la plantilla i milloraran la metodologia, va ser una de les condicions de la CUP a canvi d&#8217;avalar l&#8217;ampliaci\u00f3 pressupost\u00e0ria proposta pel govern municipal.<\/p>\n<p><a href=\"http:\/\/cat.elpais.com\/tag\/btv_barcelona_televisio\/a\" target=\"_blank\" rel=\"noopener\">L&#8217;Ajuntament tamb\u00e9 assumir\u00e0 els treballadors de Barcelona Televisi\u00f3<\/a> (BTV), que havien portat el seu cas als tribunals i obtenien sent\u00e8ncies favorables. Per a m\u00e9s endavant queden dues de les m\u00e9s importants previstes per abans de finalitzar mandat: una comercialitzadora el\u00e8ctrica i la gesti\u00f3 de l&#8217;aigua, que seria mancomunada en dependre de l&#8217;\u00c0rea Metropolitana de Barcelona.<\/p>\n<p>Els serveis que es municipalitzen s\u00f3n els considerats \u201cessencials i estrat\u00e8gics\u201d. I es valora si treballen amb informaci\u00f3 confidencial, la compet\u00e8ncia \u00e9s plenament municipal, es duen a terme en equipaments municipals i la inversi\u00f3 no \u00e9s gaire alta. De fet, els serveis es recuperen a mesura que els contractes s&#8217;esgoten. Colau confia a ampliar un 10% la plantilla durant el seu mandat, que \u00e9s de 12.000 treballadors. En alguns casos es recupera una gesti\u00f3 que era p\u00fablica, tot i que la majoria s\u00f3n serveis que van n\u00e9ixer externalitzats. Aquest 2016 s&#8217;han convocat 20 borses de treball que implicaran ampliar la plantilla de treballadors socials i educadors, entre d&#8217;altres.<\/p>\n<section id=\"sumario_1|apoyos\" class=\"sumario_apoyos derecha\"><a name=\"sumario_1\"><\/a><\/p>\n<div class=\"sumario__interior\">\n<header class=\"sumario-encabezado\">\n<h3 class=\"sumario-titulo\"><span class=\"sin_enlace\">M\u00c9S INFORMACI\u00d3<\/span><\/h3>\n<\/header>\n<div class=\"sumario-texto\">\n<div class=\"apoyos\">\n<ul class=\"apoyos-listado\">\n<li class=\"apoyo_ apoyo_sinfoto\"><span class=\"apoyo-titulo\"><a href=\"http:\/\/cat.elpais.com\/cat\/2016\/03\/20\/economia\/1458496057_609201.html\">El conflictes laborals compliquen la gesti\u00f3 de Colau<\/a><\/span><\/li>\n<li class=\"apoyo_ apoyo_sinfoto\"><span class=\"apoyo-titulo\"><a href=\"http:\/\/cat.elpais.com\/cat\/2016\/04\/22\/catalunya\/1461320696_241040.html\">Barcelona vol contractar 1.900 treballadors p\u00fablics fins al 2019<\/a><\/span><\/li>\n<\/ul>\n<\/div>\n<\/div>\n<\/div>\n<\/section>\n<p>L&#8217;Ajuntament ha convocat els sindicats per exposar-los el pla, que s&#8217;haur\u00e0 de votar. La subrogaci\u00f3 es fa amb les mateixes condicions que tenien els treballadors a les seves empreses. Aix\u00ed, hi haur\u00e0 treballadors que cobraran fins a un 30% menys per les mateixes funcions. \u201c\u00c9s una situaci\u00f3 injusta. Hauria de ser un mateix salari per la mateixa feina, per\u00f2 \u00e9s una bona not\u00edcia\u201d, lamenta una de les mestres que ja ha signat el contracte.<\/p>\n<p>Les municipalitzacions de m\u00e9s import\u00e0ncia, que trigaran, s\u00f3n les gestions de l&#8217;electricitat i de l&#8217;aigua, que han de passar pel ple. L&#8217;Ajuntament preveu instal\u00b7lar plaques fotovoltaiques en espais p\u00fablics i privats, a partir d&#8217;acords amb cooperatives i particulars que vulguin llogar els seus patis per obtenir energia renovable. Despr\u00e9s la distribuir\u00e0 entre els edificis p\u00fablics i en vendr\u00e0 l&#8217;excedent.<\/p>\n<p>Respecte al servei de l&#8217;aigua, el TSJC va anul\u00b7lar al mar\u00e7 la concessi\u00f3 que l&#8217;\u00c0rea Metropolitana va fer del servei a una empresa mixta formada amb Agbar, per\u00f2 l&#8217;empresa va rec\u00f3rrer al Suprem. Si la sent\u00e8ncia acaba sent ferma, es preveu una \u201crecuperaci\u00f3 mancomunada de la gesti\u00f3 de l&#8217;aigua\u201d.<\/p>\n","protected":false},"excerpt":{"rendered":"<p>cat.elpais.com La p\u00e8rdua de plantilla que ha viscut l&#8217;Ajuntament de Barcelona en els \u00faltims 10 anys s&#8217;est\u00e0 revertint. Desenes de treballadors deixen aquests dies les seves empreses per signar nous &#8230; <\/p>\n<p class=\"read-more-container\"><a title=\"Colau comen\u00e7a a recuperar serveis privatitzats\" class=\"read-more button\" href=\"https:\/\/ccoo.app\/ajuntamentbarcelona\/colau-comenca-recuperar-serveis-privatitzats\/#more-978\" aria-label=\"M\u00e9s informaci\u00f3 sobre Colau comen\u00e7a a recuperar serveis privatitzats\">Llegeix-ne m\u00e9s \u00bb<\/a><\/p>\n","protected":false},"author":97112,"featured_media":979,"comment_status":"open","ping_status":"open","sticky":false,"template":"","format":"standard","meta":{"footnotes":""},"categories":[304],"tags":[],"class_list":["post-978","post","type-post","status-publish","format-standard","has-post-thumbnail","hentry","category-ajuntament","generate-columns","tablet-grid-50","mobile-grid-100","grid-parent","grid-33"],"_links":{"self":[{"href":"https:\/\/ccoo.app\/ajuntamentbarcelona\/wp-json\/wp\/v2\/posts\/978","targetHints":{"allow":["GET"]}}],"collection":[{"href":"https:\/\/ccoo.app\/ajuntamentbarcelona\/wp-json\/wp\/v2\/posts"}],"about":[{"href":"https:\/\/ccoo.app\/ajuntamentbarcelona\/wp-json\/wp\/v2\/types\/post"}],"author":[{"embeddable":true,"href":"https:\/\/ccoo.app\/ajuntamentbarcelona\/wp-json\/wp\/v2\/users\/97112"}],"replies":[{"embeddable":true,"href":"https:\/\/ccoo.app\/ajuntamentbarcelona\/wp-json\/wp\/v2\/comments?post=978"}],"version-history":[{"count":0,"href":"https:\/\/ccoo.app\/ajuntamentbarcelona\/wp-json\/wp\/v2\/posts\/978\/revisions"}],"wp:featuredmedia":[{"embeddable":true,"href":"https:\/\/ccoo.app\/ajuntamentbarcelona\/wp-json\/wp\/v2\/media\/979"}],"wp:attachment":[{"href":"https:\/\/ccoo.app\/ajuntamentbarcelona\/wp-json\/wp\/v2\/media?parent=978"}],"wp:term":[{"taxonomy":"category","embeddable":true,"href":"https:\/\/ccoo.app\/ajuntamentbarcelona\/wp-json\/wp\/v2\/categories?post=978"},{"taxonomy":"post_tag","embeddable":true,"href":"https:\/\/ccoo.app\/ajuntamentbarcelona\/wp-json\/wp\/v2\/tags?post=978"}],"curies":[{"name":"wp","href":"https:\/\/api.w.org\/{rel}","templated":true}]}}