{"id":9779,"date":"2016-09-05T08:24:09","date_gmt":"2016-09-05T07:24:09","guid":{"rendered":"https:\/\/gub.ccoo.cat\/?p=458"},"modified":"2016-09-05T08:24:09","modified_gmt":"2016-09-05T07:24:09","slug":"barcelona-desmenteix-cap-previsio-per-incorporar-manters-a-la-guardia-urbana","status":"publish","type":"post","link":"https:\/\/ccoo.app\/ajuntamentbarcelona\/barcelona-desmenteix-cap-previsio-per-incorporar-manters-a-la-guardia-urbana\/","title":{"rendered":"Barcelona desmenteix cap previsi\u00f3 per incorporar manters a la Gu\u00e0rdia Urbana"},"content":{"rendered":"<p><a href=\"http:\/\/policia.cat\/urbana\/barcelona-desmenteix-cap-previsio-per-incorporar-manters-a-la-guardia-urbana\/2569\"><img loading=\"lazy\" decoding=\"async\" class=\"size-medium wp-image-400 alignleft\" src=\"https:\/\/gub.ccoo.cat\/wp-content\/uploads\/sites\/13\/2016\/07\/turistas-paseando-entre-mantas-que-ofrecen-todo-tipo-mercancias-1467236180374-300x162.jpg\" alt=\"turistas-paseando-entre-mantas-que-ofrecen-todo-tipo-mercancias-1467236180374\" width=\"300\" height=\"162\" \/>policia.cat<\/a><\/p>\n<p>En una nota enviada avui als sindicats amb representaci\u00f3 a la Gu\u00e0rdia Urbana de Barcelona, la Ger\u00e8ncia de Seguretat de l\u2019Ajuntament de Barcelona ha desmentit que hi hagi cap plantejament per incorporar persones que exerceixen la venda ambulant no autoritzada al cos de policia municipal.<\/p>\n<div>El comunicat arriba despr\u00e9s de que <a href=\"http:\/\/www.alertadigital.com\/2016\/08\/29\/ada-colau-contempla-el-ingreso-de-manteros-subsaharianos-en-la-guardia-urbana-para-enfrentarse-a-la-venta-ilegal\/\">el mitj\u00e0 Alerta Digital va publicar una not\u00edcia en que s\u2019afirmava que l\u2019executiu municipal t\u00e9 previst incorporar en funcions policials a manters procedent del col\u00b7lectiu<\/a>, i que aquesta mesura comptava amb el suport del Comissionat Recasens i de la Ger\u00e8ncia Municipal.<\/div>\n<div><\/div>\n<div>La nota afegeix que la informaci\u00f3 publicada \u00e9s \u201cfalsa i tendenciosa\u201d i que en cap moment el mitj\u00e0 que la va publicar ha contactat amb Alcaldia o la Direcci\u00f3 de la Ger\u00e8ncia de Seguretat.<\/div>\n<div><\/div>\n<div>La nota conclou que l\u2019acc\u00e9s al cos municipal est\u00e0 reglat per la legislaci\u00f3 vigent i que qualsevol persona que ho desitgi es pot integrar a la Gu\u00e0rdia Urbana de Barcelona, sempre i quan es compleixin els requisits previstos i es superi el proc\u00e9s selectiu.<\/div>\n","protected":false},"excerpt":{"rendered":"<p>policia.cat En una nota enviada avui als sindicats amb representaci\u00f3 a la Gu\u00e0rdia Urbana de Barcelona, la Ger\u00e8ncia de Seguretat de l\u2019Ajuntament de Barcelona ha desmentit que hi hagi cap &#8230; <\/p>\n<p class=\"read-more-container\"><a title=\"Barcelona desmenteix cap previsi\u00f3 per incorporar manters a la Gu\u00e0rdia Urbana\" class=\"read-more button\" href=\"https:\/\/ccoo.app\/ajuntamentbarcelona\/barcelona-desmenteix-cap-previsio-per-incorporar-manters-a-la-guardia-urbana\/#more-9779\" aria-label=\"M\u00e9s informaci\u00f3 sobre Barcelona desmenteix cap previsi\u00f3 per incorporar manters a la Gu\u00e0rdia Urbana\">Llegeix-ne m\u00e9s \u00bb<\/a><\/p>\n","protected":false},"author":97114,"featured_media":9570,"comment_status":"closed","ping_status":"open","sticky":false,"template":"","format":"standard","meta":{"footnotes":""},"categories":[303],"tags":[],"class_list":["post-9779","post","type-post","status-publish","format-standard","has-post-thumbnail","hentry","category-guardia-urbana","generate-columns","tablet-grid-50","mobile-grid-100","grid-parent","grid-33"],"_links":{"self":[{"href":"https:\/\/ccoo.app\/ajuntamentbarcelona\/wp-json\/wp\/v2\/posts\/9779","targetHints":{"allow":["GET"]}}],"collection":[{"href":"https:\/\/ccoo.app\/ajuntamentbarcelona\/wp-json\/wp\/v2\/posts"}],"about":[{"href":"https:\/\/ccoo.app\/ajuntamentbarcelona\/wp-json\/wp\/v2\/types\/post"}],"author":[{"embeddable":true,"href":"https:\/\/ccoo.app\/ajuntamentbarcelona\/wp-json\/wp\/v2\/users\/97114"}],"replies":[{"embeddable":true,"href":"https:\/\/ccoo.app\/ajuntamentbarcelona\/wp-json\/wp\/v2\/comments?post=9779"}],"version-history":[{"count":0,"href":"https:\/\/ccoo.app\/ajuntamentbarcelona\/wp-json\/wp\/v2\/posts\/9779\/revisions"}],"wp:featuredmedia":[{"embeddable":true,"href":"https:\/\/ccoo.app\/ajuntamentbarcelona\/wp-json\/wp\/v2\/media\/9570"}],"wp:attachment":[{"href":"https:\/\/ccoo.app\/ajuntamentbarcelona\/wp-json\/wp\/v2\/media?parent=9779"}],"wp:term":[{"taxonomy":"category","embeddable":true,"href":"https:\/\/ccoo.app\/ajuntamentbarcelona\/wp-json\/wp\/v2\/categories?post=9779"},{"taxonomy":"post_tag","embeddable":true,"href":"https:\/\/ccoo.app\/ajuntamentbarcelona\/wp-json\/wp\/v2\/tags?post=9779"}],"curies":[{"name":"wp","href":"https:\/\/api.w.org\/{rel}","templated":true}]}}